{"id":143,"date":"2024-04-16T18:14:57","date_gmt":"2024-04-16T18:14:57","guid":{"rendered":"https:\/\/www.real.edu.ee\/ajaveeb\/141c\/?p=143"},"modified":"2024-05-22T21:03:50","modified_gmt":"2024-05-22T21:03:50","slug":"huvastijatt-139-lennuga","status":"publish","type":"post","link":"https:\/\/www.real.edu.ee\/ajaveeb\/141c\/2024\/04\/16\/huvastijatt-139-lennuga\/","title":{"rendered":"H\u00fcvastij\u00e4tt 139. lennuga"},"content":{"rendered":"<p><span style=\"font-weight: 400;font-family: 'times new roman', times, serif\">16. aprillil toimus kooli aulas traditsioonile l\u00f5pukella aktus, kus j\u00e4tsime h\u00fcvasti 139. lennuga. See oli nende jaoks viimane koolitundidega p\u00e4ev ning v\u00e4ga paljudel olid aktuse l\u00f5puks pisarad silmis. K\u00f5ik 12. klasside \u00f5pilased ja nende klassijuhatajad olid ilusates rahvariietes. Esmalt pidas k\u00f5ne direktor Ene Saar, siis klassijuhataja Natalja Siniorg ning viimasena Simone Saar.\u00a0<\/span><\/p>\n<p><img loading=\"lazy\" decoding=\"async\" class=\"alignnone wp-image-146\" style=\"margin-top: 0px\" src=\"http:\/\/www.real.edu.ee\/ajaveeb\/141c\/files\/2024\/04\/image-300x182.png\" alt=\"\" width=\"564\" height=\"342\" srcset=\"https:\/\/www.real.edu.ee\/ajaveeb\/141c\/files\/2024\/04\/image-300x182.png 300w, https:\/\/www.real.edu.ee\/ajaveeb\/141c\/files\/2024\/04\/image.png 614w\" sizes=\"auto, (max-width: 564px) 100vw, 564px\" \/><\/p>\n<p><span style=\"color: #808080\">Autor: Ingrid Kuusk<\/span><\/p>\n<p><span style=\"font-family: 'times new roman', times, serif\">Peale aktust suundusime tagasi klassi ja m\u00f5ni minut p\u00e4rast tunni algust jooksid abituriendid k\u00e4sik\u00e4es klassiuksest sisse lauldes. Kui koolimaja oli l\u00e4bi joostud l\u00e4ksid nad edasi Rocca al Mare vaba\u00f5humuuseumisse seltskonnatantse tantsima. See p\u00e4ev j\u00e4\u00e4b alatiseks meile k\u00f5igile meelde.\u00a0<\/span><\/p>\n<p><em><span style=\"font-family: 'times new roman', times, serif\">Autor: Brita Kalle<\/span><\/em><\/p>\n","protected":false},"excerpt":{"rendered":"<p>16. aprillil toimus kooli aulas traditsioonile l\u00f5pukella aktus, kus j\u00e4tsime h\u00fcvasti 139. lennuga. See oli nende jaoks viimane koolitundidega p\u00e4ev ning v\u00e4ga paljudel olid aktuse l\u00f5puks pisarad silmis. K\u00f5ik 12. klasside \u00f5pilased ja nende klassijuhatajad olid ilusates rahvariietes. Esmalt pidas k\u00f5ne direktor Ene Saar, siis klassijuhataja Natalja Siniorg ning viimasena Simone Saar.\u00a0 Autor: Ingrid Kuusk [&hellip;]<\/p>\n","protected":false},"author":210,"featured_media":0,"comment_status":"closed","ping_status":"open","sticky":false,"template":"","format":"standard","meta":{"footnotes":""},"categories":[2,12],"tags":[],"class_list":["post-143","post","type-post","status-publish","format-standard","hentry","category-10-klass","category-aprill-2024"],"_links":{"self":[{"href":"https:\/\/www.real.edu.ee\/ajaveeb\/141c\/wp-json\/wp\/v2\/posts\/143","targetHints":{"allow":["GET"]}}],"collection":[{"href":"https:\/\/www.real.edu.ee\/ajaveeb\/141c\/wp-json\/wp\/v2\/posts"}],"about":[{"href":"https:\/\/www.real.edu.ee\/ajaveeb\/141c\/wp-json\/wp\/v2\/types\/post"}],"author":[{"embeddable":true,"href":"https:\/\/www.real.edu.ee\/ajaveeb\/141c\/wp-json\/wp\/v2\/users\/210"}],"replies":[{"embeddable":true,"href":"https:\/\/www.real.edu.ee\/ajaveeb\/141c\/wp-json\/wp\/v2\/comments?post=143"}],"version-history":[{"count":5,"href":"https:\/\/www.real.edu.ee\/ajaveeb\/141c\/wp-json\/wp\/v2\/posts\/143\/revisions"}],"predecessor-version":[{"id":150,"href":"https:\/\/www.real.edu.ee\/ajaveeb\/141c\/wp-json\/wp\/v2\/posts\/143\/revisions\/150"}],"wp:attachment":[{"href":"https:\/\/www.real.edu.ee\/ajaveeb\/141c\/wp-json\/wp\/v2\/media?parent=143"}],"wp:term":[{"taxonomy":"category","embeddable":true,"href":"https:\/\/www.real.edu.ee\/ajaveeb\/141c\/wp-json\/wp\/v2\/categories?post=143"},{"taxonomy":"post_tag","embeddable":true,"href":"https:\/\/www.real.edu.ee\/ajaveeb\/141c\/wp-json\/wp\/v2\/tags?post=143"}],"curies":[{"name":"wp","href":"https:\/\/api.w.org\/{rel}","templated":true}]}}