{"id":122,"date":"2024-04-05T20:07:38","date_gmt":"2024-04-05T20:07:38","guid":{"rendered":"https:\/\/www.real.edu.ee\/ajaveeb\/141c\/?p=122"},"modified":"2024-05-22T21:04:02","modified_gmt":"2024-05-22T21:04:02","slug":"meri-mollab-ehk-mere-pidu","status":"publish","type":"post","link":"https:\/\/www.real.edu.ee\/ajaveeb\/141c\/2024\/04\/05\/meri-mollab-ehk-mere-pidu\/","title":{"rendered":"Meri m\u00f6llab ehk mere pidu"},"content":{"rendered":"<p><span style=\"font-weight: 400;font-family: 'times new roman', times, serif\">Kalevi spordihallis toimus kolmap\u00e4eval, 3. aprillil Tallinna Reaalkooli p\u00f5hikooli korraldatud mereteemaline laulu- ja tantsupidu \u201cMere pidu\u201d. \u201cMere peole\u201d oli kutsutud kogu koolipere koos lastevanematega. Peol lauldi ning tantsiti erinevaid mereteemalisi laule, mida esitasid esimese klassi \u00f5pilased kuni abituuriumini v\u00e4lja. Tantsup\u00f5randal oli isegi n\u00e4ha \u00f5petajaid. 141. c klassi \u00f5pilasi oli tantsulaval n\u00e4ha g\u00fcmnaasiumi segar\u00fchmas. Meie klassist laulis laval\u00a0 Eva-Maria Tammik koos Indrek Vahuriga (vil!137) Jaan T\u00e4tte kirjutatud laulu \u201cTuulevaiksel \u00f6\u00f6l\u201d. T\u00e4name peo juhte Peeter Veltmanni ja M\u00e4rt Agu ning b\u00e4ndi koosseisus: Martin Trudnikov (vil!130) \u2013 akordionil, Kristjan-Robert Rebane \u2013 basskitarril, Karl Madis Pennar \u2013 kitarril, Kristjan M\u00e4ngel \u2013 trummidel.<\/span><\/p>\n<p><span style=\"font-family: 'times new roman', times, serif\"><span style=\"font-weight: 400\">Videokokkuv\u00f5tet laulu- ja tantsupeost \u201cMere pidu\u201d saab vaadata j\u00e4rgi: https:\/\/youtu.be\/06ViI78XwaY?si=zJpEuMfKCu93gdmT<\/span><\/span><\/p>\n<p><span style=\"font-family: 'times new roman', times, serif\"><em>Autor: Oliver Rahn<\/em><\/span><\/p>\n","protected":false},"excerpt":{"rendered":"<p>Kalevi spordihallis toimus kolmap\u00e4eval, 3. aprillil Tallinna Reaalkooli p\u00f5hikooli korraldatud mereteemaline laulu- ja tantsupidu \u201cMere pidu\u201d. \u201cMere peole\u201d oli kutsutud kogu koolipere koos lastevanematega. Peol lauldi ning tantsiti erinevaid mereteemalisi laule, mida esitasid esimese klassi \u00f5pilased kuni abituuriumini v\u00e4lja. Tantsup\u00f5randal oli isegi n\u00e4ha \u00f5petajaid. 141. c klassi \u00f5pilasi oli tantsulaval n\u00e4ha g\u00fcmnaasiumi segar\u00fchmas. Meie klassist [&hellip;]<\/p>\n","protected":false},"author":210,"featured_media":0,"comment_status":"closed","ping_status":"open","sticky":false,"template":"","format":"standard","meta":{"footnotes":""},"categories":[2,12],"tags":[],"class_list":["post-122","post","type-post","status-publish","format-standard","hentry","category-10-klass","category-aprill-2024"],"_links":{"self":[{"href":"https:\/\/www.real.edu.ee\/ajaveeb\/141c\/wp-json\/wp\/v2\/posts\/122","targetHints":{"allow":["GET"]}}],"collection":[{"href":"https:\/\/www.real.edu.ee\/ajaveeb\/141c\/wp-json\/wp\/v2\/posts"}],"about":[{"href":"https:\/\/www.real.edu.ee\/ajaveeb\/141c\/wp-json\/wp\/v2\/types\/post"}],"author":[{"embeddable":true,"href":"https:\/\/www.real.edu.ee\/ajaveeb\/141c\/wp-json\/wp\/v2\/users\/210"}],"replies":[{"embeddable":true,"href":"https:\/\/www.real.edu.ee\/ajaveeb\/141c\/wp-json\/wp\/v2\/comments?post=122"}],"version-history":[{"count":5,"href":"https:\/\/www.real.edu.ee\/ajaveeb\/141c\/wp-json\/wp\/v2\/posts\/122\/revisions"}],"predecessor-version":[{"id":127,"href":"https:\/\/www.real.edu.ee\/ajaveeb\/141c\/wp-json\/wp\/v2\/posts\/122\/revisions\/127"}],"wp:attachment":[{"href":"https:\/\/www.real.edu.ee\/ajaveeb\/141c\/wp-json\/wp\/v2\/media?parent=122"}],"wp:term":[{"taxonomy":"category","embeddable":true,"href":"https:\/\/www.real.edu.ee\/ajaveeb\/141c\/wp-json\/wp\/v2\/categories?post=122"},{"taxonomy":"post_tag","embeddable":true,"href":"https:\/\/www.real.edu.ee\/ajaveeb\/141c\/wp-json\/wp\/v2\/tags?post=122"}],"curies":[{"name":"wp","href":"https:\/\/api.w.org\/{rel}","templated":true}]}}