{"id":1,"date":"2023-09-24T17:43:16","date_gmt":"2023-09-24T17:43:16","guid":{"rendered":"https:\/\/www.real.edu.ee\/ajaveeb\/141c\/?p=1"},"modified":"2024-05-22T21:21:26","modified_gmt":"2024-05-22T21:21:26","slug":"tere-tere","status":"publish","type":"post","link":"https:\/\/www.real.edu.ee\/ajaveeb\/141c\/2023\/09\/24\/tere-tere\/","title":{"rendered":"10. klassi algus: uus hooaeg Reaalkoolis"},"content":{"rendered":"<p><span style=\"font-weight: 400;font-family: 'times new roman', times, serif;font-size: 12pt\">S<span style=\"font-size: 10pt\">eptembri esimene p\u00e4ev t\u00f5i kaasa palju ootus\u00e4revust ja elevust. See oli p\u00e4ev, mil astusime uude etappi meie haridusteel: g\u00fcmnaasium. Meie klass koondab endas nii insenere kui ka majanduseksperte.\u00a0 \u00a0<\/span><\/span><\/p>\n<p><span style=\"font-weight: 400;font-size: 10pt\"><span style=\"font-family: 'times new roman', times, serif\">Esimene september m\u00f6\u00f6dus meeleolukalt. Aktusel tutvusime oma uute klassikaaslaste ja klassijuhatajaga. Nagu allolevalt pildilt n\u00e4ha, saime \u00f5nnistatud ka meie peanuppudele langenud kuldsakiliste koolim\u00fctsidega.<br \/>\n<\/span><br \/>\n<img loading=\"lazy\" decoding=\"async\" class=\"alignnone wp-image-57\" src=\"http:\/\/www.real.edu.ee\/ajaveeb\/141c\/files\/2023\/09\/o5j96GfE-300x200.jpeg\" alt=\"\" width=\"431\" height=\"287\" srcset=\"https:\/\/www.real.edu.ee\/ajaveeb\/141c\/files\/2023\/09\/o5j96GfE-300x200.jpeg 300w, https:\/\/www.real.edu.ee\/ajaveeb\/141c\/files\/2023\/09\/o5j96GfE-1024x683.jpeg 1024w, https:\/\/www.real.edu.ee\/ajaveeb\/141c\/files\/2023\/09\/o5j96GfE-768x512.jpeg 768w, https:\/\/www.real.edu.ee\/ajaveeb\/141c\/files\/2023\/09\/o5j96GfE-1536x1024.jpeg 1536w, https:\/\/www.real.edu.ee\/ajaveeb\/141c\/files\/2023\/09\/o5j96GfE.jpeg 2048w\" sizes=\"auto, (max-width: 431px) 100vw, 431px\" \/><img loading=\"lazy\" decoding=\"async\" class=\"alignnone wp-image-118\" src=\"http:\/\/www.real.edu.ee\/ajaveeb\/141c\/files\/2023\/09\/WNuK1wzU-1-300x200.jpeg\" alt=\"\" width=\"431\" height=\"287\" srcset=\"https:\/\/www.real.edu.ee\/ajaveeb\/141c\/files\/2023\/09\/WNuK1wzU-1-300x200.jpeg 300w, https:\/\/www.real.edu.ee\/ajaveeb\/141c\/files\/2023\/09\/WNuK1wzU-1-1024x683.jpeg 1024w, https:\/\/www.real.edu.ee\/ajaveeb\/141c\/files\/2023\/09\/WNuK1wzU-1-768x512.jpeg 768w, https:\/\/www.real.edu.ee\/ajaveeb\/141c\/files\/2023\/09\/WNuK1wzU-1-1536x1024.jpeg 1536w, https:\/\/www.real.edu.ee\/ajaveeb\/141c\/files\/2023\/09\/WNuK1wzU-1.jpeg 2048w\" sizes=\"auto, (max-width: 431px) 100vw, 431px\" \/><br \/>\n<span style=\"font-family: 'times new roman', times, serif;color: #808080\">Autor: Sander Kaur<\/span><\/span><\/p>\n<p><span style=\"font-size: 10pt;font-family: 'times new roman', times, serif\"><span style=\"font-weight: 400\"><span style=\"font-size: 10pt\">Uus \u00f5ppeaasta toob kindlasti palju v\u00e4ljakutseid, kuid oleme valmis nendega silmitsi seisma. Oleme valmis \u00fcksteist toetama, jagama teadmisi ja kogemusi ning looma uusi s\u00f5prussuhted. Reaalkool on koht, kus saame mitte ainult omandada uusi teadmisi ja oskusi, vaid ka avastada oma tugevusi ja huvisid. Oleme p\u00f5nevil selle uue etapi ees, mis pakub meile v\u00f5imalusi kasvada ja areneda. Nii et olgu see \u00f5ppeaasta meile t\u00e4is avastusi, saavutusi ja ennek\u00f5ike m\u00e4lestusi. Oleme valmis astuma vastu k\u00f5igele, mis meid ees ootab, ja looma tugeva kogukonna, mis toetab \u00fcksteist kogu meie g\u00fcmnaasiumi ajal.<\/span><br \/>\n<span style=\"font-size: 10pt\"><em><br \/>\nAutor: Kaarel Johannes Rodima<\/em><\/span><br \/>\n<\/span><\/span><\/p>\n","protected":false},"excerpt":{"rendered":"<p>Septembri esimene p\u00e4ev t\u00f5i kaasa palju ootus\u00e4revust ja elevust. See oli p\u00e4ev, mil astusime uude etappi meie haridusteel: g\u00fcmnaasium. Meie klass koondab endas nii insenere kui ka majanduseksperte.\u00a0 \u00a0 Esimene september m\u00f6\u00f6dus meeleolukalt. Aktusel tutvusime oma uute klassikaaslaste ja klassijuhatajaga. Nagu allolevalt pildilt n\u00e4ha, saime \u00f5nnistatud ka meie peanuppudele langenud kuldsakiliste koolim\u00fctsidega. Autor: Sander Kaur [&hellip;]<\/p>\n","protected":false},"author":1,"featured_media":0,"comment_status":"open","ping_status":"open","sticky":false,"template":"","format":"standard","meta":{"footnotes":""},"categories":[2,5],"tags":[],"class_list":["post-1","post","type-post","status-publish","format-standard","hentry","category-10-klass","category-september-2023"],"_links":{"self":[{"href":"https:\/\/www.real.edu.ee\/ajaveeb\/141c\/wp-json\/wp\/v2\/posts\/1","targetHints":{"allow":["GET"]}}],"collection":[{"href":"https:\/\/www.real.edu.ee\/ajaveeb\/141c\/wp-json\/wp\/v2\/posts"}],"about":[{"href":"https:\/\/www.real.edu.ee\/ajaveeb\/141c\/wp-json\/wp\/v2\/types\/post"}],"author":[{"embeddable":true,"href":"https:\/\/www.real.edu.ee\/ajaveeb\/141c\/wp-json\/wp\/v2\/users\/1"}],"replies":[{"embeddable":true,"href":"https:\/\/www.real.edu.ee\/ajaveeb\/141c\/wp-json\/wp\/v2\/comments?post=1"}],"version-history":[{"count":19,"href":"https:\/\/www.real.edu.ee\/ajaveeb\/141c\/wp-json\/wp\/v2\/posts\/1\/revisions"}],"predecessor-version":[{"id":207,"href":"https:\/\/www.real.edu.ee\/ajaveeb\/141c\/wp-json\/wp\/v2\/posts\/1\/revisions\/207"}],"wp:attachment":[{"href":"https:\/\/www.real.edu.ee\/ajaveeb\/141c\/wp-json\/wp\/v2\/media?parent=1"}],"wp:term":[{"taxonomy":"category","embeddable":true,"href":"https:\/\/www.real.edu.ee\/ajaveeb\/141c\/wp-json\/wp\/v2\/categories?post=1"},{"taxonomy":"post_tag","embeddable":true,"href":"https:\/\/www.real.edu.ee\/ajaveeb\/141c\/wp-json\/wp\/v2\/tags?post=1"}],"curies":[{"name":"wp","href":"https:\/\/api.w.org\/{rel}","templated":true}]}}