{"id":49,"date":"2024-05-07T18:49:50","date_gmt":"2024-05-07T18:49:50","guid":{"rendered":"https:\/\/www.real.edu.ee\/ajaveeb\/141b\/?p=49"},"modified":"2024-05-07T18:49:50","modified_gmt":"2024-05-07T18:49:50","slug":"margiaktus-ja-pidu","status":"publish","type":"post","link":"https:\/\/www.real.edu.ee\/ajaveeb\/141b\/2024\/05\/07\/margiaktus-ja-pidu\/","title":{"rendered":"M\u00e4rgiaktus ja -pidu"},"content":{"rendered":"<p><span style=\"font-weight: 400;font-size: 12pt\">10. november oli pidup\u00e4ev: meie kallis abituurium sai endale l\u00f5pum\u00e4rgid. Kooli tulime sellel p\u00e4eval k\u00f5ik pidulikus r\u00f5ivas, sest toimus aktus. Aktusel said abituriendid endale koolim\u00e4rgid, ei puudnud ka muusikalised etteasted. Nii m\u00f5nigi pisar sai valatud nii abiturientidel kui ka meil. Kuid sellega ei saanud veel p\u00e4ev l\u00e4bi. \u00d5htul kell kuus kogunesime taas aulasse ballikleitides ja \u00fclikondades; oli aeg peoks. Saime praktiseerida tantsukursusel \u00f5pitud samme ja ka vabaloomingulisemaid liigutusi. Muusikat tegi meile imeline ansambel, t\u00e4nu neile liikusid k\u00f5igi puusad sellel \u00f5htupoolikul eriti h\u00e4sti. P\u00e4rast paari tundi tantsimist ajati meid abiturientide poolt koolimajast v\u00e4lja, sest oli aeg neil oma lennuga koos aega veeta. Pole kindel, mis seal t\u00e4pselt toimus, kuid juba kahe aasta p\u00e4rast saame meiegi teada!<\/span><\/p>\n<p style=\"text-align: right\"><span style=\"font-weight: 400\">Jutu kirjutas Luisa Tamla<\/span><\/p>\n<p><br style=\"font-weight: 400\" \/><br style=\"font-weight: 400\" \/><\/p>\n","protected":false},"excerpt":{"rendered":"<p>10. november oli pidup\u00e4ev: meie kallis abituurium sai endale l\u00f5pum\u00e4rgid. Kooli tulime sellel p\u00e4eval k\u00f5ik pidulikus r\u00f5ivas, sest toimus aktus. Aktusel said abituriendid endale koolim\u00e4rgid, ei puudnud ka muusikalised etteasted. Nii m\u00f5nigi pisar sai valatud nii abiturientidel kui ka meil. Kuid sellega ei saanud veel p\u00e4ev l\u00e4bi. \u00d5htul kell kuus kogunesime taas aulasse ballikleitides ja [&hellip;]<\/p>\n","protected":false},"author":213,"featured_media":0,"comment_status":"closed","ping_status":"open","sticky":false,"template":"","format":"standard","meta":{"footnotes":""},"categories":[1],"tags":[],"class_list":["post-49","post","type-post","status-publish","format-standard","hentry","category-maaratlemata"],"_links":{"self":[{"href":"https:\/\/www.real.edu.ee\/ajaveeb\/141b\/wp-json\/wp\/v2\/posts\/49","targetHints":{"allow":["GET"]}}],"collection":[{"href":"https:\/\/www.real.edu.ee\/ajaveeb\/141b\/wp-json\/wp\/v2\/posts"}],"about":[{"href":"https:\/\/www.real.edu.ee\/ajaveeb\/141b\/wp-json\/wp\/v2\/types\/post"}],"author":[{"embeddable":true,"href":"https:\/\/www.real.edu.ee\/ajaveeb\/141b\/wp-json\/wp\/v2\/users\/213"}],"replies":[{"embeddable":true,"href":"https:\/\/www.real.edu.ee\/ajaveeb\/141b\/wp-json\/wp\/v2\/comments?post=49"}],"version-history":[{"count":1,"href":"https:\/\/www.real.edu.ee\/ajaveeb\/141b\/wp-json\/wp\/v2\/posts\/49\/revisions"}],"predecessor-version":[{"id":50,"href":"https:\/\/www.real.edu.ee\/ajaveeb\/141b\/wp-json\/wp\/v2\/posts\/49\/revisions\/50"}],"wp:attachment":[{"href":"https:\/\/www.real.edu.ee\/ajaveeb\/141b\/wp-json\/wp\/v2\/media?parent=49"}],"wp:term":[{"taxonomy":"category","embeddable":true,"href":"https:\/\/www.real.edu.ee\/ajaveeb\/141b\/wp-json\/wp\/v2\/categories?post=49"},{"taxonomy":"post_tag","embeddable":true,"href":"https:\/\/www.real.edu.ee\/ajaveeb\/141b\/wp-json\/wp\/v2\/tags?post=49"}],"curies":[{"name":"wp","href":"https:\/\/api.w.org\/{rel}","templated":true}]}}