{"id":19,"date":"2023-09-22T15:06:07","date_gmt":"2023-09-22T15:06:07","guid":{"rendered":"https:\/\/www.real.edu.ee\/ajaveeb\/141a\/?p=19"},"modified":"2025-06-02T19:09:14","modified_gmt":"2025-06-02T19:09:14","slug":"rebased-ja-hundid","status":"publish","type":"post","link":"https:\/\/www.real.edu.ee\/ajaveeb\/141a\/2023\/09\/22\/rebased-ja-hundid\/","title":{"rendered":"Rebased ja hundid"},"content":{"rendered":"<p><span style=\"font-weight: 400\">Sel aastal toimus g\u00fcmnaasiumi traditsiooniline rebaste n\u00e4dal septembri neljandal n\u00e4dalal. Selle n\u00e4dala eesm\u00e4rk on ristida uhiuutest reaalikatest t\u00e4isv\u00e4\u00e4rtuslikud g\u00fcmnasistid.<\/span><\/p>\n<div id=\"attachment_21\" style=\"width: 310px\" class=\"wp-caption alignleft\"><img loading=\"lazy\" decoding=\"async\" aria-describedby=\"caption-attachment-21\" class=\"wp-image-21 size-medium\" src=\"http:\/\/www.real.edu.ee\/ajaveeb\/141a\/files\/2023\/10\/DSC_0175-300x199.jpg\" alt=\"\" width=\"300\" height=\"199\" srcset=\"https:\/\/www.real.edu.ee\/ajaveeb\/141a\/files\/2023\/10\/DSC_0175-300x199.jpg 300w, https:\/\/www.real.edu.ee\/ajaveeb\/141a\/files\/2023\/10\/DSC_0175-1024x680.jpg 1024w, https:\/\/www.real.edu.ee\/ajaveeb\/141a\/files\/2023\/10\/DSC_0175-768x510.jpg 768w, https:\/\/www.real.edu.ee\/ajaveeb\/141a\/files\/2023\/10\/DSC_0175-1536x1020.jpg 1536w, https:\/\/www.real.edu.ee\/ajaveeb\/141a\/files\/2023\/10\/DSC_0175-2048x1360.jpg 2048w\" sizes=\"auto, (max-width: 300px) 100vw, 300px\" \/><p id=\"caption-attachment-21\" class=\"wp-caption-text\">Flashmob viru t\u00e4naval. Foto: Erik V\u00f5rklaev<\/p><\/div>\n<p><span style=\"font-weight: 400\">Rebased (k\u00fcmnendikud) jagati erinevatesse gruppidesse, igale grupile anti teemaks kindel riik. N\u00e4dala jooksul oli kooli peal v\u00f5imalik kohata mitmete erinevate riikide kodanikke, kes k\u00f5ik pidid kandma uhkusega enda hundi (kaheteistk\u00fcmnendiku) v\u00e4lja valitud kost\u00fc\u00fcmi nende riigi stiilis. Meie klass oli \u00fcpris multikultuurne ja \u00f5pilasi oli igast riigist.<\/span><\/p>\n<p><span style=\"font-weight: 400\">Juba 14. septembril hakkas gruppide otsimine, kus pidime peaaegu midagi teadmata leidma oma liikmed ja v\u00e4lja selgitama, mis riigist oleme p\u00e4rit.<\/span><\/p>\n<div id=\"attachment_20\" style=\"width: 555px\" class=\"wp-caption alignnone\"><img loading=\"lazy\" decoding=\"async\" aria-describedby=\"caption-attachment-20\" class=\"wp-image-20 \" src=\"http:\/\/www.real.edu.ee\/ajaveeb\/141a\/files\/2023\/10\/DSC06192-300x200.jpg\" alt=\"\" width=\"545\" height=\"363\" srcset=\"https:\/\/www.real.edu.ee\/ajaveeb\/141a\/files\/2023\/10\/DSC06192-300x200.jpg 300w, https:\/\/www.real.edu.ee\/ajaveeb\/141a\/files\/2023\/10\/DSC06192-1024x683.jpg 1024w, https:\/\/www.real.edu.ee\/ajaveeb\/141a\/files\/2023\/10\/DSC06192-768x512.jpg 768w, https:\/\/www.real.edu.ee\/ajaveeb\/141a\/files\/2023\/10\/DSC06192-1536x1024.jpg 1536w, https:\/\/www.real.edu.ee\/ajaveeb\/141a\/files\/2023\/10\/DSC06192-2048x1365.jpg 2048w\" sizes=\"auto, (max-width: 545px) 100vw, 545px\" \/><p id=\"caption-attachment-20\" class=\"wp-caption-text\">Iko Ingmar seeneriigi kost\u00fc\u00fcmis. Foto: Simone Saar<\/p><\/div>\n<p><strong>Esmasp\u00e4ev &#8211; 18. september<\/strong><\/p>\n<p><span style=\"font-weight: 400\">Grupid edukalt leidnud, saime juba rebasten\u00e4dala esimesel p\u00e4eval kindlaks teha, millisel riigil on parim tiimit\u00f6\u00f6. Esmasp\u00e4eval, p\u00e4rast pikka koolip\u00e4eva suundusime otse Snelli staadionile spordiv\u00f5istlusele, kus k\u00f5ik grupid \u00fcksteise vastu v\u00f5istlesid. Alasid oli mitmeid, oli nii jooksmist, keerutamist kui ka \u00fcksteise peal lamamist. Spordiv\u00f5istlus l\u00f5i k\u00fcmnendikes kambavaimu ja pani proovile nende spordiv\u00f5imed.<\/span><\/p>\n\n\t\t<style type=\"text\/css\">\n\t\t\t#gallery-1 {\n\t\t\t\tmargin: auto;\n\t\t\t}\n\t\t\t#gallery-1 .gallery-item {\n\t\t\t\tfloat: left;\n\t\t\t\tmargin-top: 10px;\n\t\t\t\ttext-align: center;\n\t\t\t\twidth: 50%;\n\t\t\t}\n\t\t\t#gallery-1 img {\n\t\t\t\tborder: 2px solid #cfcfcf;\n\t\t\t}\n\t\t\t#gallery-1 .gallery-caption {\n\t\t\t\tmargin-left: 0;\n\t\t\t}\n\t\t\t\/* see gallery_shortcode() in wp-includes\/media.php *\/\n\t\t<\/style>\n\t\t<div id='gallery-1' class='gallery galleryid-19 gallery-columns-2 gallery-size-medium'><dl class='gallery-item'>\n\t\t\t<dt class='gallery-icon landscape'>\n\t\t\t\t<a href='https:\/\/www.real.edu.ee\/ajaveeb\/141a\/2023\/09\/22\/rebased-ja-hundid\/dsc_0506\/'><img loading=\"lazy\" decoding=\"async\" width=\"300\" height=\"199\" src=\"https:\/\/www.real.edu.ee\/ajaveeb\/141a\/files\/2023\/10\/DSC_0506-300x199.jpg\" class=\"attachment-medium size-medium\" alt=\"\" srcset=\"https:\/\/www.real.edu.ee\/ajaveeb\/141a\/files\/2023\/10\/DSC_0506-300x199.jpg 300w, https:\/\/www.real.edu.ee\/ajaveeb\/141a\/files\/2023\/10\/DSC_0506-1024x680.jpg 1024w, https:\/\/www.real.edu.ee\/ajaveeb\/141a\/files\/2023\/10\/DSC_0506-768x510.jpg 768w, https:\/\/www.real.edu.ee\/ajaveeb\/141a\/files\/2023\/10\/DSC_0506-1536x1020.jpg 1536w, https:\/\/www.real.edu.ee\/ajaveeb\/141a\/files\/2023\/10\/DSC_0506-2048x1360.jpg 2048w\" sizes=\"auto, (max-width: 300px) 100vw, 300px\" \/><\/a>\n\t\t\t<\/dt><\/dl><dl class='gallery-item'>\n\t\t\t<dt class='gallery-icon landscape'>\n\t\t\t\t<a href='https:\/\/www.real.edu.ee\/ajaveeb\/141a\/2023\/09\/22\/rebased-ja-hundid\/dsc_0456\/'><img loading=\"lazy\" decoding=\"async\" width=\"300\" height=\"199\" src=\"https:\/\/www.real.edu.ee\/ajaveeb\/141a\/files\/2023\/10\/DSC_0456-300x199.jpg\" class=\"attachment-medium size-medium\" alt=\"\" srcset=\"https:\/\/www.real.edu.ee\/ajaveeb\/141a\/files\/2023\/10\/DSC_0456-300x199.jpg 300w, https:\/\/www.real.edu.ee\/ajaveeb\/141a\/files\/2023\/10\/DSC_0456-1024x680.jpg 1024w, https:\/\/www.real.edu.ee\/ajaveeb\/141a\/files\/2023\/10\/DSC_0456-768x510.jpg 768w, https:\/\/www.real.edu.ee\/ajaveeb\/141a\/files\/2023\/10\/DSC_0456-1536x1020.jpg 1536w, https:\/\/www.real.edu.ee\/ajaveeb\/141a\/files\/2023\/10\/DSC_0456-2048x1360.jpg 2048w\" sizes=\"auto, (max-width: 300px) 100vw, 300px\" \/><\/a>\n\t\t\t<\/dt><\/dl><br style=\"clear: both\" \/><dl class='gallery-item'>\n\t\t\t<dt class='gallery-icon landscape'>\n\t\t\t\t<a href='https:\/\/www.real.edu.ee\/ajaveeb\/141a\/2023\/09\/22\/rebased-ja-hundid\/dsc_0360\/'><img loading=\"lazy\" decoding=\"async\" width=\"300\" height=\"199\" src=\"https:\/\/www.real.edu.ee\/ajaveeb\/141a\/files\/2023\/10\/DSC_0360-300x199.jpg\" class=\"attachment-medium size-medium\" alt=\"\" srcset=\"https:\/\/www.real.edu.ee\/ajaveeb\/141a\/files\/2023\/10\/DSC_0360-300x199.jpg 300w, https:\/\/www.real.edu.ee\/ajaveeb\/141a\/files\/2023\/10\/DSC_0360-1024x680.jpg 1024w, https:\/\/www.real.edu.ee\/ajaveeb\/141a\/files\/2023\/10\/DSC_0360-768x510.jpg 768w, https:\/\/www.real.edu.ee\/ajaveeb\/141a\/files\/2023\/10\/DSC_0360-1536x1020.jpg 1536w, https:\/\/www.real.edu.ee\/ajaveeb\/141a\/files\/2023\/10\/DSC_0360-2048x1360.jpg 2048w\" sizes=\"auto, (max-width: 300px) 100vw, 300px\" \/><\/a>\n\t\t\t<\/dt><\/dl><dl class='gallery-item'>\n\t\t\t<dt class='gallery-icon landscape'>\n\t\t\t\t<a href='https:\/\/www.real.edu.ee\/ajaveeb\/141a\/2023\/09\/22\/rebased-ja-hundid\/dsc_0620\/'><img loading=\"lazy\" decoding=\"async\" width=\"300\" height=\"199\" src=\"https:\/\/www.real.edu.ee\/ajaveeb\/141a\/files\/2023\/10\/DSC_0620-300x199.jpg\" class=\"attachment-medium size-medium\" alt=\"\" srcset=\"https:\/\/www.real.edu.ee\/ajaveeb\/141a\/files\/2023\/10\/DSC_0620-300x199.jpg 300w, https:\/\/www.real.edu.ee\/ajaveeb\/141a\/files\/2023\/10\/DSC_0620-1024x680.jpg 1024w, https:\/\/www.real.edu.ee\/ajaveeb\/141a\/files\/2023\/10\/DSC_0620-768x510.jpg 768w, https:\/\/www.real.edu.ee\/ajaveeb\/141a\/files\/2023\/10\/DSC_0620-1536x1020.jpg 1536w, https:\/\/www.real.edu.ee\/ajaveeb\/141a\/files\/2023\/10\/DSC_0620-2048x1360.jpg 2048w\" sizes=\"auto, (max-width: 300px) 100vw, 300px\" \/><\/a>\n\t\t\t<\/dt><\/dl><br style=\"clear: both\" \/>\n\t\t<\/div>\n\n<p>Spordi\u00fcrituse fotod: Erik V\u00f5rklaev<\/p>\n<p><strong>Teisip\u00e4ev &#8211; 19. september<\/strong><\/p>\n<p><span style=\"font-weight: 400\">Teisip\u00e4ev m\u00f6\u00f6dus rahulikumalt. P\u00e4eva jooksul said rebased oma huntidelt erinevaid p\u00f5nevaid individuaalseid \u00fclesandeid ja koolip\u00e4eva l\u00f5petati peadmurdva viktoriiniga. Viktoriinik\u00fcsimused \u00f5petasid k\u00fcmnendikele nende huntide lennu kohta.<\/span><\/p>\n<div id=\"attachment_28\" style=\"width: 429px\" class=\"wp-caption alignnone\"><img loading=\"lazy\" decoding=\"async\" aria-describedby=\"caption-attachment-28\" class=\"wp-image-28 \" src=\"http:\/\/www.real.edu.ee\/ajaveeb\/141a\/files\/2023\/09\/DSC06136-300x200.jpg\" alt=\"\" width=\"419\" height=\"279\" srcset=\"https:\/\/www.real.edu.ee\/ajaveeb\/141a\/files\/2023\/09\/DSC06136-300x200.jpg 300w, https:\/\/www.real.edu.ee\/ajaveeb\/141a\/files\/2023\/09\/DSC06136-1024x683.jpg 1024w, https:\/\/www.real.edu.ee\/ajaveeb\/141a\/files\/2023\/09\/DSC06136-768x512.jpg 768w, https:\/\/www.real.edu.ee\/ajaveeb\/141a\/files\/2023\/09\/DSC06136-1536x1024.jpg 1536w, https:\/\/www.real.edu.ee\/ajaveeb\/141a\/files\/2023\/09\/DSC06136-2048x1365.jpg 2048w\" sizes=\"auto, (max-width: 419px) 100vw, 419px\" \/><p id=\"caption-attachment-28\" class=\"wp-caption-text\">Viktoriin. Foto: Simone Saar<\/p><\/div>\n<p><strong>Kolmap\u00e4ev &#8211; 20. september<\/strong><\/p>\n<p><span style=\"font-weight: 400\">Kolmap\u00e4eval toimus linnas traditsiooniline kolmetunnine orienteerumine, kuid sel p\u00e4rastl\u00f5unal otsustas ilmataat meid ninapidi vedada. Osad riigid andsid poole pealt alla, teised jooksid aga p\u00fchendunult l\u00e4bi higi ja pisarate l\u00f5puni. \u00dclesandeid oli erinevaid: n\u00e4iteks pidid grupid saama toorest munast praetud muna, vastama Reaalkooli ajalooteemalistele viktoriinik\u00fcsimustele ja lahendama keerulise v\u00f5rrandi. Orienteerumise l\u00f5puks oli k\u00f5ikidel k\u00fcmnendikel k\u00f5ik Vanalinna t\u00e4navad selged.<\/span><\/p>\n\n\t\t<style type=\"text\/css\">\n\t\t\t#gallery-2 {\n\t\t\t\tmargin: auto;\n\t\t\t}\n\t\t\t#gallery-2 .gallery-item {\n\t\t\t\tfloat: left;\n\t\t\t\tmargin-top: 10px;\n\t\t\t\ttext-align: center;\n\t\t\t\twidth: 50%;\n\t\t\t}\n\t\t\t#gallery-2 img {\n\t\t\t\tborder: 2px solid #cfcfcf;\n\t\t\t}\n\t\t\t#gallery-2 .gallery-caption {\n\t\t\t\tmargin-left: 0;\n\t\t\t}\n\t\t\t\/* see gallery_shortcode() in wp-includes\/media.php *\/\n\t\t<\/style>\n\t\t<div id='gallery-2' class='gallery galleryid-19 gallery-columns-2 gallery-size-medium'><dl class='gallery-item'>\n\t\t\t<dt class='gallery-icon landscape'>\n\t\t\t\t<a href='https:\/\/www.real.edu.ee\/ajaveeb\/141a\/2023\/09\/22\/rebased-ja-hundid\/dsc_0078\/'><img loading=\"lazy\" decoding=\"async\" width=\"300\" height=\"199\" src=\"https:\/\/www.real.edu.ee\/ajaveeb\/141a\/files\/2023\/09\/DSC_0078-300x199.jpg\" class=\"attachment-medium size-medium\" alt=\"\" srcset=\"https:\/\/www.real.edu.ee\/ajaveeb\/141a\/files\/2023\/09\/DSC_0078-300x199.jpg 300w, https:\/\/www.real.edu.ee\/ajaveeb\/141a\/files\/2023\/09\/DSC_0078-1024x680.jpg 1024w, https:\/\/www.real.edu.ee\/ajaveeb\/141a\/files\/2023\/09\/DSC_0078-768x510.jpg 768w, https:\/\/www.real.edu.ee\/ajaveeb\/141a\/files\/2023\/09\/DSC_0078-1536x1020.jpg 1536w, https:\/\/www.real.edu.ee\/ajaveeb\/141a\/files\/2023\/09\/DSC_0078-2048x1360.jpg 2048w\" sizes=\"auto, (max-width: 300px) 100vw, 300px\" \/><\/a>\n\t\t\t<\/dt><\/dl><dl class='gallery-item'>\n\t\t\t<dt class='gallery-icon landscape'>\n\t\t\t\t<a href='https:\/\/www.real.edu.ee\/ajaveeb\/141a\/2023\/09\/22\/rebased-ja-hundid\/dsc_0071\/'><img loading=\"lazy\" decoding=\"async\" width=\"300\" height=\"199\" src=\"https:\/\/www.real.edu.ee\/ajaveeb\/141a\/files\/2023\/09\/DSC_0071-300x199.jpg\" class=\"attachment-medium size-medium\" alt=\"\" srcset=\"https:\/\/www.real.edu.ee\/ajaveeb\/141a\/files\/2023\/09\/DSC_0071-300x199.jpg 300w, https:\/\/www.real.edu.ee\/ajaveeb\/141a\/files\/2023\/09\/DSC_0071-1024x680.jpg 1024w, https:\/\/www.real.edu.ee\/ajaveeb\/141a\/files\/2023\/09\/DSC_0071-768x510.jpg 768w, https:\/\/www.real.edu.ee\/ajaveeb\/141a\/files\/2023\/09\/DSC_0071-1536x1020.jpg 1536w, https:\/\/www.real.edu.ee\/ajaveeb\/141a\/files\/2023\/09\/DSC_0071-2048x1360.jpg 2048w\" sizes=\"auto, (max-width: 300px) 100vw, 300px\" \/><\/a>\n\t\t\t<\/dt><\/dl><br style=\"clear: both\" \/><dl class='gallery-item'>\n\t\t\t<dt class='gallery-icon landscape'>\n\t\t\t\t<a href='https:\/\/www.real.edu.ee\/ajaveeb\/141a\/2023\/09\/22\/rebased-ja-hundid\/dsc_0054\/'><img loading=\"lazy\" decoding=\"async\" width=\"300\" height=\"199\" src=\"https:\/\/www.real.edu.ee\/ajaveeb\/141a\/files\/2023\/09\/DSC_0054-300x199.jpg\" class=\"attachment-medium size-medium\" alt=\"\" srcset=\"https:\/\/www.real.edu.ee\/ajaveeb\/141a\/files\/2023\/09\/DSC_0054-300x199.jpg 300w, https:\/\/www.real.edu.ee\/ajaveeb\/141a\/files\/2023\/09\/DSC_0054-1024x680.jpg 1024w, https:\/\/www.real.edu.ee\/ajaveeb\/141a\/files\/2023\/09\/DSC_0054-768x510.jpg 768w, https:\/\/www.real.edu.ee\/ajaveeb\/141a\/files\/2023\/09\/DSC_0054-1536x1020.jpg 1536w, https:\/\/www.real.edu.ee\/ajaveeb\/141a\/files\/2023\/09\/DSC_0054-2048x1360.jpg 2048w\" sizes=\"auto, (max-width: 300px) 100vw, 300px\" \/><\/a>\n\t\t\t<\/dt><\/dl><dl class='gallery-item'>\n\t\t\t<dt class='gallery-icon landscape'>\n\t\t\t\t<a href='https:\/\/www.real.edu.ee\/ajaveeb\/141a\/2023\/09\/22\/rebased-ja-hundid\/dsc_0057\/'><img loading=\"lazy\" decoding=\"async\" width=\"300\" height=\"199\" src=\"https:\/\/www.real.edu.ee\/ajaveeb\/141a\/files\/2023\/09\/DSC_0057-300x199.jpg\" class=\"attachment-medium size-medium\" alt=\"\" srcset=\"https:\/\/www.real.edu.ee\/ajaveeb\/141a\/files\/2023\/09\/DSC_0057-300x199.jpg 300w, https:\/\/www.real.edu.ee\/ajaveeb\/141a\/files\/2023\/09\/DSC_0057-1024x680.jpg 1024w, https:\/\/www.real.edu.ee\/ajaveeb\/141a\/files\/2023\/09\/DSC_0057-768x510.jpg 768w, https:\/\/www.real.edu.ee\/ajaveeb\/141a\/files\/2023\/09\/DSC_0057-1536x1020.jpg 1536w, https:\/\/www.real.edu.ee\/ajaveeb\/141a\/files\/2023\/09\/DSC_0057-2048x1360.jpg 2048w\" sizes=\"auto, (max-width: 300px) 100vw, 300px\" \/><\/a>\n\t\t\t<\/dt><\/dl><br style=\"clear: both\" \/>\n\t\t<\/div>\n\n<p>Orienteerumise fotod: Erik V\u00f5rklaev<\/p>\n<p><strong>Neljap\u00e4ev, reede &#8211; 21. ja 22. september<\/strong><\/p>\n<p><span style=\"font-weight: 400\">Neljap\u00e4eva alustasime varakult kell 7.00 informeeriva loenguga, kuhu tugevamad kohale ka j\u00f5udsid. Muidugi polnud see esimene p\u00e4ev, mil varakult kooli pidi minema, sest iga hommik enne esimest tundi toimus ka reedeseks <\/span><i><span style=\"font-weight: 400\">flashmob<\/span><\/i><span style=\"font-weight: 400\">iks harjutav tantsutund. Koos elasime need varahommikused jalakeerutused \u00fcle ja nii esitasimegi juba reedel Viru v\u00e4ravate ees oma \u00f5pitud tantsu. Tantsu on v\u00f5imalik vaadata YouTube\u2019is: <\/span><a href=\"https:\/\/www.youtube.com\/watch?v=-4WfdncG3KM&amp;ab_channel=TallinnaReaalkool\"><span style=\"font-weight: 400\">https:\/\/www.youtube.com\/watch?v=-4WfdncG3KM&amp;ab_channel=TallinnaReaalkool<\/span><\/a><span style=\"font-weight: 400\">\u00a0<\/span><\/p>\n<div id=\"attachment_22\" style=\"width: 420px\" class=\"wp-caption alignnone\"><img loading=\"lazy\" decoding=\"async\" aria-describedby=\"caption-attachment-22\" class=\"wp-image-22 \" src=\"http:\/\/www.real.edu.ee\/ajaveeb\/141a\/files\/2023\/10\/DSC08260-300x200.jpg\" alt=\"\" width=\"410\" height=\"273\" srcset=\"https:\/\/www.real.edu.ee\/ajaveeb\/141a\/files\/2023\/10\/DSC08260-300x200.jpg 300w, https:\/\/www.real.edu.ee\/ajaveeb\/141a\/files\/2023\/10\/DSC08260-1024x683.jpg 1024w, https:\/\/www.real.edu.ee\/ajaveeb\/141a\/files\/2023\/10\/DSC08260-768x512.jpg 768w, https:\/\/www.real.edu.ee\/ajaveeb\/141a\/files\/2023\/10\/DSC08260-1536x1024.jpg 1536w, https:\/\/www.real.edu.ee\/ajaveeb\/141a\/files\/2023\/10\/DSC08260-2048x1365.jpg 2048w\" sizes=\"auto, (max-width: 410px) 100vw, 410px\" \/><p id=\"caption-attachment-22\" class=\"wp-caption-text\">Reedene pidu Kinomajas. Foto: Simone Saar<\/p><\/div>\n<p><span style=\"font-weight: 400\">N\u00e4dalale pani punkti peale mitteametlik tseremoonia, kus k\u00f5ik rebased ristiti t\u00e4ie\u00f5iguslikeks Tallinna Reaalkooli g\u00fcmnasistideks ja laup\u00e4evane traditsiooniline koristamine. Seda l\u00fchikest, kuid v\u00e4ga elamusterikast n\u00e4dalat ei unusta k\u00fcll iial.<\/span><\/p>\n<p><em>Autorid: Linda Maria Lumi ja Kaspar Noor<\/em><\/p>\n<div id=\"attachment_35\" style=\"width: 474px\" class=\"wp-caption alignnone\"><img loading=\"lazy\" decoding=\"async\" aria-describedby=\"caption-attachment-35\" class=\"wp-image-35 \" src=\"http:\/\/www.real.edu.ee\/ajaveeb\/141a\/files\/2023\/09\/TRK05826-300x200.jpg\" alt=\"\" width=\"464\" height=\"309\" srcset=\"https:\/\/www.real.edu.ee\/ajaveeb\/141a\/files\/2023\/09\/TRK05826-300x200.jpg 300w, https:\/\/www.real.edu.ee\/ajaveeb\/141a\/files\/2023\/09\/TRK05826-1024x684.jpg 1024w, https:\/\/www.real.edu.ee\/ajaveeb\/141a\/files\/2023\/09\/TRK05826-768x513.jpg 768w, https:\/\/www.real.edu.ee\/ajaveeb\/141a\/files\/2023\/09\/TRK05826-1536x1027.jpg 1536w, https:\/\/www.real.edu.ee\/ajaveeb\/141a\/files\/2023\/09\/TRK05826.jpg 1616w\" sizes=\"auto, (max-width: 464px) 100vw, 464px\" \/><p id=\"caption-attachment-35\" class=\"wp-caption-text\">Ristimine. Foto: Erik V\u00f5rklaev<\/p><\/div>\n","protected":false},"excerpt":{"rendered":"<p>Sel aastal toimus g\u00fcmnaasiumi traditsiooniline rebaste n\u00e4dal septembri neljandal n\u00e4dalal. Selle n\u00e4dala eesm\u00e4rk on ristida uhiuutest reaalikatest t\u00e4isv\u00e4\u00e4rtuslikud g\u00fcmnasistid. Rebased (k\u00fcmnendikud) jagati erinevatesse gruppidesse, igale grupile anti teemaks kindel riik. N\u00e4dala jooksul oli kooli peal v\u00f5imalik kohata mitmete erinevate riikide kodanikke, kes k\u00f5ik pidid kandma uhkusega enda hundi (kaheteistk\u00fcmnendiku) v\u00e4lja valitud kost\u00fc\u00fcmi nende riigi stiilis. [&hellip;]<\/p>\n","protected":false},"author":209,"featured_media":0,"comment_status":"closed","ping_status":"open","sticky":false,"template":"","format":"standard","meta":{"footnotes":""},"categories":[6,5],"tags":[],"class_list":["post-19","post","type-post","status-publish","format-standard","hentry","category-pidu","category-rebased-jumalad"],"_links":{"self":[{"href":"https:\/\/www.real.edu.ee\/ajaveeb\/141a\/wp-json\/wp\/v2\/posts\/19","targetHints":{"allow":["GET"]}}],"collection":[{"href":"https:\/\/www.real.edu.ee\/ajaveeb\/141a\/wp-json\/wp\/v2\/posts"}],"about":[{"href":"https:\/\/www.real.edu.ee\/ajaveeb\/141a\/wp-json\/wp\/v2\/types\/post"}],"author":[{"embeddable":true,"href":"https:\/\/www.real.edu.ee\/ajaveeb\/141a\/wp-json\/wp\/v2\/users\/209"}],"replies":[{"embeddable":true,"href":"https:\/\/www.real.edu.ee\/ajaveeb\/141a\/wp-json\/wp\/v2\/comments?post=19"}],"version-history":[{"count":7,"href":"https:\/\/www.real.edu.ee\/ajaveeb\/141a\/wp-json\/wp\/v2\/posts\/19\/revisions"}],"predecessor-version":[{"id":40,"href":"https:\/\/www.real.edu.ee\/ajaveeb\/141a\/wp-json\/wp\/v2\/posts\/19\/revisions\/40"}],"wp:attachment":[{"href":"https:\/\/www.real.edu.ee\/ajaveeb\/141a\/wp-json\/wp\/v2\/media?parent=19"}],"wp:term":[{"taxonomy":"category","embeddable":true,"href":"https:\/\/www.real.edu.ee\/ajaveeb\/141a\/wp-json\/wp\/v2\/categories?post=19"},{"taxonomy":"post_tag","embeddable":true,"href":"https:\/\/www.real.edu.ee\/ajaveeb\/141a\/wp-json\/wp\/v2\/tags?post=19"}],"curies":[{"name":"wp","href":"https:\/\/api.w.org\/{rel}","templated":true}]}}