{"id":565,"date":"2025-03-14T07:27:40","date_gmt":"2025-03-14T07:27:40","guid":{"rendered":"https:\/\/www.real.edu.ee\/ajaveeb\/140a\/?p=565"},"modified":"2025-03-14T07:27:40","modified_gmt":"2025-03-14T07:27:40","slug":"vaba-lava-2025","status":"publish","type":"post","link":"https:\/\/www.real.edu.ee\/ajaveeb\/140a\/2025\/03\/14\/vaba-lava-2025\/","title":{"rendered":"Vaba lava 2025"},"content":{"rendered":"<p>6. veebruaril toimus taaskord Paavli Kultuurivabrikus Vaba lava. Eelmise aastaga v\u00f5rreldes oli \u00fcritus palju muusikalisem, naljaesitusi oli v\u00e4hem ning laule oli palju. Sellel aastal olid \u017e\u00fcriis laulja Liisi Koikson, sokkide ja sandaalide boss Oskar Pukk ning f\u00fc\u00fcsika\u00f5petaja J\u00fcri-Mikk Udam. Ja muidugi said ka sel aastal k\u00f5ik esinejad ja k\u00fclastajad juua natuke tasuta San Pellegrinot (vaieldamatult parim osa \u00fcritusest). \u017d\u00fcrii lemmikuks osutus uus punkb\u00e4nd Korralagedus ning publiku lemmikuks vaskpuhkpilliansambel Reaalsed Vased (kes v\u00e4gagi v\u00e4\u00e4risid seda). Meie klassist aga esines ansambel Feller koosseisus Emil, Frank, Lenna ja 140.c klassist Liis.<\/p>\n\n\t\t<style type=\"text\/css\">\n\t\t\t#gallery-1 {\n\t\t\t\tmargin: auto;\n\t\t\t}\n\t\t\t#gallery-1 .gallery-item {\n\t\t\t\tfloat: left;\n\t\t\t\tmargin-top: 10px;\n\t\t\t\ttext-align: center;\n\t\t\t\twidth: 33%;\n\t\t\t}\n\t\t\t#gallery-1 img {\n\t\t\t\tborder: 2px solid #cfcfcf;\n\t\t\t}\n\t\t\t#gallery-1 .gallery-caption {\n\t\t\t\tmargin-left: 0;\n\t\t\t}\n\t\t\t\/* see gallery_shortcode() in wp-includes\/media.php *\/\n\t\t<\/style>\n\t\t<div id='gallery-1' class='gallery galleryid-565 gallery-columns-3 gallery-size-thumbnail'><dl class='gallery-item'>\n\t\t\t<dt class='gallery-icon portrait'>\n\t\t\t\t<a href='https:\/\/www.real.edu.ee\/ajaveeb\/140a\/2025\/03\/14\/vaba-lava-2025\/img_2517\/'><img loading=\"lazy\" decoding=\"async\" width=\"150\" height=\"150\" src=\"https:\/\/www.real.edu.ee\/ajaveeb\/140a\/files\/2025\/03\/IMG_2517-150x150.jpg\" class=\"attachment-thumbnail size-thumbnail\" alt=\"\" \/><\/a>\n\t\t\t<\/dt><\/dl><dl class='gallery-item'>\n\t\t\t<dt class='gallery-icon portrait'>\n\t\t\t\t<a href='https:\/\/www.real.edu.ee\/ajaveeb\/140a\/2025\/03\/14\/vaba-lava-2025\/img_2518\/'><img loading=\"lazy\" decoding=\"async\" width=\"150\" height=\"150\" src=\"https:\/\/www.real.edu.ee\/ajaveeb\/140a\/files\/2025\/03\/IMG_2518-150x150.jpg\" class=\"attachment-thumbnail size-thumbnail\" alt=\"\" \/><\/a>\n\t\t\t<\/dt><\/dl><dl class='gallery-item'>\n\t\t\t<dt class='gallery-icon landscape'>\n\t\t\t\t<a href='https:\/\/www.real.edu.ee\/ajaveeb\/140a\/2025\/03\/14\/vaba-lava-2025\/img_2519\/'><img loading=\"lazy\" decoding=\"async\" width=\"150\" height=\"150\" src=\"https:\/\/www.real.edu.ee\/ajaveeb\/140a\/files\/2025\/03\/IMG_2519-150x150.jpg\" class=\"attachment-thumbnail size-thumbnail\" alt=\"\" \/><\/a>\n\t\t\t<\/dt><\/dl><br style=\"clear: both\" \/>\n\t\t<\/div>\n\n<p>Kirjutas Lenna<\/p>\n","protected":false},"excerpt":{"rendered":"<p>6. veebruaril toimus taaskord Paavli Kultuurivabrikus Vaba lava. Eelmise aastaga v\u00f5rreldes oli \u00fcritus palju muusikalisem, naljaesitusi oli v\u00e4hem ning laule oli palju. Sellel aastal olid \u017e\u00fcriis laulja Liisi Koikson, sokkide ja sandaalide boss Oskar Pukk ning f\u00fc\u00fcsika\u00f5petaja J\u00fcri-Mikk Udam. Ja muidugi said ka sel aastal k\u00f5ik esinejad ja k\u00fclastajad juua natuke tasuta San Pellegrinot (vaieldamatult [&hellip;]<\/p>\n","protected":false},"author":200,"featured_media":0,"comment_status":"closed","ping_status":"open","sticky":false,"template":"","format":"standard","meta":{"footnotes":""},"categories":[1],"tags":[],"class_list":["post-565","post","type-post","status-publish","format-standard","hentry","category-maaratlemata"],"_links":{"self":[{"href":"https:\/\/www.real.edu.ee\/ajaveeb\/140a\/wp-json\/wp\/v2\/posts\/565","targetHints":{"allow":["GET"]}}],"collection":[{"href":"https:\/\/www.real.edu.ee\/ajaveeb\/140a\/wp-json\/wp\/v2\/posts"}],"about":[{"href":"https:\/\/www.real.edu.ee\/ajaveeb\/140a\/wp-json\/wp\/v2\/types\/post"}],"author":[{"embeddable":true,"href":"https:\/\/www.real.edu.ee\/ajaveeb\/140a\/wp-json\/wp\/v2\/users\/200"}],"replies":[{"embeddable":true,"href":"https:\/\/www.real.edu.ee\/ajaveeb\/140a\/wp-json\/wp\/v2\/comments?post=565"}],"version-history":[{"count":1,"href":"https:\/\/www.real.edu.ee\/ajaveeb\/140a\/wp-json\/wp\/v2\/posts\/565\/revisions"}],"predecessor-version":[{"id":569,"href":"https:\/\/www.real.edu.ee\/ajaveeb\/140a\/wp-json\/wp\/v2\/posts\/565\/revisions\/569"}],"wp:attachment":[{"href":"https:\/\/www.real.edu.ee\/ajaveeb\/140a\/wp-json\/wp\/v2\/media?parent=565"}],"wp:term":[{"taxonomy":"category","embeddable":true,"href":"https:\/\/www.real.edu.ee\/ajaveeb\/140a\/wp-json\/wp\/v2\/categories?post=565"},{"taxonomy":"post_tag","embeddable":true,"href":"https:\/\/www.real.edu.ee\/ajaveeb\/140a\/wp-json\/wp\/v2\/tags?post=565"}],"curies":[{"name":"wp","href":"https:\/\/api.w.org\/{rel}","templated":true}]}}