{"id":554,"date":"2025-03-14T07:20:14","date_gmt":"2025-03-14T07:20:14","guid":{"rendered":"https:\/\/www.real.edu.ee\/ajaveeb\/140a\/?p=554"},"modified":"2025-03-14T07:20:14","modified_gmt":"2025-03-14T07:20:14","slug":"projektipaev","status":"publish","type":"post","link":"https:\/\/www.real.edu.ee\/ajaveeb\/140a\/2025\/03\/14\/projektipaev\/","title":{"rendered":"Projektip\u00e4ev"},"content":{"rendered":"<p>Vahetult enne j\u00f5uluvaheaega toimus tavalise koolip\u00e4eva asemel projektip\u00e4ev. Varastel hommikutundidel kogunesime terve lennuga Toomkirikus, kus meile tehti \u00fclevaade kristlaste seisukohtadest perekonna kohta. Seej\u00e4rel l\u00e4ksime Riigikogu hoonesse, kus EKA rektor Mart Kalm tutvustas meile selle ainulaadset ekspressionistlikku interj\u00f6\u00f6ri. Tema jutu l\u00f5ppedes istusime Riigikogu saalis ning kuulasime veel T\u00f5nis Lukast ja Riina Sikkutit. Peale seda jaotusime gruppidesse erinevate Riigikogu fraktsioonide vahel ning saime nende esindajatelt teada nende seisukohtade ja t\u00f6\u00f6 kohta Riigikogus. Meie k\u00fclastus Riigikokku l\u00f5ppes Riigikogu esimehe Lauri Hussari etteastega. Projektip\u00e4ev v\u00f5imaldas meil siduda eelnevalt \u00fchiskonna- ja perekonna\u00f5petuses \u00f5pitut reaalse eluga. Erinevate erakondade poliitikuid esinemas kuulata oli huvitav ning kindlasti andis meile hea v\u00f5imaluse poliitikaga l\u00e4hemalt tutvuda.<\/p>\n\n\t\t<style type=\"text\/css\">\n\t\t\t#gallery-1 {\n\t\t\t\tmargin: auto;\n\t\t\t}\n\t\t\t#gallery-1 .gallery-item {\n\t\t\t\tfloat: left;\n\t\t\t\tmargin-top: 10px;\n\t\t\t\ttext-align: center;\n\t\t\t\twidth: 33%;\n\t\t\t}\n\t\t\t#gallery-1 img {\n\t\t\t\tborder: 2px solid #cfcfcf;\n\t\t\t}\n\t\t\t#gallery-1 .gallery-caption {\n\t\t\t\tmargin-left: 0;\n\t\t\t}\n\t\t\t\/* see gallery_shortcode() in wp-includes\/media.php *\/\n\t\t<\/style>\n\t\t<div id='gallery-1' class='gallery galleryid-554 gallery-columns-3 gallery-size-thumbnail'><dl class='gallery-item'>\n\t\t\t<dt class='gallery-icon portrait'>\n\t\t\t\t<a href='https:\/\/www.real.edu.ee\/ajaveeb\/140a\/2025\/03\/14\/projektipaev\/img_1357\/'><img loading=\"lazy\" decoding=\"async\" width=\"150\" height=\"150\" src=\"https:\/\/www.real.edu.ee\/ajaveeb\/140a\/files\/2025\/03\/IMG_1357-150x150.jpg\" class=\"attachment-thumbnail size-thumbnail\" alt=\"\" \/><\/a>\n\t\t\t<\/dt><\/dl><dl class='gallery-item'>\n\t\t\t<dt class='gallery-icon portrait'>\n\t\t\t\t<a href='https:\/\/www.real.edu.ee\/ajaveeb\/140a\/2025\/03\/14\/projektipaev\/img_1358\/'><img loading=\"lazy\" decoding=\"async\" width=\"150\" height=\"150\" src=\"https:\/\/www.real.edu.ee\/ajaveeb\/140a\/files\/2025\/03\/IMG_1358-150x150.jpg\" class=\"attachment-thumbnail size-thumbnail\" alt=\"\" \/><\/a>\n\t\t\t<\/dt><\/dl><dl class='gallery-item'>\n\t\t\t<dt class='gallery-icon landscape'>\n\t\t\t\t<a href='https:\/\/www.real.edu.ee\/ajaveeb\/140a\/2025\/03\/14\/projektipaev\/img_1369\/'><img loading=\"lazy\" decoding=\"async\" width=\"150\" height=\"150\" src=\"https:\/\/www.real.edu.ee\/ajaveeb\/140a\/files\/2025\/03\/IMG_1369-150x150.jpg\" class=\"attachment-thumbnail size-thumbnail\" alt=\"\" \/><\/a>\n\t\t\t<\/dt><\/dl><br style=\"clear: both\" \/>\n\t\t<\/div>\n\n<p>Kirjutas Rain<\/p>\n","protected":false},"excerpt":{"rendered":"<p>Vahetult enne j\u00f5uluvaheaega toimus tavalise koolip\u00e4eva asemel projektip\u00e4ev. Varastel hommikutundidel kogunesime terve lennuga Toomkirikus, kus meile tehti \u00fclevaade kristlaste seisukohtadest perekonna kohta. Seej\u00e4rel l\u00e4ksime Riigikogu hoonesse, kus EKA rektor Mart Kalm tutvustas meile selle ainulaadset ekspressionistlikku interj\u00f6\u00f6ri. Tema jutu l\u00f5ppedes istusime Riigikogu saalis ning kuulasime veel T\u00f5nis Lukast ja Riina Sikkutit. Peale seda jaotusime gruppidesse [&hellip;]<\/p>\n","protected":false},"author":200,"featured_media":0,"comment_status":"closed","ping_status":"open","sticky":false,"template":"","format":"standard","meta":{"footnotes":""},"categories":[1],"tags":[],"class_list":["post-554","post","type-post","status-publish","format-standard","hentry","category-maaratlemata"],"_links":{"self":[{"href":"https:\/\/www.real.edu.ee\/ajaveeb\/140a\/wp-json\/wp\/v2\/posts\/554","targetHints":{"allow":["GET"]}}],"collection":[{"href":"https:\/\/www.real.edu.ee\/ajaveeb\/140a\/wp-json\/wp\/v2\/posts"}],"about":[{"href":"https:\/\/www.real.edu.ee\/ajaveeb\/140a\/wp-json\/wp\/v2\/types\/post"}],"author":[{"embeddable":true,"href":"https:\/\/www.real.edu.ee\/ajaveeb\/140a\/wp-json\/wp\/v2\/users\/200"}],"replies":[{"embeddable":true,"href":"https:\/\/www.real.edu.ee\/ajaveeb\/140a\/wp-json\/wp\/v2\/comments?post=554"}],"version-history":[{"count":1,"href":"https:\/\/www.real.edu.ee\/ajaveeb\/140a\/wp-json\/wp\/v2\/posts\/554\/revisions"}],"predecessor-version":[{"id":558,"href":"https:\/\/www.real.edu.ee\/ajaveeb\/140a\/wp-json\/wp\/v2\/posts\/554\/revisions\/558"}],"wp:attachment":[{"href":"https:\/\/www.real.edu.ee\/ajaveeb\/140a\/wp-json\/wp\/v2\/media?parent=554"}],"wp:term":[{"taxonomy":"category","embeddable":true,"href":"https:\/\/www.real.edu.ee\/ajaveeb\/140a\/wp-json\/wp\/v2\/categories?post=554"},{"taxonomy":"post_tag","embeddable":true,"href":"https:\/\/www.real.edu.ee\/ajaveeb\/140a\/wp-json\/wp\/v2\/tags?post=554"}],"curies":[{"name":"wp","href":"https:\/\/api.w.org\/{rel}","templated":true}]}}