{"id":497,"date":"2024-09-29T16:09:49","date_gmt":"2024-09-29T16:09:49","guid":{"rendered":"https:\/\/www.real.edu.ee\/ajaveeb\/140a\/?p=497"},"modified":"2024-09-29T16:09:49","modified_gmt":"2024-09-29T16:09:49","slug":"teadmistepaev-ehk-12-klassi-algus","status":"publish","type":"post","link":"https:\/\/www.real.edu.ee\/ajaveeb\/140a\/2024\/09\/29\/teadmistepaev-ehk-12-klassi-algus\/","title":{"rendered":"Teadmistep\u00e4ev ehk 12. klassi algus"},"content":{"rendered":"<p>Meie kaheteistk\u00fcmnes ja viimane kooliaasta algas teisel septembril suures majas. Meil kui abiturientidel polegi rohkem koolialgusaktuseid siin koolis. See p\u00e4ev oligi meie viimane v\u00f5imalus vaadata aktuse ajal selja taha ja n\u00e4ha seal pikka suve. Samas on ka praeguses hoones vaid paar aktust j\u00e4\u00e4nud, seni, kuni me peame asenduspinnale \u00e4ra kolima. G\u00fcmnaasiumi aktus oli \u00fcpris tavap\u00e4rane, kuid erinevus oli see, et n\u00fc\u00fcd sai just meie klass aulas k\u00f5ige l\u00e4hemal akendele olla. See oli meie esimene visuaalne t\u00f5estus, et koolimajas polegi meist vanemaid, suuremaid ega targemaid \u00f5pilasi, vaid 140. lend ongi n\u00fc\u00fcd l\u00f5pulend.<br \/>\n12. klassi teadmistep\u00e4eva teeb eriliseks privileeg esimese klassi juntsudega tegeleda. Peale g\u00fcmnaasiumi aktust saime paarikaupa \u00fche esimese klassi \u00f5pilase, kellele saime koolimaja n\u00e4idata. Viisime neid igale korrusele, s\u00f6\u00f6klasse, direktori kabineti ja jutustasime neile k\u00f5ike, mida me v\u00e4hegi koolimaja kohta teame. Samuti tegime v\u00e4ikestele ka kingid, n\u00e4iteks kaardid, raamatud ja kommid ning muidugi andsime neile n\u00e4pun\u00e4iteid tulevasteks aastateks. Seej\u00e4rel said 7-aastased endale poisi juures pidulikult teklid, mille j\u00e4rel suundusime tagasi koolimajja. Siis toimusid nende 2 esimest koolitundi, milleks olid f\u00fc\u00fcsika ja keemia, et nendele juba praegu tekiks reaalikale kohaselt huvi loodusteaduste vastu. Viimselt saatsime nad oma esimesse klassijuhatajatundi ja \u00fctlesime headaega.<br \/>\nSellega oli meie esimene koolip\u00e4ev l\u00f5ppenud. Kokkuv\u00f5tvalt oli koolip\u00e4ev veidi melanhoolne l\u00f5plikkuse t\u00f5ttu, kuid samas oli ka v\u00e4ga p\u00f5nev ja l\u00f5bus esimese klassi \u00f5pilaste eest hoolitseda.<\/p>\n\n\t\t<style type=\"text\/css\">\n\t\t\t#gallery-1 {\n\t\t\t\tmargin: auto;\n\t\t\t}\n\t\t\t#gallery-1 .gallery-item {\n\t\t\t\tfloat: left;\n\t\t\t\tmargin-top: 10px;\n\t\t\t\ttext-align: center;\n\t\t\t\twidth: 33%;\n\t\t\t}\n\t\t\t#gallery-1 img {\n\t\t\t\tborder: 2px solid #cfcfcf;\n\t\t\t}\n\t\t\t#gallery-1 .gallery-caption {\n\t\t\t\tmargin-left: 0;\n\t\t\t}\n\t\t\t\/* see gallery_shortcode() in wp-includes\/media.php *\/\n\t\t<\/style>\n\t\t<div id='gallery-1' class='gallery galleryid-497 gallery-columns-3 gallery-size-thumbnail'><dl class='gallery-item'>\n\t\t\t<dt class='gallery-icon landscape'>\n\t\t\t\t<a href='https:\/\/www.real.edu.ee\/ajaveeb\/140a\/2024\/09\/29\/teadmistepaev-ehk-12-klassi-algus\/img_1814\/'><img loading=\"lazy\" decoding=\"async\" width=\"150\" height=\"150\" src=\"https:\/\/www.real.edu.ee\/ajaveeb\/140a\/files\/2024\/09\/IMG_1814-150x150.jpg\" class=\"attachment-thumbnail size-thumbnail\" alt=\"\" \/><\/a>\n\t\t\t<\/dt><\/dl><dl class='gallery-item'>\n\t\t\t<dt class='gallery-icon landscape'>\n\t\t\t\t<a href='https:\/\/www.real.edu.ee\/ajaveeb\/140a\/2024\/09\/29\/teadmistepaev-ehk-12-klassi-algus\/img_1815\/'><img loading=\"lazy\" decoding=\"async\" width=\"150\" height=\"150\" src=\"https:\/\/www.real.edu.ee\/ajaveeb\/140a\/files\/2024\/09\/IMG_1815-150x150.jpg\" class=\"attachment-thumbnail size-thumbnail\" alt=\"\" \/><\/a>\n\t\t\t<\/dt><\/dl><dl class='gallery-item'>\n\t\t\t<dt class='gallery-icon landscape'>\n\t\t\t\t<a href='https:\/\/www.real.edu.ee\/ajaveeb\/140a\/2024\/09\/29\/teadmistepaev-ehk-12-klassi-algus\/img_1816\/'><img loading=\"lazy\" decoding=\"async\" width=\"150\" height=\"150\" src=\"https:\/\/www.real.edu.ee\/ajaveeb\/140a\/files\/2024\/09\/IMG_1816-150x150.jpg\" class=\"attachment-thumbnail size-thumbnail\" alt=\"\" \/><\/a>\n\t\t\t<\/dt><\/dl><br style=\"clear: both\" \/>\n\t\t<\/div>\n\n<p>Kirjutas Emil<\/p>\n","protected":false},"excerpt":{"rendered":"<p>Meie kaheteistk\u00fcmnes ja viimane kooliaasta algas teisel septembril suures majas. Meil kui abiturientidel polegi rohkem koolialgusaktuseid siin koolis. See p\u00e4ev oligi meie viimane v\u00f5imalus vaadata aktuse ajal selja taha ja n\u00e4ha seal pikka suve. Samas on ka praeguses hoones vaid paar aktust j\u00e4\u00e4nud, seni, kuni me peame asenduspinnale \u00e4ra kolima. G\u00fcmnaasiumi aktus oli \u00fcpris tavap\u00e4rane, [&hellip;]<\/p>\n","protected":false},"author":200,"featured_media":0,"comment_status":"closed","ping_status":"open","sticky":false,"template":"","format":"standard","meta":{"footnotes":""},"categories":[1],"tags":[],"class_list":["post-497","post","type-post","status-publish","format-standard","hentry","category-maaratlemata"],"_links":{"self":[{"href":"https:\/\/www.real.edu.ee\/ajaveeb\/140a\/wp-json\/wp\/v2\/posts\/497","targetHints":{"allow":["GET"]}}],"collection":[{"href":"https:\/\/www.real.edu.ee\/ajaveeb\/140a\/wp-json\/wp\/v2\/posts"}],"about":[{"href":"https:\/\/www.real.edu.ee\/ajaveeb\/140a\/wp-json\/wp\/v2\/types\/post"}],"author":[{"embeddable":true,"href":"https:\/\/www.real.edu.ee\/ajaveeb\/140a\/wp-json\/wp\/v2\/users\/200"}],"replies":[{"embeddable":true,"href":"https:\/\/www.real.edu.ee\/ajaveeb\/140a\/wp-json\/wp\/v2\/comments?post=497"}],"version-history":[{"count":1,"href":"https:\/\/www.real.edu.ee\/ajaveeb\/140a\/wp-json\/wp\/v2\/posts\/497\/revisions"}],"predecessor-version":[{"id":501,"href":"https:\/\/www.real.edu.ee\/ajaveeb\/140a\/wp-json\/wp\/v2\/posts\/497\/revisions\/501"}],"wp:attachment":[{"href":"https:\/\/www.real.edu.ee\/ajaveeb\/140a\/wp-json\/wp\/v2\/media?parent=497"}],"wp:term":[{"taxonomy":"category","embeddable":true,"href":"https:\/\/www.real.edu.ee\/ajaveeb\/140a\/wp-json\/wp\/v2\/categories?post=497"},{"taxonomy":"post_tag","embeddable":true,"href":"https:\/\/www.real.edu.ee\/ajaveeb\/140a\/wp-json\/wp\/v2\/tags?post=497"}],"curies":[{"name":"wp","href":"https:\/\/api.w.org\/{rel}","templated":true}]}}