{"id":482,"date":"2024-06-02T16:04:02","date_gmt":"2024-06-02T16:04:02","guid":{"rendered":"https:\/\/www.real.edu.ee\/ajaveeb\/140a\/?p=482"},"modified":"2024-09-29T16:04:42","modified_gmt":"2024-09-29T16:04:42","slug":"riigikaitselaager","status":"publish","type":"post","link":"https:\/\/www.real.edu.ee\/ajaveeb\/140a\/2024\/06\/02\/riigikaitselaager\/","title":{"rendered":"Riigikaitselaager"},"content":{"rendered":"<p>P\u00e4rast 23. mail toimunud uurimist\u00f6\u00f6de kaitsmist vurasime juba 24. mail bussiga Kesk-Eestisse riigikaitselaagri poole. P\u00e4rast ulatuslikku selgitust ja ohutusloengut tegime paar pauku lasketiirus ning seej\u00e4rel s\u00f5itsime edasi laagriplatsile. Kui k\u00f5ik olid saanud endale roheliselaigulised vormid selga ning nimesildid rinda tuli lahendada telgi p\u00fcstitamise m\u00f5istatus. P\u00e4rast m\u00f5nda aega pusimist ja teiste pealt piilumist said k\u00f5ikide gruppide telgid siiski p\u00fcsti ning \u00f5htus\u00f6\u00f6gil ka k\u00f5hud t\u00e4is. Seej\u00e4rel suundusid r\u00fchmajuhid juhtn\u00f6\u00f6re saama ning \u00fclej\u00e4\u00e4nud said meeldival viisil aega veeta. \u00d6\u00f6sel olid \u00fcles seatud vahid ning korra toimus isegi h\u00e4ire, mis osutus aga valeh\u00e4ireks.<\/p>\n\n\t\t<style type=\"text\/css\">\n\t\t\t#gallery-1 {\n\t\t\t\tmargin: auto;\n\t\t\t}\n\t\t\t#gallery-1 .gallery-item {\n\t\t\t\tfloat: left;\n\t\t\t\tmargin-top: 10px;\n\t\t\t\ttext-align: center;\n\t\t\t\twidth: 33%;\n\t\t\t}\n\t\t\t#gallery-1 img {\n\t\t\t\tborder: 2px solid #cfcfcf;\n\t\t\t}\n\t\t\t#gallery-1 .gallery-caption {\n\t\t\t\tmargin-left: 0;\n\t\t\t}\n\t\t\t\/* see gallery_shortcode() in wp-includes\/media.php *\/\n\t\t<\/style>\n\t\t<div id='gallery-1' class='gallery galleryid-482 gallery-columns-3 gallery-size-thumbnail'><dl class='gallery-item'>\n\t\t\t<dt class='gallery-icon landscape'>\n\t\t\t\t<a href='https:\/\/www.real.edu.ee\/ajaveeb\/140a\/2024\/06\/02\/riigikaitselaager\/img_9058\/'><img loading=\"lazy\" decoding=\"async\" width=\"150\" height=\"150\" src=\"https:\/\/www.real.edu.ee\/ajaveeb\/140a\/files\/2024\/09\/IMG_9058-150x150.jpeg\" class=\"attachment-thumbnail size-thumbnail\" alt=\"\" \/><\/a>\n\t\t\t<\/dt><\/dl><dl class='gallery-item'>\n\t\t\t<dt class='gallery-icon portrait'>\n\t\t\t\t<a href='https:\/\/www.real.edu.ee\/ajaveeb\/140a\/2024\/06\/02\/riigikaitselaager\/img_1812\/'><img loading=\"lazy\" decoding=\"async\" width=\"150\" height=\"150\" src=\"https:\/\/www.real.edu.ee\/ajaveeb\/140a\/files\/2024\/09\/IMG_1812-150x150.jpg\" class=\"attachment-thumbnail size-thumbnail\" alt=\"\" \/><\/a>\n\t\t\t<\/dt><\/dl><dl class='gallery-item'>\n\t\t\t<dt class='gallery-icon portrait'>\n\t\t\t\t<a href='https:\/\/www.real.edu.ee\/ajaveeb\/140a\/2024\/06\/02\/riigikaitselaager\/img_1808\/'><img loading=\"lazy\" decoding=\"async\" width=\"150\" height=\"150\" src=\"https:\/\/www.real.edu.ee\/ajaveeb\/140a\/files\/2024\/09\/IMG_1808-150x150.jpg\" class=\"attachment-thumbnail size-thumbnail\" alt=\"\" \/><\/a>\n\t\t\t<\/dt><\/dl><br style=\"clear: both\" \/><dl class='gallery-item'>\n\t\t\t<dt class='gallery-icon landscape'>\n\t\t\t\t<a href='https:\/\/www.real.edu.ee\/ajaveeb\/140a\/2024\/06\/02\/riigikaitselaager\/img_9085\/'><img loading=\"lazy\" decoding=\"async\" width=\"150\" height=\"150\" src=\"https:\/\/www.real.edu.ee\/ajaveeb\/140a\/files\/2024\/09\/IMG_9085-150x150.jpeg\" class=\"attachment-thumbnail size-thumbnail\" alt=\"\" \/><\/a>\n\t\t\t<\/dt><\/dl><dl class='gallery-item'>\n\t\t\t<dt class='gallery-icon portrait'>\n\t\t\t\t<a href='https:\/\/www.real.edu.ee\/ajaveeb\/140a\/2024\/06\/02\/riigikaitselaager\/img_9073\/'><img loading=\"lazy\" decoding=\"async\" width=\"150\" height=\"150\" src=\"https:\/\/www.real.edu.ee\/ajaveeb\/140a\/files\/2024\/09\/IMG_9073-150x150.jpeg\" class=\"attachment-thumbnail size-thumbnail\" alt=\"\" \/><\/a>\n\t\t\t<\/dt><\/dl><dl class='gallery-item'>\n\t\t\t<dt class='gallery-icon portrait'>\n\t\t\t\t<a href='https:\/\/www.real.edu.ee\/ajaveeb\/140a\/2024\/06\/02\/riigikaitselaager\/img_1810\/'><img loading=\"lazy\" decoding=\"async\" width=\"150\" height=\"150\" src=\"https:\/\/www.real.edu.ee\/ajaveeb\/140a\/files\/2024\/09\/IMG_1810-150x150.jpg\" class=\"attachment-thumbnail size-thumbnail\" alt=\"\" \/><\/a>\n\t\t\t<\/dt><\/dl><br style=\"clear: both\" \/>\n\t\t<\/div>\n\n<p>J\u00e4rgmisel hommikul said vapramad juba kl 6 \u00fcles karata, et minna varasele ujumisringile ning maa peal magamisest kangeid liigeseid veidi liigutada. P\u00e4rast hommikus\u00f6\u00f6ki algasid erinevad t\u00f6\u00f6toad, kus saime proovida telkmantli \u00fcles panemist, n\u00e4gude maskeerimist, marssimist, miiniv\u00e4lja l\u00e4bimist ja palju muud. P\u00e4rastl\u00f5unal k\u00fclastas meid v\u00e4ike \u00e4ikese- ja vihmapilv, mis muutis puuvillased telgid m\u00f5nusalt niisketeks ning osad telgid kukkusid isegi kokku. Kui laager end j\u00e4lle jalule sai ning telgi korstendest hakkasid kerkima kaunid suitsupilved, tekkis meil ligunenutel j\u00e4lle inimese tunne ning \u00f5ppimine sai j\u00e4tkuda. \u00d5htul seati taas paika vahikorrad ning enamus laagrist t\u00f5mbus magamiskottide sisse kerra. Uni aga kaua ei kestnud, sest juba varsti p\u00e4rast kesk\u00f6\u00f6d toimusid esimesed h\u00e4ired ning vahelduvate vahedega kestis see pea 2h. Vaenlane kimbutas meid mitmelt poolt, kuid koos Raplamaa koolide \u00f5pilastega suutsime olla vaprad ja oma lippu kaitsta. Umbes kella 2 paiku olime nii piisavalt vastaseid kinni nabinud, et k\u00f5ik kutsuti rivistusse ja teatati, et vastane on edukalt v\u00f5idetud ja k\u00f5ik edasised vahikorrad t\u00fchistatud.<\/p>\n\n\t\t<style type=\"text\/css\">\n\t\t\t#gallery-2 {\n\t\t\t\tmargin: auto;\n\t\t\t}\n\t\t\t#gallery-2 .gallery-item {\n\t\t\t\tfloat: left;\n\t\t\t\tmargin-top: 10px;\n\t\t\t\ttext-align: center;\n\t\t\t\twidth: 33%;\n\t\t\t}\n\t\t\t#gallery-2 img {\n\t\t\t\tborder: 2px solid #cfcfcf;\n\t\t\t}\n\t\t\t#gallery-2 .gallery-caption {\n\t\t\t\tmargin-left: 0;\n\t\t\t}\n\t\t\t\/* see gallery_shortcode() in wp-includes\/media.php *\/\n\t\t<\/style>\n\t\t<div id='gallery-2' class='gallery galleryid-482 gallery-columns-3 gallery-size-thumbnail'><dl class='gallery-item'>\n\t\t\t<dt class='gallery-icon landscape'>\n\t\t\t\t<a href='https:\/\/www.real.edu.ee\/ajaveeb\/140a\/2024\/06\/02\/riigikaitselaager\/img_9087\/'><img loading=\"lazy\" decoding=\"async\" width=\"150\" height=\"150\" src=\"https:\/\/www.real.edu.ee\/ajaveeb\/140a\/files\/2024\/09\/IMG_9087-150x150.jpeg\" class=\"attachment-thumbnail size-thumbnail\" alt=\"\" \/><\/a>\n\t\t\t<\/dt><\/dl><dl class='gallery-item'>\n\t\t\t<dt class='gallery-icon landscape'>\n\t\t\t\t<a href='https:\/\/www.real.edu.ee\/ajaveeb\/140a\/2024\/06\/02\/riigikaitselaager\/img_9094\/'><img loading=\"lazy\" decoding=\"async\" width=\"150\" height=\"150\" src=\"https:\/\/www.real.edu.ee\/ajaveeb\/140a\/files\/2024\/09\/IMG_9094-150x150.jpeg\" class=\"attachment-thumbnail size-thumbnail\" alt=\"\" \/><\/a>\n\t\t\t<\/dt><\/dl><dl class='gallery-item'>\n\t\t\t<dt class='gallery-icon portrait'>\n\t\t\t\t<a href='https:\/\/www.real.edu.ee\/ajaveeb\/140a\/2024\/06\/02\/riigikaitselaager\/img_1813\/'><img loading=\"lazy\" decoding=\"async\" width=\"150\" height=\"150\" src=\"https:\/\/www.real.edu.ee\/ajaveeb\/140a\/files\/2024\/09\/IMG_1813-150x150.jpg\" class=\"attachment-thumbnail size-thumbnail\" alt=\"\" \/><\/a>\n\t\t\t<\/dt><\/dl><br style=\"clear: both\" \/><dl class='gallery-item'>\n\t\t\t<dt class='gallery-icon portrait'>\n\t\t\t\t<a href='https:\/\/www.real.edu.ee\/ajaveeb\/140a\/2024\/06\/02\/riigikaitselaager\/img_1807\/'><img loading=\"lazy\" decoding=\"async\" width=\"150\" height=\"150\" src=\"https:\/\/www.real.edu.ee\/ajaveeb\/140a\/files\/2024\/09\/IMG_1807-150x150.jpg\" class=\"attachment-thumbnail size-thumbnail\" alt=\"\" \/><\/a>\n\t\t\t<\/dt><\/dl><dl class='gallery-item'>\n\t\t\t<dt class='gallery-icon landscape'>\n\t\t\t\t<a href='https:\/\/www.real.edu.ee\/ajaveeb\/140a\/2024\/06\/02\/riigikaitselaager\/img_9130\/'><img loading=\"lazy\" decoding=\"async\" width=\"150\" height=\"150\" src=\"https:\/\/www.real.edu.ee\/ajaveeb\/140a\/files\/2024\/09\/IMG_9130-150x150.jpeg\" class=\"attachment-thumbnail size-thumbnail\" alt=\"\" \/><\/a>\n\t\t\t<\/dt><\/dl><dl class='gallery-item'>\n\t\t\t<dt class='gallery-icon landscape'>\n\t\t\t\t<a href='https:\/\/www.real.edu.ee\/ajaveeb\/140a\/2024\/06\/02\/riigikaitselaager\/img_9109\/'><img loading=\"lazy\" decoding=\"async\" width=\"150\" height=\"150\" src=\"https:\/\/www.real.edu.ee\/ajaveeb\/140a\/files\/2024\/09\/IMG_9109-150x150.jpeg\" class=\"attachment-thumbnail size-thumbnail\" alt=\"\" \/><\/a>\n\t\t\t<\/dt><\/dl><br style=\"clear: both\" \/>\n\t\t<\/div>\n\n<p>Oma \u00f6ise edu t\u00f5ttu saime magada j\u00e4rgmisel hommikul tunni v\u00f5rra kauem (kuigi endiselt said tublimad kl 6 minna hommikusele ujumisele) ning p\u00e4rast kosutavat hommikus\u00f6\u00f6ki suundusime oma viimastesse t\u00f6\u00f6tubadesse. L\u00f5unapaiku pakkisime kogu laagri kokku ja oligi aeg taas bussiga tava\u00fchiskonda naasta.<\/p>\n<p>Kirjutas Sigrid<\/p>\n","protected":false},"excerpt":{"rendered":"<p>P\u00e4rast 23. mail toimunud uurimist\u00f6\u00f6de kaitsmist vurasime juba 24. mail bussiga Kesk-Eestisse riigikaitselaagri poole. P\u00e4rast ulatuslikku selgitust ja ohutusloengut tegime paar pauku lasketiirus ning seej\u00e4rel s\u00f5itsime edasi laagriplatsile. Kui k\u00f5ik olid saanud endale roheliselaigulised vormid selga ning nimesildid rinda tuli lahendada telgi p\u00fcstitamise m\u00f5istatus. P\u00e4rast m\u00f5nda aega pusimist ja teiste pealt piilumist said k\u00f5ikide gruppide [&hellip;]<\/p>\n","protected":false},"author":200,"featured_media":0,"comment_status":"closed","ping_status":"open","sticky":false,"template":"","format":"standard","meta":{"footnotes":""},"categories":[1],"tags":[],"class_list":["post-482","post","type-post","status-publish","format-standard","hentry","category-maaratlemata"],"_links":{"self":[{"href":"https:\/\/www.real.edu.ee\/ajaveeb\/140a\/wp-json\/wp\/v2\/posts\/482","targetHints":{"allow":["GET"]}}],"collection":[{"href":"https:\/\/www.real.edu.ee\/ajaveeb\/140a\/wp-json\/wp\/v2\/posts"}],"about":[{"href":"https:\/\/www.real.edu.ee\/ajaveeb\/140a\/wp-json\/wp\/v2\/types\/post"}],"author":[{"embeddable":true,"href":"https:\/\/www.real.edu.ee\/ajaveeb\/140a\/wp-json\/wp\/v2\/users\/200"}],"replies":[{"embeddable":true,"href":"https:\/\/www.real.edu.ee\/ajaveeb\/140a\/wp-json\/wp\/v2\/comments?post=482"}],"version-history":[{"count":1,"href":"https:\/\/www.real.edu.ee\/ajaveeb\/140a\/wp-json\/wp\/v2\/posts\/482\/revisions"}],"predecessor-version":[{"id":496,"href":"https:\/\/www.real.edu.ee\/ajaveeb\/140a\/wp-json\/wp\/v2\/posts\/482\/revisions\/496"}],"wp:attachment":[{"href":"https:\/\/www.real.edu.ee\/ajaveeb\/140a\/wp-json\/wp\/v2\/media?parent=482"}],"wp:term":[{"taxonomy":"category","embeddable":true,"href":"https:\/\/www.real.edu.ee\/ajaveeb\/140a\/wp-json\/wp\/v2\/categories?post=482"},{"taxonomy":"post_tag","embeddable":true,"href":"https:\/\/www.real.edu.ee\/ajaveeb\/140a\/wp-json\/wp\/v2\/tags?post=482"}],"curies":[{"name":"wp","href":"https:\/\/api.w.org\/{rel}","templated":true}]}}