{"id":553,"date":"2023-05-25T07:40:34","date_gmt":"2023-05-25T07:40:34","guid":{"rendered":"https:\/\/www.real.edu.ee\/ajaveeb\/139c\/?p=553"},"modified":"2023-05-31T09:35:28","modified_gmt":"2023-05-31T09:35:28","slug":"gumnaasiumi-kevadkontsert","status":"publish","type":"post","link":"https:\/\/www.real.edu.ee\/ajaveeb\/139c\/2023\/05\/25\/gumnaasiumi-kevadkontsert\/","title":{"rendered":"G\u00fcmnaasiumi kevadkontsert"},"content":{"rendered":"<h3><span style=\"color: #008080\"><em><span style=\"font-family: 'times new roman', times, serif\">25. mail toimus Tallinna Reaalkoolis iga-aastane kevadkontsert!<\/span><\/em><\/span><\/h3>\n<p><span style=\"font-family: 'times new roman', times, serif\"> Sellele eelnes paarin\u00e4dalane kevadv\u00e4simus (t\u00fcdimus) &#8211; k\u00f5ik olid koolit\u00f6\u00f6dest nii kurnatud, et kontserti organiseerimiseks j\u00e4i v\u00e4he motivatsiooni. Kogu pinge kogunes eelnevale n\u00e4dalale, kus miski polnud kindel &#8211; kas kevadkontsert \u00fcldse saab toimuda? Kes ja kuidas esinevad? AGA nagu tavaliselt, k\u00f5ik sujus\u202625. maiks olid imekombel esinejad valmis kontserti andma. Ja nii oligi\u2026 Tuli \u00fcks imeline kontsert, mida kiitsid peaaegu k\u00f5ik kohalolijad. Eriti lahe oli kuulda tagasisidet nagu \u201ckuidas Reaalis k\u00fcll nii palju musikaalseid ja andekaid noori on?\u201d Muusikat oli palju, nii klaverikontserte, Rock and Rolli, koorimuusikat, Siim Laane omaloomingut, keelpillitriot, puhkpillikvintetti ja palju muud\u2026 Kokkuv\u00f5ttes terviklik kontsert! Loodetavasti saame ka j\u00e4rgmine kevad \u00f5pilaste esitluses muusika nautida! Ait\u00e4h, \u00f5petaja Eve Karp, et nii p\u00fchendunult meid ikka ja alati muusikalainele viid! Nauditav oli kuulata ja veel vingem esineda \ud83d\ude42<\/span><\/p>\n<p><span style=\"font-family: 'times new roman', times, serif\">Kirjutas meie laulik Kristenprun ja pildid tegi Simone.<\/span><\/p>\n<p><img loading=\"lazy\" decoding=\"async\" class=\"alignnone wp-image-554\" src=\"http:\/\/www.real.edu.ee\/ajaveeb\/139c\/files\/2023\/05\/DSC02362-300x200.jpeg\" alt=\"\" width=\"483\" height=\"322\" srcset=\"https:\/\/www.real.edu.ee\/ajaveeb\/139c\/files\/2023\/05\/DSC02362-300x200.jpeg 300w, https:\/\/www.real.edu.ee\/ajaveeb\/139c\/files\/2023\/05\/DSC02362-1024x683.jpeg 1024w, https:\/\/www.real.edu.ee\/ajaveeb\/139c\/files\/2023\/05\/DSC02362-768x512.jpeg 768w, https:\/\/www.real.edu.ee\/ajaveeb\/139c\/files\/2023\/05\/DSC02362-1536x1024.jpeg 1536w, https:\/\/www.real.edu.ee\/ajaveeb\/139c\/files\/2023\/05\/DSC02362-2048x1365.jpeg 2048w\" sizes=\"auto, (max-width: 483px) 100vw, 483px\" \/> <img loading=\"lazy\" decoding=\"async\" class=\"alignnone wp-image-555\" src=\"http:\/\/www.real.edu.ee\/ajaveeb\/139c\/files\/2023\/05\/DSC02344-300x200.jpeg\" alt=\"\" width=\"482\" height=\"321\" srcset=\"https:\/\/www.real.edu.ee\/ajaveeb\/139c\/files\/2023\/05\/DSC02344-300x200.jpeg 300w, https:\/\/www.real.edu.ee\/ajaveeb\/139c\/files\/2023\/05\/DSC02344-1024x683.jpeg 1024w, https:\/\/www.real.edu.ee\/ajaveeb\/139c\/files\/2023\/05\/DSC02344-768x512.jpeg 768w, https:\/\/www.real.edu.ee\/ajaveeb\/139c\/files\/2023\/05\/DSC02344-1536x1024.jpeg 1536w, https:\/\/www.real.edu.ee\/ajaveeb\/139c\/files\/2023\/05\/DSC02344-2048x1365.jpeg 2048w\" sizes=\"auto, (max-width: 482px) 100vw, 482px\" \/><\/p>\n","protected":false},"excerpt":{"rendered":"<p>25. mail toimus Tallinna Reaalkoolis iga-aastane kevadkontsert! Sellele eelnes paarin\u00e4dalane kevadv\u00e4simus (t\u00fcdimus) &#8211; k\u00f5ik olid koolit\u00f6\u00f6dest nii kurnatud, et kontserti organiseerimiseks j\u00e4i v\u00e4he motivatsiooni. Kogu pinge kogunes eelnevale n\u00e4dalale, kus miski polnud kindel &#8211; kas kevadkontsert \u00fcldse saab toimuda? Kes ja kuidas esinevad? AGA nagu tavaliselt, k\u00f5ik sujus\u202625. maiks olid imekombel esinejad valmis kontserti andma. [&hellip;]<\/p>\n","protected":false},"author":186,"featured_media":0,"comment_status":"closed","ping_status":"open","sticky":false,"template":"","format":"standard","meta":{"footnotes":""},"categories":[3],"tags":[],"class_list":["post-553","post","type-post","status-publish","format-standard","hentry","category-11-klass-ehk-uurimistoo"],"_links":{"self":[{"href":"https:\/\/www.real.edu.ee\/ajaveeb\/139c\/wp-json\/wp\/v2\/posts\/553","targetHints":{"allow":["GET"]}}],"collection":[{"href":"https:\/\/www.real.edu.ee\/ajaveeb\/139c\/wp-json\/wp\/v2\/posts"}],"about":[{"href":"https:\/\/www.real.edu.ee\/ajaveeb\/139c\/wp-json\/wp\/v2\/types\/post"}],"author":[{"embeddable":true,"href":"https:\/\/www.real.edu.ee\/ajaveeb\/139c\/wp-json\/wp\/v2\/users\/186"}],"replies":[{"embeddable":true,"href":"https:\/\/www.real.edu.ee\/ajaveeb\/139c\/wp-json\/wp\/v2\/comments?post=553"}],"version-history":[{"count":16,"href":"https:\/\/www.real.edu.ee\/ajaveeb\/139c\/wp-json\/wp\/v2\/posts\/553\/revisions"}],"predecessor-version":[{"id":578,"href":"https:\/\/www.real.edu.ee\/ajaveeb\/139c\/wp-json\/wp\/v2\/posts\/553\/revisions\/578"}],"wp:attachment":[{"href":"https:\/\/www.real.edu.ee\/ajaveeb\/139c\/wp-json\/wp\/v2\/media?parent=553"}],"wp:term":[{"taxonomy":"category","embeddable":true,"href":"https:\/\/www.real.edu.ee\/ajaveeb\/139c\/wp-json\/wp\/v2\/categories?post=553"},{"taxonomy":"post_tag","embeddable":true,"href":"https:\/\/www.real.edu.ee\/ajaveeb\/139c\/wp-json\/wp\/v2\/tags?post=553"}],"curies":[{"name":"wp","href":"https:\/\/api.w.org\/{rel}","templated":true}]}}