{"id":504,"date":"2023-05-18T15:05:04","date_gmt":"2023-05-18T15:05:04","guid":{"rendered":"https:\/\/www.real.edu.ee\/ajaveeb\/139c\/?p=504"},"modified":"2023-05-31T09:37:08","modified_gmt":"2023-05-31T09:37:08","slug":"504","status":"publish","type":"post","link":"https:\/\/www.real.edu.ee\/ajaveeb\/139c\/2023\/05\/18\/504\/","title":{"rendered":"Inim\u00f5igused on \u00fchiskonna alus"},"content":{"rendered":"<h3><span style=\"color: #008080\"><em><span style=\"font-family: 'times new roman', times, serif\"><span style=\"font-weight: 400\">Meie klassijuhataja Madis Somelar on juba \u00fcle k\u00fcmne aasta osalenud erinevates projektides, mis on suunatud inim\u00f5iguste \u00f5petamisele, noorte osalusele ja \u00f5pilaste kodanikup\u00e4devuste arendamisele. <\/span><\/span><\/em><\/span><\/h3>\n<p><span style=\"font-family: 'times new roman', times, serif\"><span style=\"font-weight: 400\">Ajaloo\u00f5petajana on ta meie tundidesse kutsunud erinevaid esinejaid (M. Tsahkna, T.\u00a0 Lukas jne..) ning koost\u00f6\u00f6s Haridusministeeriumi ja Norraga k\u00e4is meil taaskord \u00fcks p\u00f5nev \u00f5petaja k\u00fclas. 18. mail andis meile tundi <\/span><span style=\"font-weight: 400\">Tartu \u00dclikoolis inim\u00f5iguste aktivistiks \u00f5ppiv \u00fcli\u00f5pilane <\/span><span style=\"font-weight: 400\">Jennifer Nwaka. <\/span><span style=\"font-weight: 400\">Ta r\u00e4\u00e4kis meile, et tahab inim\u00f5iguste aktivistiks saada sellep\u00e4rast, et ta on Nigeeriast ja seal inim\u00f5iguste arvestamisega on t\u00f5sised probleemid. Ta \u00f5pib Eestis selleks, et oma kodumaale tagasi minna ning inim\u00f5iguste eest v\u00f5idelda. Selle jaoks tuleb k\u00f5igepealt aru saada ja \u00f5ppida, mis inim\u00f5igused on, ja milleks nad vajalikud on. Klassis tekkis p\u00f5nev diskussioon ja <\/span><span style=\"font-weight: 400\">Jennifer<\/span><span style=\"font-weight: 400\"> k\u00fcsis ka meilt, kas me oleksime n\u00f5us eba\u00f5igluse olemasolul inim\u00f5iguste eest v\u00e4lja astuma. Tema \u00fcllatuseks polnud enamus selleks valmis, kuid kollektiivselt leidsime, et see on nii sellep\u00e4rast, et Eestis on inim\u00f5igused tagatud ja kriisi pole (kui see tuleks, oleksid vastused ilmselt teised). J\u00f5udsime j\u00e4reldusele, et Eestis on ikka hea elada ja et me peaksime rohkem v\u00e4\u00e4rtustama oma riiki. Tunni l\u00f5pus r\u00f5hutas <\/span><span style=\"font-weight: 400\">Jennifer<\/span><span style=\"font-weight: 400\"> inimlikkust ja seda, et alati tuleb inimesi aidata, sest see hoiab \u00fchiskonda koos ja kui sina seda ei tee, ei pruugi seda ka keegi teine teha. Seega julge hundi rind on rasvane!<\/span><\/span><\/p>\n<p><span style=\"font-family: 'times new roman', times, serif\">Kirjutas Allar<\/span><\/p>\n<p><img loading=\"lazy\" decoding=\"async\" class=\"alignnone wp-image-507\" src=\"http:\/\/www.real.edu.ee\/ajaveeb\/139c\/files\/2023\/05\/unnamed-1-300x268.jpeg\" alt=\"\" width=\"429\" height=\"384\" srcset=\"https:\/\/www.real.edu.ee\/ajaveeb\/139c\/files\/2023\/05\/unnamed-1-300x268.jpeg 300w, https:\/\/www.real.edu.ee\/ajaveeb\/139c\/files\/2023\/05\/unnamed-1-1024x916.jpeg 1024w, https:\/\/www.real.edu.ee\/ajaveeb\/139c\/files\/2023\/05\/unnamed-1-768x687.jpeg 768w, https:\/\/www.real.edu.ee\/ajaveeb\/139c\/files\/2023\/05\/unnamed-1-1536x1374.jpeg 1536w, https:\/\/www.real.edu.ee\/ajaveeb\/139c\/files\/2023\/05\/unnamed-1-2048x1832.jpeg 2048w\" sizes=\"auto, (max-width: 429px) 100vw, 429px\" \/><br style=\"font-weight: 400\" \/><br style=\"font-weight: 400\" \/><\/p>\n<p>&nbsp;<\/p>\n","protected":false},"excerpt":{"rendered":"<p>Meie klassijuhataja Madis Somelar on juba \u00fcle k\u00fcmne aasta osalenud erinevates projektides, mis on suunatud inim\u00f5iguste \u00f5petamisele, noorte osalusele ja \u00f5pilaste kodanikup\u00e4devuste arendamisele. Ajaloo\u00f5petajana on ta meie tundidesse kutsunud erinevaid esinejaid (M. Tsahkna, T.\u00a0 Lukas jne..) ning koost\u00f6\u00f6s Haridusministeeriumi ja Norraga k\u00e4is meil taaskord \u00fcks p\u00f5nev \u00f5petaja k\u00fclas. 18. mail andis meile tundi Tartu \u00dclikoolis [&hellip;]<\/p>\n","protected":false},"author":186,"featured_media":0,"comment_status":"closed","ping_status":"open","sticky":false,"template":"","format":"standard","meta":{"footnotes":""},"categories":[3],"tags":[],"class_list":["post-504","post","type-post","status-publish","format-standard","hentry","category-11-klass-ehk-uurimistoo"],"_links":{"self":[{"href":"https:\/\/www.real.edu.ee\/ajaveeb\/139c\/wp-json\/wp\/v2\/posts\/504","targetHints":{"allow":["GET"]}}],"collection":[{"href":"https:\/\/www.real.edu.ee\/ajaveeb\/139c\/wp-json\/wp\/v2\/posts"}],"about":[{"href":"https:\/\/www.real.edu.ee\/ajaveeb\/139c\/wp-json\/wp\/v2\/types\/post"}],"author":[{"embeddable":true,"href":"https:\/\/www.real.edu.ee\/ajaveeb\/139c\/wp-json\/wp\/v2\/users\/186"}],"replies":[{"embeddable":true,"href":"https:\/\/www.real.edu.ee\/ajaveeb\/139c\/wp-json\/wp\/v2\/comments?post=504"}],"version-history":[{"count":4,"href":"https:\/\/www.real.edu.ee\/ajaveeb\/139c\/wp-json\/wp\/v2\/posts\/504\/revisions"}],"predecessor-version":[{"id":580,"href":"https:\/\/www.real.edu.ee\/ajaveeb\/139c\/wp-json\/wp\/v2\/posts\/504\/revisions\/580"}],"wp:attachment":[{"href":"https:\/\/www.real.edu.ee\/ajaveeb\/139c\/wp-json\/wp\/v2\/media?parent=504"}],"wp:term":[{"taxonomy":"category","embeddable":true,"href":"https:\/\/www.real.edu.ee\/ajaveeb\/139c\/wp-json\/wp\/v2\/categories?post=504"},{"taxonomy":"post_tag","embeddable":true,"href":"https:\/\/www.real.edu.ee\/ajaveeb\/139c\/wp-json\/wp\/v2\/tags?post=504"}],"curies":[{"name":"wp","href":"https:\/\/api.w.org\/{rel}","templated":true}]}}