{"id":448,"date":"2023-02-09T22:01:26","date_gmt":"2023-02-09T22:01:26","guid":{"rendered":"https:\/\/www.real.edu.ee\/ajaveeb\/139c\/?p=448"},"modified":"2023-05-31T09:42:55","modified_gmt":"2023-05-31T09:42:55","slug":"belgia-vahvlid-ja-president-zelenskiy","status":"publish","type":"post","link":"https:\/\/www.real.edu.ee\/ajaveeb\/139c\/2023\/02\/09\/belgia-vahvlid-ja-president-zelenskiy\/","title":{"rendered":"Belgia vahvlid ja president Zelenskiy"},"content":{"rendered":"<h3><span style=\"color: #008080\"><em><span style=\"font-weight: 400;font-family: 'times new roman', times, serif\">8.-9. veebruaril avanes k\u00fcmnel g\u00fcmnaasiumi\u00f5pilasel ja -\u00f5petajal harukordne v\u00f5imalus k\u00fclastada Urmas Paedi kutsel\u00a0 Euroopa Parlamenti Br\u00fcsselis. <\/span><\/em><\/span><\/h3>\n<p><span style=\"font-weight: 400;font-family: 'times new roman', times, serif\">Reisil \u00f5piti tundma Euroopa Liidu institutsioone, k\u00f5neleti p\u00e4evapoliitikast, k\u00fclastastati Euroopa Ajaloo Maja ning tutvuti kohalike vaatamisv\u00e4\u00e4rsustega. Meie klassist k\u00e4isid reisil kaasas klassivanem Ants ja Hildegard. ELi parlamendisaadik Urmas Paet oli v\u00e4ga k\u00fclalislahe ja hea huumorisoonega ning reis oli \u00fctlemata tore. Lisaks ELi hoonetega tutvumisele k\u00fclastasime ka Picasso n\u00e4itust, vaatasime \u00e4ra linna s\u00fcmboli &#8211; pissiva poisi kuju ja s\u00f5ime palju Belgia vahvleid. Reisi tipps\u00fcndmus oli aga siiski Ukraina presidendi Zelenskiy n\u00e4gemine ja talle lehvitamine. Suured t\u00e4nud Paedile sellise v\u00f5imaluse eest!<\/span><\/p>\n<p><strong><span style=\"font-family: 'times new roman', times, serif\">9. jaanuaril 2023 president Zelenskiy Euroopa Parlamendis peetud k\u00f5ne on vaadatav siit<\/span><\/strong>: https:\/\/www.wsj.com\/video\/video-zelensky-addresses-eu-parliament-in-brussels-meets-leaders\/955951AF-996C-40B4-B1B4-07D9E26381B4.html<\/p>\n<p><img loading=\"lazy\" decoding=\"async\" class=\"alignnone wp-image-449\" src=\"http:\/\/www.real.edu.ee\/ajaveeb\/139c\/files\/2023\/02\/330198351_2893576700775543_4971433798730887580_n-300x225.jpeg\" alt=\"\" width=\"603\" height=\"452\" srcset=\"https:\/\/www.real.edu.ee\/ajaveeb\/139c\/files\/2023\/02\/330198351_2893576700775543_4971433798730887580_n-300x225.jpeg 300w, https:\/\/www.real.edu.ee\/ajaveeb\/139c\/files\/2023\/02\/330198351_2893576700775543_4971433798730887580_n-768x576.jpeg 768w, https:\/\/www.real.edu.ee\/ajaveeb\/139c\/files\/2023\/02\/330198351_2893576700775543_4971433798730887580_n.jpeg 960w\" sizes=\"auto, (max-width: 603px) 100vw, 603px\" \/><\/p>\n","protected":false},"excerpt":{"rendered":"<p>8.-9. veebruaril avanes k\u00fcmnel g\u00fcmnaasiumi\u00f5pilasel ja -\u00f5petajal harukordne v\u00f5imalus k\u00fclastada Urmas Paedi kutsel\u00a0 Euroopa Parlamenti Br\u00fcsselis. Reisil \u00f5piti tundma Euroopa Liidu institutsioone, k\u00f5neleti p\u00e4evapoliitikast, k\u00fclastastati Euroopa Ajaloo Maja ning tutvuti kohalike vaatamisv\u00e4\u00e4rsustega. Meie klassist k\u00e4isid reisil kaasas klassivanem Ants ja Hildegard. ELi parlamendisaadik Urmas Paet oli v\u00e4ga k\u00fclalislahe ja hea huumorisoonega ning reis oli \u00fctlemata [&hellip;]<\/p>\n","protected":false},"author":186,"featured_media":0,"comment_status":"closed","ping_status":"open","sticky":false,"template":"","format":"standard","meta":{"footnotes":""},"categories":[3,5],"tags":[],"class_list":["post-448","post","type-post","status-publish","format-standard","hentry","category-11-klass-ehk-uurimistoo","category-meie-aktiivsed-opilased"],"_links":{"self":[{"href":"https:\/\/www.real.edu.ee\/ajaveeb\/139c\/wp-json\/wp\/v2\/posts\/448","targetHints":{"allow":["GET"]}}],"collection":[{"href":"https:\/\/www.real.edu.ee\/ajaveeb\/139c\/wp-json\/wp\/v2\/posts"}],"about":[{"href":"https:\/\/www.real.edu.ee\/ajaveeb\/139c\/wp-json\/wp\/v2\/types\/post"}],"author":[{"embeddable":true,"href":"https:\/\/www.real.edu.ee\/ajaveeb\/139c\/wp-json\/wp\/v2\/users\/186"}],"replies":[{"embeddable":true,"href":"https:\/\/www.real.edu.ee\/ajaveeb\/139c\/wp-json\/wp\/v2\/comments?post=448"}],"version-history":[{"count":2,"href":"https:\/\/www.real.edu.ee\/ajaveeb\/139c\/wp-json\/wp\/v2\/posts\/448\/revisions"}],"predecessor-version":[{"id":590,"href":"https:\/\/www.real.edu.ee\/ajaveeb\/139c\/wp-json\/wp\/v2\/posts\/448\/revisions\/590"}],"wp:attachment":[{"href":"https:\/\/www.real.edu.ee\/ajaveeb\/139c\/wp-json\/wp\/v2\/media?parent=448"}],"wp:term":[{"taxonomy":"category","embeddable":true,"href":"https:\/\/www.real.edu.ee\/ajaveeb\/139c\/wp-json\/wp\/v2\/categories?post=448"},{"taxonomy":"post_tag","embeddable":true,"href":"https:\/\/www.real.edu.ee\/ajaveeb\/139c\/wp-json\/wp\/v2\/tags?post=448"}],"curies":[{"name":"wp","href":"https:\/\/api.w.org\/{rel}","templated":true}]}}