{"id":387,"date":"2022-11-13T22:13:06","date_gmt":"2022-11-13T22:13:06","guid":{"rendered":"https:\/\/www.real.edu.ee\/ajaveeb\/139c\/?p=387"},"modified":"2023-05-31T09:46:41","modified_gmt":"2023-05-31T09:46:41","slug":"reaali-poiss-95","status":"publish","type":"post","link":"https:\/\/www.real.edu.ee\/ajaveeb\/139c\/2022\/11\/13\/reaali-poiss-95\/","title":{"rendered":"Reaali Poiss 95"},"content":{"rendered":"<h3><span style=\"color: #008080;font-family: 'times new roman', times, serif\"><em><span style=\"font-weight: 400\">Reaali Poiss sai 13. novembril 95-aastaseks!<\/span><\/em><\/span><\/h3>\n<p><span style=\"font-weight: 400;font-family: 'times new roman', times, serif\">Kahjuks ei saa me kooli k\u00f5rval n\u00e4ha originaalset Peeter I kuju saabastest ja k\u00e4test valatud poissi n\u00e4ha, kuid selle j\u00e4rglane on ka k\u00fcllaltki hea asendus. Reaalkoolile omaselt t\u00e4histati poisi s\u00fcnnip\u00e4eva suurelt. Eriti oli p\u00f5hjust t\u00e4histada niiv\u00f5rd ilusa numbri puhul. P\u00e4ev algas meil klassijuhatajatunniga, kus meile tulid esinema Taani s\u00f5durid Tapalt. Nad r\u00e4\u00e4kisid meile elust s\u00f5durina Tapal ning Eesti Vabariigi kaitsev\u00f5imest. M\u00f5ned tunnid veel tulid ja l\u00e4ksid kiiremini kui tavaliselt, sest tegu oli l\u00fchendatud koolip\u00e4evaga. Kell 10:45 kogunes terve g\u00fcmnaasium ja ka 9. klass poisi juurde. Esindatud olid ka Westholm ja GAG ning Eesti toonaste liitlaste suursaadikud. Kohal oli ka Tallinna linnapea K\u00f5lvart ning Kalevi jalav\u00e4epataljoni esindus, kes pidasid m\u00f5lemad ka k\u00f5ne. K\u00f5ne pidas ka REKi president Sten Martin Kabrits. Peale tseremooniat monumendi juures koguneti staadionile, kus reamehed serveerisid meile s\u00f5durisuppi ja moosipalle. K\u00f5rvale sai ka sooja teed juua. Tegu oli keskmisest v\u00e4ga palju meeldivama s\u00f6\u00f6givahetunniga. Edasi liiguti aulasse n\u00e4itust vaatama. N\u00e4itusel oli n\u00e4ha tolle aegseid relvi ja pilte. 12:30 algas Vene teatris pikk ajalookonverents. Konverentsi alustas a-klassi Kaspar Pajo, kes r\u00e4\u00e4kis Reaali Poisi loo tervele kontserdisaalile. Talle j\u00e4rgnesid GAGi ja Westholmi esindajad, kes k\u00f5nelesid oma koolide \u00f5pilastest ja \u00f5petajatest vabaduss\u00f5jas. T\u00e4pselt keskel r\u00e4\u00e4kis meie klassi Ants Erik huvitavalt nimedest Tallinna Reaalkooli marmortahvlil &#8211; oleme ta \u00fcle v\u00e4ga uhked! Peale teda jutustasid Rakvere g\u00fcmnaasiumi ja Hugo Treffneri g\u00fcmnaasiumi esindajad oma koolide panustest Vabaduss\u00f5jale. Viimasena r\u00e4\u00e4kis 12.a \u00f5pilane Kristjan Suuder meie kooli ajaloom\u00e4lu hoidmisest. Pikkade jutustuste vahel sai m\u00f5nikord kuulda ka Tallinna Reaalkooli meesteansambli laulmist, millesse kuuluvad ka meie klassist Karl Marten, Otto ja Erik. P\u00e4ev l\u00f5ppes Reaali h\u00fcmni laulmisega terve saali poolt. Eesti ajaloo s\u00e4ilitamiseks on v\u00e4ga oluline t\u00e4histada ja meeles pidada niiv\u00f5rd m\u00e4rgilisi s\u00fcndmusi ning me k\u00f5ik v\u00f5lgneme \u00fche suure t\u00e4nu \u00fcrituse peakorraldajale, meie armsale klassijuhatajale Madis Somelarile.<\/span><\/p>\n<p><span style=\"font-family: 'times new roman', times, serif\"><span style=\"font-weight: 400\">Tutvustav uudis n\u00e4htav siit! <\/span><a href=\"https:\/\/www.youtube.com\/watch?v=2dhGpL6Lkhg\"><span style=\"font-weight: 400\">https:\/\/www.youtube.com\/watch?v=2dhGpL6Lkhg<\/span><\/a><\/span><\/p>\n<p><span style=\"font-weight: 400;font-family: 'times new roman', times, serif\">Kirjutas Martin<\/span><\/p>\n<p><span style=\"font-weight: 400;font-family: 'times new roman', times, serif\">Pildid erakogust.<\/span><\/p>\n<p><img loading=\"lazy\" decoding=\"async\" class=\"alignnone wp-image-388\" src=\"http:\/\/www.real.edu.ee\/ajaveeb\/139c\/files\/2022\/11\/316164941_5751662668228081_1894122898978493597_n-300x200.jpeg\" alt=\"\" width=\"548\" height=\"365\" srcset=\"https:\/\/www.real.edu.ee\/ajaveeb\/139c\/files\/2022\/11\/316164941_5751662668228081_1894122898978493597_n-300x200.jpeg 300w, https:\/\/www.real.edu.ee\/ajaveeb\/139c\/files\/2022\/11\/316164941_5751662668228081_1894122898978493597_n-1024x683.jpeg 1024w, https:\/\/www.real.edu.ee\/ajaveeb\/139c\/files\/2022\/11\/316164941_5751662668228081_1894122898978493597_n-768x512.jpeg 768w, https:\/\/www.real.edu.ee\/ajaveeb\/139c\/files\/2022\/11\/316164941_5751662668228081_1894122898978493597_n-1536x1024.jpeg 1536w, https:\/\/www.real.edu.ee\/ajaveeb\/139c\/files\/2022\/11\/316164941_5751662668228081_1894122898978493597_n.jpeg 2048w\" sizes=\"auto, (max-width: 548px) 100vw, 548px\" \/> <img loading=\"lazy\" decoding=\"async\" class=\"alignnone wp-image-389\" src=\"http:\/\/www.real.edu.ee\/ajaveeb\/139c\/files\/2022\/11\/IMG_1570-169x300.jpeg\" alt=\"\" width=\"214\" height=\"380\" srcset=\"https:\/\/www.real.edu.ee\/ajaveeb\/139c\/files\/2022\/11\/IMG_1570-169x300.jpeg 169w, https:\/\/www.real.edu.ee\/ajaveeb\/139c\/files\/2022\/11\/IMG_1570-576x1024.jpeg 576w, https:\/\/www.real.edu.ee\/ajaveeb\/139c\/files\/2022\/11\/IMG_1570-768x1365.jpeg 768w, https:\/\/www.real.edu.ee\/ajaveeb\/139c\/files\/2022\/11\/IMG_1570-864x1536.jpeg 864w, https:\/\/www.real.edu.ee\/ajaveeb\/139c\/files\/2022\/11\/IMG_1570-1152x2048.jpeg 1152w, https:\/\/www.real.edu.ee\/ajaveeb\/139c\/files\/2022\/11\/IMG_1570-scaled.jpeg 1440w\" sizes=\"auto, (max-width: 214px) 100vw, 214px\" \/> <img loading=\"lazy\" decoding=\"async\" class=\"alignnone wp-image-390\" src=\"http:\/\/www.real.edu.ee\/ajaveeb\/139c\/files\/2022\/11\/IMG_1577-225x300.jpeg\" alt=\"\" width=\"285\" height=\"380\" srcset=\"https:\/\/www.real.edu.ee\/ajaveeb\/139c\/files\/2022\/11\/IMG_1577-225x300.jpeg 225w, https:\/\/www.real.edu.ee\/ajaveeb\/139c\/files\/2022\/11\/IMG_1577-768x1024.jpeg 768w, https:\/\/www.real.edu.ee\/ajaveeb\/139c\/files\/2022\/11\/IMG_1577.jpeg 828w\" sizes=\"auto, (max-width: 285px) 100vw, 285px\" \/><br style=\"font-weight: 400\" \/><br style=\"font-weight: 400\" \/><\/p>\n","protected":false},"excerpt":{"rendered":"<p>Reaali Poiss sai 13. novembril 95-aastaseks! Kahjuks ei saa me kooli k\u00f5rval n\u00e4ha originaalset Peeter I kuju saabastest ja k\u00e4test valatud poissi n\u00e4ha, kuid selle j\u00e4rglane on ka k\u00fcllaltki hea asendus. Reaalkoolile omaselt t\u00e4histati poisi s\u00fcnnip\u00e4eva suurelt. Eriti oli p\u00f5hjust t\u00e4histada niiv\u00f5rd ilusa numbri puhul. P\u00e4ev algas meil klassijuhatajatunniga, kus meile tulid esinema Taani s\u00f5durid [&hellip;]<\/p>\n","protected":false},"author":186,"featured_media":0,"comment_status":"closed","ping_status":"open","sticky":false,"template":"","format":"standard","meta":{"footnotes":""},"categories":[3],"tags":[],"class_list":["post-387","post","type-post","status-publish","format-standard","hentry","category-11-klass-ehk-uurimistoo"],"_links":{"self":[{"href":"https:\/\/www.real.edu.ee\/ajaveeb\/139c\/wp-json\/wp\/v2\/posts\/387","targetHints":{"allow":["GET"]}}],"collection":[{"href":"https:\/\/www.real.edu.ee\/ajaveeb\/139c\/wp-json\/wp\/v2\/posts"}],"about":[{"href":"https:\/\/www.real.edu.ee\/ajaveeb\/139c\/wp-json\/wp\/v2\/types\/post"}],"author":[{"embeddable":true,"href":"https:\/\/www.real.edu.ee\/ajaveeb\/139c\/wp-json\/wp\/v2\/users\/186"}],"replies":[{"embeddable":true,"href":"https:\/\/www.real.edu.ee\/ajaveeb\/139c\/wp-json\/wp\/v2\/comments?post=387"}],"version-history":[{"count":6,"href":"https:\/\/www.real.edu.ee\/ajaveeb\/139c\/wp-json\/wp\/v2\/posts\/387\/revisions"}],"predecessor-version":[{"id":598,"href":"https:\/\/www.real.edu.ee\/ajaveeb\/139c\/wp-json\/wp\/v2\/posts\/387\/revisions\/598"}],"wp:attachment":[{"href":"https:\/\/www.real.edu.ee\/ajaveeb\/139c\/wp-json\/wp\/v2\/media?parent=387"}],"wp:term":[{"taxonomy":"category","embeddable":true,"href":"https:\/\/www.real.edu.ee\/ajaveeb\/139c\/wp-json\/wp\/v2\/categories?post=387"},{"taxonomy":"post_tag","embeddable":true,"href":"https:\/\/www.real.edu.ee\/ajaveeb\/139c\/wp-json\/wp\/v2\/tags?post=387"}],"curies":[{"name":"wp","href":"https:\/\/api.w.org\/{rel}","templated":true}]}}