{"id":248,"date":"2022-05-28T06:27:25","date_gmt":"2022-05-28T06:27:25","guid":{"rendered":"https:\/\/www.real.edu.ee\/ajaveeb\/139c\/?p=248"},"modified":"2023-05-31T19:18:31","modified_gmt":"2023-05-31T19:18:31","slug":"meie-klassi-instagram","status":"publish","type":"post","link":"https:\/\/www.real.edu.ee\/ajaveeb\/139c\/2022\/05\/28\/meie-klassi-instagram\/","title":{"rendered":"Meie klassi Instagram"},"content":{"rendered":"<p>Tegime enda klassile Instagrami 2021. aasta septembri alguses. Meie konto nimeks sai @madistajad (meie klassijuhataja Madis Somelari nime j\u00e4rgi). Instagrami eesm\u00e4rgiks on klassielu kajastamine meedias ning see aitab klassivaimu kasvatada. \u00dcks hea Instagrami konto n\u00e4itab, kui lahe \u00fcks klass tegelikult on ;). Praeguseks on klassi Instagramil juba 426 j\u00e4lgijat \u00fcle terve maailma. 95,6% j\u00e4lgijatest on p\u00e4rit Eestist, 0,5% Belgiast, L\u00e4tist ja Leedust. P\u00f5hilise osa j\u00e4lgijatest moodustavad nii nooremad kui ka vanemad \u00f5pilased meie koolist, s\u00f5brad ja vanemad. Oleme postitanud pilte erinevatest koolis\u00fcndmustest, nagu ajar\u00e4nnak, kooli s\u00fcnnip\u00e4ev, spordiv\u00f5istlused, j\u00f5ululaat, suusap\u00e4ev jms. Lisaks postitame igan\u00e4dalaselt meie tavap\u00e4rasest elust meile omases keskkonnas. <em>Story<\/em>desse (pildid ja videod, mis kestavad 24 tundi) lisame meie klassi s\u00fcnnip\u00e4evalapsi ning niisama l\u00f5busaid pilte. Tulevikus loodame klassi Instagrami postitada sama tihedalt nagu oleme seda varasemalt teinud.<\/p>\n<p>Kirjutas Birgit<\/p>\n<p><a href=\"https:\/\/www.instagram.com\/madistajad\/\">Meie klassi Instagrami konto link<\/a><\/p>\n","protected":false},"excerpt":{"rendered":"<p>Tegime enda klassile Instagrami 2021. aasta septembri alguses. Meie konto nimeks sai @madistajad (meie klassijuhataja Madis Somelari nime j\u00e4rgi). Instagrami eesm\u00e4rgiks on klassielu kajastamine meedias ning see aitab klassivaimu kasvatada. \u00dcks hea Instagrami konto n\u00e4itab, kui lahe \u00fcks klass tegelikult on ;). Praeguseks on klassi Instagramil juba 426 j\u00e4lgijat \u00fcle terve maailma. 95,6% j\u00e4lgijatest on [&hellip;]<\/p>\n","protected":false},"author":186,"featured_media":0,"comment_status":"closed","ping_status":"open","sticky":false,"template":"","format":"standard","meta":{"footnotes":""},"categories":[2,6],"tags":[],"class_list":["post-248","post","type-post","status-publish","format-standard","hentry","category-10-klass-ehk-rebaseaasta","category-instagram"],"_links":{"self":[{"href":"https:\/\/www.real.edu.ee\/ajaveeb\/139c\/wp-json\/wp\/v2\/posts\/248","targetHints":{"allow":["GET"]}}],"collection":[{"href":"https:\/\/www.real.edu.ee\/ajaveeb\/139c\/wp-json\/wp\/v2\/posts"}],"about":[{"href":"https:\/\/www.real.edu.ee\/ajaveeb\/139c\/wp-json\/wp\/v2\/types\/post"}],"author":[{"embeddable":true,"href":"https:\/\/www.real.edu.ee\/ajaveeb\/139c\/wp-json\/wp\/v2\/users\/186"}],"replies":[{"embeddable":true,"href":"https:\/\/www.real.edu.ee\/ajaveeb\/139c\/wp-json\/wp\/v2\/comments?post=248"}],"version-history":[{"count":2,"href":"https:\/\/www.real.edu.ee\/ajaveeb\/139c\/wp-json\/wp\/v2\/posts\/248\/revisions"}],"predecessor-version":[{"id":250,"href":"https:\/\/www.real.edu.ee\/ajaveeb\/139c\/wp-json\/wp\/v2\/posts\/248\/revisions\/250"}],"wp:attachment":[{"href":"https:\/\/www.real.edu.ee\/ajaveeb\/139c\/wp-json\/wp\/v2\/media?parent=248"}],"wp:term":[{"taxonomy":"category","embeddable":true,"href":"https:\/\/www.real.edu.ee\/ajaveeb\/139c\/wp-json\/wp\/v2\/categories?post=248"},{"taxonomy":"post_tag","embeddable":true,"href":"https:\/\/www.real.edu.ee\/ajaveeb\/139c\/wp-json\/wp\/v2\/tags?post=248"}],"curies":[{"name":"wp","href":"https:\/\/api.w.org\/{rel}","templated":true}]}}