{"id":224,"date":"2022-05-04T12:35:33","date_gmt":"2022-05-04T12:35:33","guid":{"rendered":"https:\/\/www.real.edu.ee\/ajaveeb\/139c\/?p=224"},"modified":"2022-05-04T12:46:50","modified_gmt":"2022-05-04T12:46:50","slug":"koolide-koostooseminar-mis-oleks-kui","status":"publish","type":"post","link":"https:\/\/www.real.edu.ee\/ajaveeb\/139c\/2022\/05\/04\/koolide-koostooseminar-mis-oleks-kui\/","title":{"rendered":"Koolide koost\u00f6\u00f6seminar \u201cMis oleks kui\u2026&#8221;"},"content":{"rendered":"<p>2022. aasta viimasel m\u00e4rtsikuu p\u00e4eval kutsuti meie klassist Monika Siim, Nora Parik, Henrik Johan Kitt ja Ants Erik N\u00f5mper teaduste akadeemiasse. Esimese mulje j\u00e4ttis kohe akadeemia Kohtu t\u00e4nava maja. Selle lasi endale ehitada 19. sajandil baltisakslane Ewald Alexander Andreas von Ungern-Sternberg.<\/p>\n<p>Konverents ise oli v\u00e4ga h\u00e4sti korraldatud. Akadeemia president Tarmo Soomere on imetlusv\u00e4\u00e4rselt osav k\u00f5neleja, tema m\u00f5tted kliimast olid selgelt s\u00f5nastatud ning v\u00e4ga huvitavad. Ta selgitas, kuidas peamised kliimasoojenemist p\u00f5hjustavad tegurid oleme kindlasti ikkagi meie, inimesed. Lisaks ka, et merevee tase t\u00f5useb pigem t\u00e4nu soojuspaisumisele (mitte j\u00e4\u00e4sulamisele) ja t\u00f5i v\u00f5rdluse koroonakriisi ja kliimakriisi vahel. Nimelt on nad m\u00f5lemad \u00fchiskonda polariseeriva toimega.<\/p>\n<p>Teaduste Akadeemia n\u00f5uandev roll Eesti Vabariigile oli mulle samuti suureks \u00fcllatuseks. Ka akadeemia liikmeskond on t\u00e4helepanuv\u00e4\u00e4rne, kindlasti tahaks kunagi sinna kuuluda.<\/p>\n<p>Teise paneeli k\u00f5nelejatelt sai mitmeid nippe uurimust\u00f6\u00f6 tegemiseks, eriti just juhendaja vaatepunktist. Kaksikud Erkki ja Elmo Tempel on vastavalt f\u00fc\u00fcsika ja keemia \u00f5petaja ning atronoom. Nende \u00fchiselt juhendatud uurimust\u00f6\u00f6d on olnud mitmeti positiivsed, kuid tihti on esinenud ka ootustele mitte vastavaid t\u00f6id. Seal juures on suurimaks pettumuseks tavaliselt \u00f5pilase enda v\u00e4hene panus v\u00f5i liiga keerulise teema valik.<\/p>\n<p>P\u00e4evajuhi eestveetud m\u00f5tlemisharjutused (k\u00fcsimused) toetasid oluliselt isiklike ideede kujunemist. Kiidus\u00f5nad ka toitlustusmeeskonnale. Koha peal sai v\u00e4ga maitsvaid lihapirukad, smuutit ning bor\u0161i. \u00dcldiselt tekkisid konveretsiga seosas s\u00fcgavalt positiivsed tunded, samuti mitmed uued ideed.<\/p>\n<p>Kirjutas Ants<\/p>\n<p><img loading=\"lazy\" decoding=\"async\" class=\"alignnone size-medium wp-image-230\" src=\"http:\/\/www.real.edu.ee\/ajaveeb\/139c\/files\/2022\/05\/CC8DA1FF-1DFA-46AA-AFB3-FAA48AF7C70E-225x300.jpeg\" alt=\"\" width=\"225\" height=\"300\" srcset=\"https:\/\/www.real.edu.ee\/ajaveeb\/139c\/files\/2022\/05\/CC8DA1FF-1DFA-46AA-AFB3-FAA48AF7C70E-225x300.jpeg 225w, https:\/\/www.real.edu.ee\/ajaveeb\/139c\/files\/2022\/05\/CC8DA1FF-1DFA-46AA-AFB3-FAA48AF7C70E-768x1024.jpeg 768w, https:\/\/www.real.edu.ee\/ajaveeb\/139c\/files\/2022\/05\/CC8DA1FF-1DFA-46AA-AFB3-FAA48AF7C70E.jpeg 914w\" sizes=\"auto, (max-width: 225px) 100vw, 225px\" \/><img loading=\"lazy\" decoding=\"async\" class=\"alignnone size-medium wp-image-231\" src=\"http:\/\/www.real.edu.ee\/ajaveeb\/139c\/files\/2022\/05\/E98D77E0-7D85-431C-B628-C5CD1E5ACF7E-300x172.jpeg\" alt=\"\" width=\"300\" height=\"172\" srcset=\"https:\/\/www.real.edu.ee\/ajaveeb\/139c\/files\/2022\/05\/E98D77E0-7D85-431C-B628-C5CD1E5ACF7E-300x172.jpeg 300w, https:\/\/www.real.edu.ee\/ajaveeb\/139c\/files\/2022\/05\/E98D77E0-7D85-431C-B628-C5CD1E5ACF7E-1024x587.jpeg 1024w, https:\/\/www.real.edu.ee\/ajaveeb\/139c\/files\/2022\/05\/E98D77E0-7D85-431C-B628-C5CD1E5ACF7E-768x440.jpeg 768w, https:\/\/www.real.edu.ee\/ajaveeb\/139c\/files\/2022\/05\/E98D77E0-7D85-431C-B628-C5CD1E5ACF7E.jpeg 1169w\" sizes=\"auto, (max-width: 300px) 100vw, 300px\" \/><\/p>\n","protected":false},"excerpt":{"rendered":"<p>2022. aasta viimasel m\u00e4rtsikuu p\u00e4eval kutsuti meie klassist Monika Siim, Nora Parik, Henrik Johan Kitt ja Ants Erik N\u00f5mper teaduste akadeemiasse. Esimese mulje j\u00e4ttis kohe akadeemia Kohtu t\u00e4nava maja. Selle lasi endale ehitada 19. sajandil baltisakslane Ewald Alexander Andreas von Ungern-Sternberg. Konverents ise oli v\u00e4ga h\u00e4sti korraldatud. Akadeemia president Tarmo Soomere on imetlusv\u00e4\u00e4rselt osav k\u00f5neleja, [&hellip;]<\/p>\n","protected":false},"author":186,"featured_media":0,"comment_status":"closed","ping_status":"open","sticky":false,"template":"","format":"standard","meta":{"footnotes":""},"categories":[2],"tags":[],"class_list":["post-224","post","type-post","status-publish","format-standard","hentry","category-10-klass-ehk-rebaseaasta"],"_links":{"self":[{"href":"https:\/\/www.real.edu.ee\/ajaveeb\/139c\/wp-json\/wp\/v2\/posts\/224","targetHints":{"allow":["GET"]}}],"collection":[{"href":"https:\/\/www.real.edu.ee\/ajaveeb\/139c\/wp-json\/wp\/v2\/posts"}],"about":[{"href":"https:\/\/www.real.edu.ee\/ajaveeb\/139c\/wp-json\/wp\/v2\/types\/post"}],"author":[{"embeddable":true,"href":"https:\/\/www.real.edu.ee\/ajaveeb\/139c\/wp-json\/wp\/v2\/users\/186"}],"replies":[{"embeddable":true,"href":"https:\/\/www.real.edu.ee\/ajaveeb\/139c\/wp-json\/wp\/v2\/comments?post=224"}],"version-history":[{"count":4,"href":"https:\/\/www.real.edu.ee\/ajaveeb\/139c\/wp-json\/wp\/v2\/posts\/224\/revisions"}],"predecessor-version":[{"id":232,"href":"https:\/\/www.real.edu.ee\/ajaveeb\/139c\/wp-json\/wp\/v2\/posts\/224\/revisions\/232"}],"wp:attachment":[{"href":"https:\/\/www.real.edu.ee\/ajaveeb\/139c\/wp-json\/wp\/v2\/media?parent=224"}],"wp:term":[{"taxonomy":"category","embeddable":true,"href":"https:\/\/www.real.edu.ee\/ajaveeb\/139c\/wp-json\/wp\/v2\/categories?post=224"},{"taxonomy":"post_tag","embeddable":true,"href":"https:\/\/www.real.edu.ee\/ajaveeb\/139c\/wp-json\/wp\/v2\/tags?post=224"}],"curies":[{"name":"wp","href":"https:\/\/api.w.org\/{rel}","templated":true}]}}