{"id":218,"date":"2022-05-03T19:41:30","date_gmt":"2022-05-03T19:41:30","guid":{"rendered":"https:\/\/www.real.edu.ee\/ajaveeb\/139c\/?p=218"},"modified":"2022-05-04T12:28:01","modified_gmt":"2022-05-04T12:28:01","slug":"faust","status":"publish","type":"post","link":"https:\/\/www.real.edu.ee\/ajaveeb\/139c\/2022\/05\/03\/faust\/","title":{"rendered":"&#8220;Faust&#8221;"},"content":{"rendered":"<p>2. mail k\u00e4isime enda eesti keele ja kirjanduse \u00f5petaja Anu Kellaga Sakala t\u00e4nava kunagises NO99 teatrimajas vaatamas VAT Teatri etendust &#8220;Faust&#8221;. &#8220;Fausti&#8221; m\u00e4ngitakse juba 2012. aastast.\u00a0<span style=\"background-color: #ffffff\">Teatrisse l\u00e4ksime seoses samanimelise kohustusliku kirjanduse lugemisega. \u00a0&#8220;<\/span><span style=\"background-color: #ffffff\">Fausti&#8221; autor J. W. Goethe. Osades olid Katariina Libe, Margo Teder, Ago Soots, Tanel Saar, Meelis P\u00f5dersoo ning Madis Muul klaveril. Etenduse n\u00e4gemine toetas &#8220;Fausti&#8221; k\u00e4sitlemist tunnis, tehes m\u00f5ned loetud kohad \u00f5pilastele vaatem\u00e4nguga arusaadavamaks. Laval kasutati huvitavat motiivi &#8211; t\u00e4helepanu keskmes olevad n\u00e4itlejad maigutasid suud ning k\u00f5rvalseisvad n\u00e4itlejad tegid laval olijatele h\u00e4\u00e4le. Etendust illustreerisid filmikaadrid saksa filmikunstniku Friedrich Wilhelm Murnau filmist &#8220;Faust&#8221; (1926). K\u00f5ige enam j\u00e4i etendusest k\u00f5lama see, et armastus alati v\u00f5idab kurjuse.\u00a0<\/span><\/p>\n<p><span style=\"background-color: #ffffff\">PS. Kahjuks ei j\u00f5udnud Sten Martin Kalle isegi teatrisse kohale, sest ta magas. \ud83d\ude42<\/span><\/p>\n<p>Kirjutas Birgit<\/p>\n<p><a href=\"https:\/\/vatteater.ee\/lavastused\/faust\/\">&#8220;Faust&#8221; VAT Teater<\/a><\/p>\n<p>&nbsp;<\/p>\n","protected":false},"excerpt":{"rendered":"<p>2. mail k\u00e4isime enda eesti keele ja kirjanduse \u00f5petaja Anu Kellaga Sakala t\u00e4nava kunagises NO99 teatrimajas vaatamas VAT Teatri etendust &#8220;Faust&#8221;. &#8220;Fausti&#8221; m\u00e4ngitakse juba 2012. aastast.\u00a0Teatrisse l\u00e4ksime seoses samanimelise kohustusliku kirjanduse lugemisega. \u00a0&#8220;Fausti&#8221; autor J. W. Goethe. Osades olid Katariina Libe, Margo Teder, Ago Soots, Tanel Saar, Meelis P\u00f5dersoo ning Madis Muul klaveril. Etenduse n\u00e4gemine [&hellip;]<\/p>\n","protected":false},"author":186,"featured_media":0,"comment_status":"closed","ping_status":"open","sticky":false,"template":"","format":"standard","meta":{"footnotes":""},"categories":[2],"tags":[],"class_list":["post-218","post","type-post","status-publish","format-standard","hentry","category-10-klass-ehk-rebaseaasta"],"_links":{"self":[{"href":"https:\/\/www.real.edu.ee\/ajaveeb\/139c\/wp-json\/wp\/v2\/posts\/218","targetHints":{"allow":["GET"]}}],"collection":[{"href":"https:\/\/www.real.edu.ee\/ajaveeb\/139c\/wp-json\/wp\/v2\/posts"}],"about":[{"href":"https:\/\/www.real.edu.ee\/ajaveeb\/139c\/wp-json\/wp\/v2\/types\/post"}],"author":[{"embeddable":true,"href":"https:\/\/www.real.edu.ee\/ajaveeb\/139c\/wp-json\/wp\/v2\/users\/186"}],"replies":[{"embeddable":true,"href":"https:\/\/www.real.edu.ee\/ajaveeb\/139c\/wp-json\/wp\/v2\/comments?post=218"}],"version-history":[{"count":5,"href":"https:\/\/www.real.edu.ee\/ajaveeb\/139c\/wp-json\/wp\/v2\/posts\/218\/revisions"}],"predecessor-version":[{"id":223,"href":"https:\/\/www.real.edu.ee\/ajaveeb\/139c\/wp-json\/wp\/v2\/posts\/218\/revisions\/223"}],"wp:attachment":[{"href":"https:\/\/www.real.edu.ee\/ajaveeb\/139c\/wp-json\/wp\/v2\/media?parent=218"}],"wp:term":[{"taxonomy":"category","embeddable":true,"href":"https:\/\/www.real.edu.ee\/ajaveeb\/139c\/wp-json\/wp\/v2\/categories?post=218"},{"taxonomy":"post_tag","embeddable":true,"href":"https:\/\/www.real.edu.ee\/ajaveeb\/139c\/wp-json\/wp\/v2\/tags?post=218"}],"curies":[{"name":"wp","href":"https:\/\/api.w.org\/{rel}","templated":true}]}}