{"id":193,"date":"2022-01-24T20:18:44","date_gmt":"2022-01-24T20:18:44","guid":{"rendered":"https:\/\/www.real.edu.ee\/ajaveeb\/139c\/?p=193"},"modified":"2022-01-24T20:18:44","modified_gmt":"2022-01-24T20:18:44","slug":"tund-marko-mihkelsoniga","status":"publish","type":"post","link":"https:\/\/www.real.edu.ee\/ajaveeb\/139c\/2022\/01\/24\/tund-marko-mihkelsoniga\/","title":{"rendered":"Tund Marko Mihkelsoniga"},"content":{"rendered":"<p><span style=\"font-weight: 400\">T\u00e4na, 24. jaanuaril k\u00e4is meile klassijuhatajatunnis hetke v\u00e4lispoliitikast r\u00e4\u00e4kimas riigikogu v\u00e4liskomisjoni esimees Marko Mihkelson. Ta on olnud riigikogus juba ligi kaksk\u00fcmmend aastat ning ajakirjaniku ja poliitikuna k\u00e4inud erinevates riikides.<\/span><\/p>\n<p><span style=\"font-weight: 400\">Marko Mihkelsoni \u00fcheks p\u00f5his\u00f5numiks oli see, et t\u00e4nap\u00e4eval on maailmas v\u00e4ga oluline teadlikkus ning see, et inimesteni j\u00f5uaksid t\u00f5esed faktid. Murekohaks on n\u00e4iteks Venemaa, mille propaganda kanaleid vaadates v\u00f5ibki uskuma j\u00e4\u00e4da, et juba praegu r\u00fcndab L\u00e4\u00e4s Venemaad ning Venemaa on sunnitud end kaitsma. Mihkelson \u00fctles, et Venemaa on l\u00e4bi aegade olnud kontinentaalne impeerium ehk tal on vajadus oma territooriume laiendada ning suurendada enda kontrolli osakaalu maailmas. Venemaa v\u00e4lispoliitika \u00fcheks osaks on peaaegu kogu aeg olnud s\u00f5da ja v\u00e4givald. Mihkelsoni s\u00f5nul on praegu Venemaa eesm\u00e4rgiks, et Ukraina, Valgevene ja Kasah<\/span><span style=\"font-weight: 400\">stan ei saaks t\u00e4ielikult demokraatlikuks ega teeks oma otsused ise. Samas on n\u00e4iteks Ukrainas suurenenud inimeste hulk (paarik\u00fcmne aasta jooksul u 20%-lt 60%-ni), kes sooviks, et Ukraina oleks Euroopa Liidu liikmesriik. L\u00e4hiajal peaksid Valgevenes toimuma suured \u00f5ppused koost\u00f6\u00f6s Venemaaga ning on v\u00e4ike v\u00f5imalus, et kuna Ukraina pealinn Kiiev asub Valgevene l\u00f5unapiiri l\u00e4hedal, kogub Venemaa v\u00e4gesid Valgevenesse, et valmistuda r\u00fcnnakuks. V\u00e4e\u00fcksuseid, mida Venemaa enda l\u00e4\u00e4nepiirile kogub tuuakse Ida-Venemaalt. Mihkelson r\u00e4\u00e4kis, et Venemaa v\u00f5imalikke r\u00fcnnakuplaane Ukrainale on mitmeid, kuid tema arvab, et kui Venemaa Ukrainat r\u00fcndab, ei r\u00fcnda ta kohe v\u00e4hemalt otseselt Eestit. Samas v\u00f5ib Venemaa Eestile korraldada k\u00fcberr\u00fcnnakuid v\u00f5i Eesti piirile tekitada migratsioonikriisi (nagu n\u00e4iteks Poolas eelmisel aastal). Kokkuv\u00f5ttes ei tohiks inimesed langeda hirmu l\u00f5ksu, kuid peame olema olukorrast teadlikud.\u00a0<\/span><\/p>\n<p><span style=\"font-weight: 400\">Marko Mihkelson s\u00f5idab juba kolmap\u00e4eval Kiievisse. Soovime talle edu ning ait\u00e4h.<\/span><\/p>\n<p>&nbsp;<\/p>\n<p><span style=\"font-weight: 400\">Kirjutas Nora<\/span><\/p>\n","protected":false},"excerpt":{"rendered":"<p>T\u00e4na, 24. jaanuaril k\u00e4is meile klassijuhatajatunnis hetke v\u00e4lispoliitikast r\u00e4\u00e4kimas riigikogu v\u00e4liskomisjoni esimees Marko Mihkelson. Ta on olnud riigikogus juba ligi kaksk\u00fcmmend aastat ning ajakirjaniku ja poliitikuna k\u00e4inud erinevates riikides. Marko Mihkelsoni \u00fcheks p\u00f5his\u00f5numiks oli see, et t\u00e4nap\u00e4eval on maailmas v\u00e4ga oluline teadlikkus ning see, et inimesteni j\u00f5uaksid t\u00f5esed faktid. Murekohaks on n\u00e4iteks Venemaa, mille propaganda [&hellip;]<\/p>\n","protected":false},"author":186,"featured_media":0,"comment_status":"closed","ping_status":"open","sticky":false,"template":"","format":"standard","meta":{"footnotes":""},"categories":[2],"tags":[],"class_list":["post-193","post","type-post","status-publish","format-standard","hentry","category-10-klass-ehk-rebaseaasta"],"_links":{"self":[{"href":"https:\/\/www.real.edu.ee\/ajaveeb\/139c\/wp-json\/wp\/v2\/posts\/193","targetHints":{"allow":["GET"]}}],"collection":[{"href":"https:\/\/www.real.edu.ee\/ajaveeb\/139c\/wp-json\/wp\/v2\/posts"}],"about":[{"href":"https:\/\/www.real.edu.ee\/ajaveeb\/139c\/wp-json\/wp\/v2\/types\/post"}],"author":[{"embeddable":true,"href":"https:\/\/www.real.edu.ee\/ajaveeb\/139c\/wp-json\/wp\/v2\/users\/186"}],"replies":[{"embeddable":true,"href":"https:\/\/www.real.edu.ee\/ajaveeb\/139c\/wp-json\/wp\/v2\/comments?post=193"}],"version-history":[{"count":1,"href":"https:\/\/www.real.edu.ee\/ajaveeb\/139c\/wp-json\/wp\/v2\/posts\/193\/revisions"}],"predecessor-version":[{"id":194,"href":"https:\/\/www.real.edu.ee\/ajaveeb\/139c\/wp-json\/wp\/v2\/posts\/193\/revisions\/194"}],"wp:attachment":[{"href":"https:\/\/www.real.edu.ee\/ajaveeb\/139c\/wp-json\/wp\/v2\/media?parent=193"}],"wp:term":[{"taxonomy":"category","embeddable":true,"href":"https:\/\/www.real.edu.ee\/ajaveeb\/139c\/wp-json\/wp\/v2\/categories?post=193"},{"taxonomy":"post_tag","embeddable":true,"href":"https:\/\/www.real.edu.ee\/ajaveeb\/139c\/wp-json\/wp\/v2\/tags?post=193"}],"curies":[{"name":"wp","href":"https:\/\/api.w.org\/{rel}","templated":true}]}}