{"id":128,"date":"2021-12-18T18:12:15","date_gmt":"2021-12-18T18:12:15","guid":{"rendered":"https:\/\/www.real.edu.ee\/ajaveeb\/139c\/?p=128"},"modified":"2021-12-18T18:12:15","modified_gmt":"2021-12-18T18:12:15","slug":"reaalkool-vs-minu-eelmine-kool","status":"publish","type":"post","link":"https:\/\/www.real.edu.ee\/ajaveeb\/139c\/2021\/12\/18\/reaalkool-vs-minu-eelmine-kool\/","title":{"rendered":"Reaalkool VS minu eelmine kool"},"content":{"rendered":"<p>Esimesel p\u00e4eval kui Reaalkooli tulin, olin ma veidi ebakindel. Kuna tulin Tallinna Muusikakeskkoolist, siis tegelesin pigem muusikaga ja v\u00e4hem muude \u00f5ppeainetega. Sellep\u00e4rast kartsin, et ma ei saa nii h\u00e4sti hakkama ning mul oli ettekujutus, et \u00f5petajad on v\u00e4ga ranged ja \u00f5pilased minust palju targemad. Tuli aga v\u00e4lja, et k\u00f5ik \u00f5petajad on imelised &#8211; nad siiralt hoolivad noorte \u00f5pingutest ja on v\u00e4ga abivalmid. Mu vanas koolis olid samuti toredad \u00f5petajad, kuid ma ei tajunud sellist p\u00fchendumust oma \u00f5ppeainele ja \u00f5pilastele nii palju kui Reaalis. Veel rohkem \u00fcllatasid mind \u00f5pilased &#8211; sellist abivalmidust ja p\u00fchendumust mis Reaalkooli noortel on, ei ole ma mujal n\u00e4inud. Nad on valmis tohutult vaeva n\u00e4gema, et saada h\u00e4id tulemusi ning n\u00f5us r\u00f5\u00f5muga ka teisi aitama. Mu eelmises koolis olid paljud sarnaselt p\u00fchendunud muusikale, kuid Reaalis on seda veelgi rohkem n\u00e4ha. K\u00f5ige suurem erinevus mu vana kooli ja n\u00fc\u00fcdse vahel on kooli lisategevuste hulk. Minu jaoks teebki see Reaalkooli eriliseks, et siin tehakse koolikogemus nii mitmek\u00fclgseks ja lahedaks. \u00d5pilased ja \u00f5petajad n\u00e4evad palju vaeva erinevate \u00fcrituste ja v\u00e4ljas\u00f5itudega, mis teeb neil osalemise v\u00e4ga toredaks. Reaalis ei ole kindlasti lihtne, kuna tase on palju k\u00f5rgem kui mu eelmises koolis, aga saan aru, et k\u00f5ik millega praegu vaeva n\u00e4en, tuleb mulle \u00fclej\u00e4\u00e4nud elus kasuks.<\/p>\n<p>Kirjutas Liis<\/p>\n","protected":false},"excerpt":{"rendered":"<p>Esimesel p\u00e4eval kui Reaalkooli tulin, olin ma veidi ebakindel. Kuna tulin Tallinna Muusikakeskkoolist, siis tegelesin pigem muusikaga ja v\u00e4hem muude \u00f5ppeainetega. Sellep\u00e4rast kartsin, et ma ei saa nii h\u00e4sti hakkama ning mul oli ettekujutus, et \u00f5petajad on v\u00e4ga ranged ja \u00f5pilased minust palju targemad. Tuli aga v\u00e4lja, et k\u00f5ik \u00f5petajad on imelised &#8211; nad siiralt [&hellip;]<\/p>\n","protected":false},"author":186,"featured_media":0,"comment_status":"closed","ping_status":"open","sticky":false,"template":"","format":"standard","meta":{"footnotes":""},"categories":[2],"tags":[],"class_list":["post-128","post","type-post","status-publish","format-standard","hentry","category-10-klass-ehk-rebaseaasta"],"_links":{"self":[{"href":"https:\/\/www.real.edu.ee\/ajaveeb\/139c\/wp-json\/wp\/v2\/posts\/128","targetHints":{"allow":["GET"]}}],"collection":[{"href":"https:\/\/www.real.edu.ee\/ajaveeb\/139c\/wp-json\/wp\/v2\/posts"}],"about":[{"href":"https:\/\/www.real.edu.ee\/ajaveeb\/139c\/wp-json\/wp\/v2\/types\/post"}],"author":[{"embeddable":true,"href":"https:\/\/www.real.edu.ee\/ajaveeb\/139c\/wp-json\/wp\/v2\/users\/186"}],"replies":[{"embeddable":true,"href":"https:\/\/www.real.edu.ee\/ajaveeb\/139c\/wp-json\/wp\/v2\/comments?post=128"}],"version-history":[{"count":1,"href":"https:\/\/www.real.edu.ee\/ajaveeb\/139c\/wp-json\/wp\/v2\/posts\/128\/revisions"}],"predecessor-version":[{"id":129,"href":"https:\/\/www.real.edu.ee\/ajaveeb\/139c\/wp-json\/wp\/v2\/posts\/128\/revisions\/129"}],"wp:attachment":[{"href":"https:\/\/www.real.edu.ee\/ajaveeb\/139c\/wp-json\/wp\/v2\/media?parent=128"}],"wp:term":[{"taxonomy":"category","embeddable":true,"href":"https:\/\/www.real.edu.ee\/ajaveeb\/139c\/wp-json\/wp\/v2\/categories?post=128"},{"taxonomy":"post_tag","embeddable":true,"href":"https:\/\/www.real.edu.ee\/ajaveeb\/139c\/wp-json\/wp\/v2\/tags?post=128"}],"curies":[{"name":"wp","href":"https:\/\/api.w.org\/{rel}","templated":true}]}}