{"id":922,"date":"2023-09-07T19:40:41","date_gmt":"2023-09-07T19:40:41","guid":{"rendered":"https:\/\/www.real.edu.ee\/ajaveeb\/139b\/?p=922"},"modified":"2023-09-07T19:40:41","modified_gmt":"2023-09-07T19:40:41","slug":"viimane-esimene-september","status":"publish","type":"post","link":"https:\/\/www.real.edu.ee\/ajaveeb\/139b\/2023\/09\/07\/viimane-esimene-september\/","title":{"rendered":"Viimane esimene september"},"content":{"rendered":"<p style=\"text-align: justify\">K\u00e4esoleva aasta esimene september on meie klassi jaoks s\u00fcmboolne &#8211; meie viimane esimene september Tallinna Reaalkooli kolmekorruselises lameda kelpkatusega historistlikus hoones.<br \/>\nP\u00e4ev algas kell 9 hommikul klassijuhatajatunnis, milles toimunud arutelu konsensuseks oli see, et kooli\u00fcrituste eest maksmiseks peaks ikka saama poole kohaga t\u00f6\u00f6 Viru t\u00e4nava McDonaldsis. Kohati masendavale arutelule j\u00e4rgnes g\u00fcmnaasiumiastme aktus, mida peeti see aasta arheoloogiliste v\u00e4ljakaevamiste t\u00f5ttu aulas. Siinkohal ei saanud aga meie kui abiturientide p\u00e4ev l\u00e4bi &#8211; vaid natukese aja p\u00e4rast j\u00f5udsid koolimajja selle aasta esimese klassi \u00f5pilased. Meie \u00fclesanne oli tutvustada neile koolimaja, n\u00e4idata \u00e4gedamaid klassiruume ning ajaveetmiskohti ja enne aktuse algust k\u00e4ia l\u00e4bi ka direktori kabinetist, kus said v\u00e4iksed istuda direktori enda toolil.<br \/>\nEsimese klassi aktus meenutas mitmetele nende enda esimese klassi aktust 11 aastat tagasi samas aulas. Peale aabitsate k\u00e4ttesaamist liiguti Poisi juurde, kus pisikesed said k\u00e4tte oma esimesed koolim\u00fctsid.<br \/>\nNagu Reaalkoolile kombeks, j\u00e4rgnesid k\u00f5ikidele tseremooniatele laste esimesed f\u00fc\u00fcsika ja keemia tunnid. F\u00fc\u00fcsikas tutvustati neile j\u00f5ukohaseid katseid tuule, puhumise ja pinksipallidega. Keemias aga tehti \u201cveest\u201d ja \u201cteisest veest\u201d limonaadi, mullivett ja piima, v\u00e4rviti lilli \u00f5huga punaseks, tekitati pulbrist vulkaan ning toodi kohale Reaali Vaim valge tossuna.<br \/>\nJa nii sai meie p\u00e4ev l\u00e4bi &#8211; peale uute koolilaste viimist v\u00e4iksesse majja saime ka meie minna n\u00e4dalavahetust nautima.<\/p>\n<p><em><span style=\"font-size: 10pt\">Renate<\/span><\/em><\/p>\n<div id=\"attachment_925\" style=\"width: 250px\" class=\"wp-caption alignleft\"><img loading=\"lazy\" decoding=\"async\" aria-describedby=\"caption-attachment-925\" class=\"wp-image-925\" src=\"http:\/\/www.real.edu.ee\/ajaveeb\/139b\/files\/2023\/09\/renate-1-300x225.jpg\" alt=\"\" width=\"240\" height=\"180\" srcset=\"https:\/\/www.real.edu.ee\/ajaveeb\/139b\/files\/2023\/09\/renate-1-300x225.jpg 300w, https:\/\/www.real.edu.ee\/ajaveeb\/139b\/files\/2023\/09\/renate-1-1024x768.jpg 1024w, https:\/\/www.real.edu.ee\/ajaveeb\/139b\/files\/2023\/09\/renate-1-768x576.jpg 768w, https:\/\/www.real.edu.ee\/ajaveeb\/139b\/files\/2023\/09\/renate-1-1536x1152.jpg 1536w, https:\/\/www.real.edu.ee\/ajaveeb\/139b\/files\/2023\/09\/renate-1-2048x1536.jpg 2048w\" sizes=\"auto, (max-width: 240px) 100vw, 240px\" \/><p id=\"caption-attachment-925\" class=\"wp-caption-text\">Keemia ja f\u00fc\u00fcsika tunnid<\/p><\/div>\n<div id=\"attachment_926\" style=\"width: 250px\" class=\"wp-caption alignleft\"><img loading=\"lazy\" decoding=\"async\" aria-describedby=\"caption-attachment-926\" class=\"wp-image-926\" src=\"http:\/\/www.real.edu.ee\/ajaveeb\/139b\/files\/2023\/09\/renate-300x225.jpg\" alt=\"\" width=\"240\" height=\"180\" srcset=\"https:\/\/www.real.edu.ee\/ajaveeb\/139b\/files\/2023\/09\/renate-300x225.jpg 300w, https:\/\/www.real.edu.ee\/ajaveeb\/139b\/files\/2023\/09\/renate-1024x768.jpg 1024w, https:\/\/www.real.edu.ee\/ajaveeb\/139b\/files\/2023\/09\/renate-768x576.jpg 768w, https:\/\/www.real.edu.ee\/ajaveeb\/139b\/files\/2023\/09\/renate-1536x1152.jpg 1536w, https:\/\/www.real.edu.ee\/ajaveeb\/139b\/files\/2023\/09\/renate-2048x1536.jpg 2048w\" sizes=\"auto, (max-width: 240px) 100vw, 240px\" \/><p id=\"caption-attachment-926\" class=\"wp-caption-text\"><\/span> <span style=\"font-size: 8pt\">Pildid: Renate Piik<\/span><\/p><\/div>\n<p style=\"text-align: justify\">Aasta esimene koolip\u00e4ev m\u00f6\u00f6dus sel aastal m\u00f5ru-magusate tunnetega. Nimelt j\u00e4\u00e4b see esimese septembri aktus meile viimaseks tarkusep\u00e4evaks Reaalkoolis. P\u00e4ev algas g\u00fcmnasistide \u00fchisaktusega aulas (teatavasti on staadion \u00fcleskaevatud), kus saime uhkusega seista k\u00f5ige vanematena (ja pingsalt enda rebast otsida). Peale aktust tegime kiire klassijuhatajatunni, mille j\u00e4rel j\u00e4ime p\u00f5nevusega p\u00e4evakangelasi ootama.<br \/>\nTraditsioonidele kohaselt veedavad abituriendid esimese koolip\u00e4eva esimesse klassi astujatega. Nii saime ka meie osaks sellest aust teha v\u00e4ikestele koolijuntsudele esimene p\u00e4ev v\u00f5imalikult meeldivaks. Tutvustasime neile koolikoridore, demonstreerisime l\u00f5busamaid bioloogiaklassi \u201cmuseaale\u201d, kolasime direktorikabinetis ning rivistasime lapsed viisakalt aktusepinkidele istuma. Sellega algas p\u00e4eva k\u00f5ige emotsionaalsem osa \u2013 esimeste klasside aktus. Aktuse j\u00e4rel liikusime \u00fcheskoos Poisi ette, kus lastele jagati traditsiooniliselt koolim\u00fctsid.<br \/>\nJ\u00e4rgmised p\u00f5nevad tegevused lastele olid \u201cn\u00e4idis\u201d-koolitunnid, kus Martin Saar ja Marko Reedik tutvustasid neile reaalteaduste p\u00f5nevat maailma, tehes kiireid populaarteaduslikke katseid. Koolitundide j\u00e4rel saatsime lapsed taaskord k\u00e4sik\u00e4es nende esimesse p\u00e4ris koolitundi oma klassijuhatajaga. Oli see vast emotsiooniderohke p\u00e4ev!<\/p>\n<p><em><span style=\"font-size: 10pt\">Tobias<\/span><\/em><\/p>\n<div id=\"attachment_923\" style=\"width: 252px\" class=\"wp-caption alignleft\"><img loading=\"lazy\" decoding=\"async\" aria-describedby=\"caption-attachment-923\" class=\"wp-image-923\" src=\"http:\/\/www.real.edu.ee\/ajaveeb\/139b\/files\/2023\/09\/bioloogilised-seiklused-225x300.jpeg\" alt=\"\" width=\"242\" height=\"323\" srcset=\"https:\/\/www.real.edu.ee\/ajaveeb\/139b\/files\/2023\/09\/bioloogilised-seiklused-225x300.jpeg 225w, https:\/\/www.real.edu.ee\/ajaveeb\/139b\/files\/2023\/09\/bioloogilised-seiklused-768x1024.jpeg 768w, https:\/\/www.real.edu.ee\/ajaveeb\/139b\/files\/2023\/09\/bioloogilised-seiklused-1152x1536.jpeg 1152w, https:\/\/www.real.edu.ee\/ajaveeb\/139b\/files\/2023\/09\/bioloogilised-seiklused-1536x2048.jpeg 1536w, https:\/\/www.real.edu.ee\/ajaveeb\/139b\/files\/2023\/09\/bioloogilised-seiklused-scaled.jpeg 1920w\" sizes=\"auto, (max-width: 242px) 100vw, 242px\" \/><p id=\"caption-attachment-923\" class=\"wp-caption-text\">Bioloogilised seiklused<\/p><\/div>\n<div id=\"attachment_924\" style=\"width: 252px\" class=\"wp-caption alignleft\"><img loading=\"lazy\" decoding=\"async\" aria-describedby=\"caption-attachment-924\" class=\"wp-image-924\" src=\"http:\/\/www.real.edu.ee\/ajaveeb\/139b\/files\/2023\/09\/pidupaeval-on-koik-lubatud-225x300.jpeg\" alt=\"\" width=\"242\" height=\"323\" srcset=\"https:\/\/www.real.edu.ee\/ajaveeb\/139b\/files\/2023\/09\/pidupaeval-on-koik-lubatud-225x300.jpeg 225w, https:\/\/www.real.edu.ee\/ajaveeb\/139b\/files\/2023\/09\/pidupaeval-on-koik-lubatud-768x1024.jpeg 768w, https:\/\/www.real.edu.ee\/ajaveeb\/139b\/files\/2023\/09\/pidupaeval-on-koik-lubatud-1152x1536.jpeg 1152w, https:\/\/www.real.edu.ee\/ajaveeb\/139b\/files\/2023\/09\/pidupaeval-on-koik-lubatud-1536x2048.jpeg 1536w, https:\/\/www.real.edu.ee\/ajaveeb\/139b\/files\/2023\/09\/pidupaeval-on-koik-lubatud-scaled.jpeg 1920w\" sizes=\"auto, (max-width: 242px) 100vw, 242px\" \/><p id=\"caption-attachment-924\" class=\"wp-caption-text\">Pidup\u00e4eval on k\u00f5ik lubatud!<\/p><\/div>\n","protected":false},"excerpt":{"rendered":"<p>K\u00e4esoleva aasta esimene september on meie klassi jaoks s\u00fcmboolne &#8211; meie viimane esimene september Tallinna Reaalkooli kolmekorruselises lameda kelpkatusega historistlikus hoones. P\u00e4ev algas kell 9 hommikul klassijuhatajatunnis, milles toimunud arutelu konsensuseks oli see, et kooli\u00fcrituste eest maksmiseks peaks ikka saama poole kohaga t\u00f6\u00f6 Viru t\u00e4nava McDonaldsis. Kohati masendavale arutelule j\u00e4rgnes g\u00fcmnaasiumiastme aktus, mida peeti see [&hellip;]<\/p>\n","protected":false},"author":188,"featured_media":0,"comment_status":"closed","ping_status":"open","sticky":false,"template":"","format":"standard","meta":{"footnotes":""},"categories":[1],"tags":[],"class_list":["post-922","post","type-post","status-publish","format-standard","hentry","category-uncategorized"],"_links":{"self":[{"href":"https:\/\/www.real.edu.ee\/ajaveeb\/139b\/wp-json\/wp\/v2\/posts\/922","targetHints":{"allow":["GET"]}}],"collection":[{"href":"https:\/\/www.real.edu.ee\/ajaveeb\/139b\/wp-json\/wp\/v2\/posts"}],"about":[{"href":"https:\/\/www.real.edu.ee\/ajaveeb\/139b\/wp-json\/wp\/v2\/types\/post"}],"author":[{"embeddable":true,"href":"https:\/\/www.real.edu.ee\/ajaveeb\/139b\/wp-json\/wp\/v2\/users\/188"}],"replies":[{"embeddable":true,"href":"https:\/\/www.real.edu.ee\/ajaveeb\/139b\/wp-json\/wp\/v2\/comments?post=922"}],"version-history":[{"count":13,"href":"https:\/\/www.real.edu.ee\/ajaveeb\/139b\/wp-json\/wp\/v2\/posts\/922\/revisions"}],"predecessor-version":[{"id":939,"href":"https:\/\/www.real.edu.ee\/ajaveeb\/139b\/wp-json\/wp\/v2\/posts\/922\/revisions\/939"}],"wp:attachment":[{"href":"https:\/\/www.real.edu.ee\/ajaveeb\/139b\/wp-json\/wp\/v2\/media?parent=922"}],"wp:term":[{"taxonomy":"category","embeddable":true,"href":"https:\/\/www.real.edu.ee\/ajaveeb\/139b\/wp-json\/wp\/v2\/categories?post=922"},{"taxonomy":"post_tag","embeddable":true,"href":"https:\/\/www.real.edu.ee\/ajaveeb\/139b\/wp-json\/wp\/v2\/tags?post=922"}],"curies":[{"name":"wp","href":"https:\/\/api.w.org\/{rel}","templated":true}]}}