{"id":787,"date":"2023-05-25T17:05:31","date_gmt":"2023-05-25T17:05:31","guid":{"rendered":"https:\/\/www.real.edu.ee\/ajaveeb\/139b\/?p=787"},"modified":"2023-05-29T18:26:36","modified_gmt":"2023-05-29T18:26:36","slug":"reaali-ramm","status":"publish","type":"post","link":"https:\/\/www.real.edu.ee\/ajaveeb\/139b\/2023\/05\/25\/reaali-ramm\/","title":{"rendered":"Reaali ramm"},"content":{"rendered":"<p>Reaali ramm toimus esmasp\u00e4eval, 22. mail. Selleaastane reaali ramm oli eriline, kuna on Reaali rammu k\u00fcmnes juubel ning on ka viimane aasta, mil Reaali rammu peetakse meie kooli staadionil.<\/p>\n<p>Meie klassist osales reaali rammul Tristan Imala, kes saavutas \u00fcle\u00fcldiselt 2. koha ja sai parima tulemuse autoveos ning sellega kaasneva r\u00e4ndkarika eriauhinna. Tristan p\u00fcstitas reaali rammu uue rekordi rinnalt surumises, milleks oli 141 kg. Samuti suudeti saavutada 1. koht raskushoides.<\/p>\n<p>\u201cMina osalesin Reaali rammul sel aastal esimest korda, kuna eelmine aasta olime samal ajal klassireisil Taanis. \u00dcle\u00fcldiselt olen ma rahul oma tulemustega ning suutsin ka p\u00fcstitada m\u00f5ne personaalse rekordi. K\u00f5ige kehvem sooritus tuli mul takistusrajal, kus ma ei suutnud kontrollida h\u00e4sti rehvi ning see l\u00e4ks mulle maksma v\u00e4\u00e4rtuslikud sekundid,\u201d r\u00e4\u00e4gib Tristan oma kogemusest.<\/p>\n<p><em><span style=\"font-size: 10pt\">Tristan<\/span><\/em><\/p>\n<p><img loading=\"lazy\" decoding=\"async\" class=\"alignleft wp-image-788\" src=\"http:\/\/www.real.edu.ee\/ajaveeb\/139b\/files\/2023\/05\/IMG_3017-225x300.jpeg\" alt=\"\" width=\"244\" height=\"326\" srcset=\"https:\/\/www.real.edu.ee\/ajaveeb\/139b\/files\/2023\/05\/IMG_3017-225x300.jpeg 225w, https:\/\/www.real.edu.ee\/ajaveeb\/139b\/files\/2023\/05\/IMG_3017-768x1025.jpeg 768w, https:\/\/www.real.edu.ee\/ajaveeb\/139b\/files\/2023\/05\/IMG_3017-1151x1536.jpeg 1151w, https:\/\/www.real.edu.ee\/ajaveeb\/139b\/files\/2023\/05\/IMG_3017.jpeg 1536w\" sizes=\"auto, (max-width: 244px) 100vw, 244px\" \/> <img loading=\"lazy\" decoding=\"async\" class=\"alignleft wp-image-789\" src=\"http:\/\/www.real.edu.ee\/ajaveeb\/139b\/files\/2023\/05\/IMG_3037-e1685383430252-208x300.jpeg\" alt=\"\" width=\"226\" height=\"326\" srcset=\"https:\/\/www.real.edu.ee\/ajaveeb\/139b\/files\/2023\/05\/IMG_3037-e1685383430252-208x300.jpeg 208w, https:\/\/www.real.edu.ee\/ajaveeb\/139b\/files\/2023\/05\/IMG_3037-e1685383430252-709x1024.jpeg 709w, https:\/\/www.real.edu.ee\/ajaveeb\/139b\/files\/2023\/05\/IMG_3037-e1685383430252-768x1109.jpeg 768w, https:\/\/www.real.edu.ee\/ajaveeb\/139b\/files\/2023\/05\/IMG_3037-e1685383430252-1064x1536.jpeg 1064w, https:\/\/www.real.edu.ee\/ajaveeb\/139b\/files\/2023\/05\/IMG_3037-e1685383430252.jpeg 1249w\" sizes=\"auto, (max-width: 226px) 100vw, 226px\" \/><\/p>\n","protected":false},"excerpt":{"rendered":"<p>Reaali ramm toimus esmasp\u00e4eval, 22. mail. Selleaastane reaali ramm oli eriline, kuna on Reaali rammu k\u00fcmnes juubel ning on ka viimane aasta, mil Reaali rammu peetakse meie kooli staadionil. Meie klassist osales reaali rammul Tristan Imala, kes saavutas \u00fcle\u00fcldiselt 2. koha ja sai parima tulemuse autoveos ning sellega kaasneva r\u00e4ndkarika eriauhinna. Tristan p\u00fcstitas reaali rammu [&hellip;]<\/p>\n","protected":false},"author":188,"featured_media":0,"comment_status":"closed","ping_status":"open","sticky":false,"template":"","format":"standard","meta":{"footnotes":""},"categories":[11],"tags":[],"class_list":["post-787","post","type-post","status-publish","format-standard","hentry","category-mai-2023"],"_links":{"self":[{"href":"https:\/\/www.real.edu.ee\/ajaveeb\/139b\/wp-json\/wp\/v2\/posts\/787","targetHints":{"allow":["GET"]}}],"collection":[{"href":"https:\/\/www.real.edu.ee\/ajaveeb\/139b\/wp-json\/wp\/v2\/posts"}],"about":[{"href":"https:\/\/www.real.edu.ee\/ajaveeb\/139b\/wp-json\/wp\/v2\/types\/post"}],"author":[{"embeddable":true,"href":"https:\/\/www.real.edu.ee\/ajaveeb\/139b\/wp-json\/wp\/v2\/users\/188"}],"replies":[{"embeddable":true,"href":"https:\/\/www.real.edu.ee\/ajaveeb\/139b\/wp-json\/wp\/v2\/comments?post=787"}],"version-history":[{"count":5,"href":"https:\/\/www.real.edu.ee\/ajaveeb\/139b\/wp-json\/wp\/v2\/posts\/787\/revisions"}],"predecessor-version":[{"id":794,"href":"https:\/\/www.real.edu.ee\/ajaveeb\/139b\/wp-json\/wp\/v2\/posts\/787\/revisions\/794"}],"wp:attachment":[{"href":"https:\/\/www.real.edu.ee\/ajaveeb\/139b\/wp-json\/wp\/v2\/media?parent=787"}],"wp:term":[{"taxonomy":"category","embeddable":true,"href":"https:\/\/www.real.edu.ee\/ajaveeb\/139b\/wp-json\/wp\/v2\/categories?post=787"},{"taxonomy":"post_tag","embeddable":true,"href":"https:\/\/www.real.edu.ee\/ajaveeb\/139b\/wp-json\/wp\/v2\/tags?post=787"}],"curies":[{"name":"wp","href":"https:\/\/api.w.org\/{rel}","templated":true}]}}