{"id":730,"date":"2023-05-29T13:27:49","date_gmt":"2023-05-29T13:27:49","guid":{"rendered":"https:\/\/www.real.edu.ee\/ajaveeb\/139b\/?p=730"},"modified":"2023-05-30T20:00:02","modified_gmt":"2023-05-30T20:00:02","slug":"riigikaitselaager","status":"publish","type":"post","link":"https:\/\/www.real.edu.ee\/ajaveeb\/139b\/2023\/05\/29\/riigikaitselaager\/","title":{"rendered":"Riigikaitselaager"},"content":{"rendered":"<p style=\"text-align: justify\">26.-28. mai toimus 139. lennu riigikaitselaager Karitsa jahispordi- ja puhkekeskuses. Reede hommikul saime nautida \u00fcksikut keemia tundi ning seej\u00e4rel algas meie laager lasketiiru minekuga. Hiljem laagriplatsile kohale j\u00f5udes saime iga\u00fcks omale vormi ja nimesildi ning peale \u2018sportliku eluviisi v\u00e4\u00e4rtustamist\u2019 k\u00fckkide ja k\u00e4tek\u00f5verdustega panime \u00fcles oma jagude telgid. Saabusid ka teiste koolide \u00f5pilased Raplast ning mujalt Eestist, kokku oli \u00fcle 300 laagerdaja! Rivistusele j\u00e4rgnes \u00f5htus\u00f6\u00f6k, jao\u00fclemate poolt infotund, muud \u00f5htused tegemised ning seej\u00e4rel toimus laagri esimene h\u00e4ire, mille jaoks v\u00f5tsime h\u00e4ire l\u00f5puni end kaitsepositsioonidesse. \u00d6\u00f6 l\u00e4bi toimus telkides tulevalve ja k\u00e4idi kahe- v\u00f5i neljahaaval patrullil kaitsmaks laagri lippu.<\/p>\n<p style=\"text-align: justify\">Laup\u00e4eva hommik algas (v\u00e4rvika) \u00e4ratusega, rivistusega ning hommikuv\u00f5imlemisega. Terve p\u00e4ev l\u00e4bi toimusid erinevad \u00f5ppetunnid enda maskeerimisest, raadioside pidamisest, relvadest, naiskodukaitsest, liikumisviisidest ning ka muule lisaks arvutasime v\u00e4lja oma NATO testi tulemused. Kahjuks l\u00f5ppes minu jaoks siin laager \u00e4ra, kuid klassikaaslastel on kindlasti muljekaid jutte laagri teisest \u00f6\u00f6st ning vaenlaste proovidest varastada meie laagri lippu. \ud83d\ude09<\/p>\n<p><em><span style=\"font-size: 10pt\">Renate<\/span><\/em><\/p>\n<p style=\"text-align: justify\">Laager algas reede hommikuga, mil asusime teele Valtu jahilasketiiru poole, kus saime proovile panna enda laskmisoskused (Mirtel skooris k\u00f5ik 7 lasku otse k\u00fcmnesse!!!). Sealt liikusime otse edasi Karitsa poole. Kohale j\u00f5udes jagati \u00f5pilastele k\u00e4tte vormid ja k\u00e4tek\u00f5verduste eest isegi nimesildid ning saime hakata telki p\u00fcstitama! Igasse telki paigutati 12 \u00f5pilast, kellest moodustus j\u00e4rgnevateks p\u00e4evadeks \u00fcks jagu. Telk p\u00fcsti ja \u00f5htus\u00f6\u00f6k s\u00f6\u00f6dud, v\u00f5is ahju tule alla teha, kuigi meie telgis kaasnes sellega ka suitsusaun. Et suitsusaun liiga suitsuseks ei l\u00e4heks, pidime nii m\u00f5nedki korrad telgi vaiad v\u00e4lja t\u00f5mbama ja telki tuulutama, mis viis selleni, et viimasel p\u00e4eval telk enam p\u00fcsti p\u00fcsida ei tahtnud.<\/p>\n<p style=\"text-align: justify\">Laagri teine p\u00e4ev koosnes kaheksast \u00f5ppekohast, kus sai teha erinevaid praktilisi harjutusi, sealhulgas p\u00fcstitada telkmantlit, teha NATO testi ja maskeeringut, tutvuda rivi\u00f5ppega ja palju muud. \u00d6\u00f6sel pikka pidu ei olnud, sest kaitsesime hoolega laagri lippu ja seega j\u00e4i k\u00f5igil unetunde vajaka, k\u00fcll aga j\u00e4i lipp uhkelt lehvima! P\u00fchap\u00e4eval k\u00e4isime klassiga veel kahes viimases \u00f5ppekohas ning oligi aeg tagastada vormid ja telk kokku panna.<\/p>\n<p><span style=\"font-size: 10pt\"><em>Nataly ja Linda<\/em><\/span><\/p>\n<div id=\"attachment_733\" style=\"width: 313px\" class=\"wp-caption alignleft\"><img loading=\"lazy\" decoding=\"async\" aria-describedby=\"caption-attachment-733\" class=\"wp-image-733\" src=\"http:\/\/www.real.edu.ee\/ajaveeb\/139b\/files\/2023\/05\/alati-valmis-300x225.jpg\" alt=\"\" width=\"303\" height=\"227\" srcset=\"https:\/\/www.real.edu.ee\/ajaveeb\/139b\/files\/2023\/05\/alati-valmis-300x225.jpg 300w, https:\/\/www.real.edu.ee\/ajaveeb\/139b\/files\/2023\/05\/alati-valmis-1024x768.jpg 1024w, https:\/\/www.real.edu.ee\/ajaveeb\/139b\/files\/2023\/05\/alati-valmis-768x576.jpg 768w, https:\/\/www.real.edu.ee\/ajaveeb\/139b\/files\/2023\/05\/alati-valmis-1536x1152.jpg 1536w, https:\/\/www.real.edu.ee\/ajaveeb\/139b\/files\/2023\/05\/alati-valmis.jpg 2048w\" sizes=\"auto, (max-width: 303px) 100vw, 303px\" \/><p id=\"caption-attachment-733\" class=\"wp-caption-text\">5 paari jalan\u00f5usid t\u00fchjal aasal<\/p><\/div>\n<div id=\"attachment_734\" style=\"width: 180px\" class=\"wp-caption alignleft\"><img loading=\"lazy\" decoding=\"async\" aria-describedby=\"caption-attachment-734\" class=\"wp-image-734\" src=\"http:\/\/www.real.edu.ee\/ajaveeb\/139b\/files\/2023\/05\/emotsioonid-laes-225x300.jpg\" alt=\"\" width=\"170\" height=\"227\" srcset=\"https:\/\/www.real.edu.ee\/ajaveeb\/139b\/files\/2023\/05\/emotsioonid-laes-225x300.jpg 225w, https:\/\/www.real.edu.ee\/ajaveeb\/139b\/files\/2023\/05\/emotsioonid-laes.jpg 384w\" sizes=\"auto, (max-width: 170px) 100vw, 170px\" \/><p id=\"caption-attachment-734\" class=\"wp-caption-text\">Emotsioonid laes!<\/p><\/div>\n<div id=\"attachment_735\" style=\"width: 331px\" class=\"wp-caption alignleft\"><img loading=\"lazy\" decoding=\"async\" aria-describedby=\"caption-attachment-735\" class=\"wp-image-735\" src=\"http:\/\/www.real.edu.ee\/ajaveeb\/139b\/files\/2023\/05\/fannipilt-e1685373916544-300x184.jpg\" alt=\"\" width=\"321\" height=\"197\" srcset=\"https:\/\/www.real.edu.ee\/ajaveeb\/139b\/files\/2023\/05\/fannipilt-e1685373916544-300x184.jpg 300w, https:\/\/www.real.edu.ee\/ajaveeb\/139b\/files\/2023\/05\/fannipilt-e1685373916544-1024x628.jpg 1024w, https:\/\/www.real.edu.ee\/ajaveeb\/139b\/files\/2023\/05\/fannipilt-e1685373916544-768x471.jpg 768w, https:\/\/www.real.edu.ee\/ajaveeb\/139b\/files\/2023\/05\/fannipilt-e1685373916544.jpg 1178w\" sizes=\"auto, (max-width: 321px) 100vw, 321px\" \/><p id=\"caption-attachment-735\" class=\"wp-caption-text\">F\u00e4nnipilt Valjoga<\/p><\/div>\n<div id=\"attachment_736\" style=\"width: 158px\" class=\"wp-caption alignleft\"><img loading=\"lazy\" decoding=\"async\" aria-describedby=\"caption-attachment-736\" class=\"wp-image-736\" src=\"http:\/\/www.real.edu.ee\/ajaveeb\/139b\/files\/2023\/05\/hot-and-dangerous--225x300.jpeg\" alt=\"\" width=\"148\" height=\"186\" \/><p id=\"caption-attachment-736\" class=\"wp-caption-text\">Kuumad ja ohtlikud<\/p><\/div>\n","protected":false},"excerpt":{"rendered":"<p>26.-28. mai toimus 139. lennu riigikaitselaager Karitsa jahispordi- ja puhkekeskuses. Reede hommikul saime nautida \u00fcksikut keemia tundi ning seej\u00e4rel algas meie laager lasketiiru minekuga. Hiljem laagriplatsile kohale j\u00f5udes saime iga\u00fcks omale vormi ja nimesildi ning peale \u2018sportliku eluviisi v\u00e4\u00e4rtustamist\u2019 k\u00fckkide ja k\u00e4tek\u00f5verdustega panime \u00fcles oma jagude telgid. Saabusid ka teiste koolide \u00f5pilased Raplast ning mujalt [&hellip;]<\/p>\n","protected":false},"author":188,"featured_media":0,"comment_status":"closed","ping_status":"open","sticky":false,"template":"","format":"standard","meta":{"footnotes":""},"categories":[11],"tags":[],"class_list":["post-730","post","type-post","status-publish","format-standard","hentry","category-mai-2023"],"_links":{"self":[{"href":"https:\/\/www.real.edu.ee\/ajaveeb\/139b\/wp-json\/wp\/v2\/posts\/730","targetHints":{"allow":["GET"]}}],"collection":[{"href":"https:\/\/www.real.edu.ee\/ajaveeb\/139b\/wp-json\/wp\/v2\/posts"}],"about":[{"href":"https:\/\/www.real.edu.ee\/ajaveeb\/139b\/wp-json\/wp\/v2\/types\/post"}],"author":[{"embeddable":true,"href":"https:\/\/www.real.edu.ee\/ajaveeb\/139b\/wp-json\/wp\/v2\/users\/188"}],"replies":[{"embeddable":true,"href":"https:\/\/www.real.edu.ee\/ajaveeb\/139b\/wp-json\/wp\/v2\/comments?post=730"}],"version-history":[{"count":13,"href":"https:\/\/www.real.edu.ee\/ajaveeb\/139b\/wp-json\/wp\/v2\/posts\/730\/revisions"}],"predecessor-version":[{"id":871,"href":"https:\/\/www.real.edu.ee\/ajaveeb\/139b\/wp-json\/wp\/v2\/posts\/730\/revisions\/871"}],"wp:attachment":[{"href":"https:\/\/www.real.edu.ee\/ajaveeb\/139b\/wp-json\/wp\/v2\/media?parent=730"}],"wp:term":[{"taxonomy":"category","embeddable":true,"href":"https:\/\/www.real.edu.ee\/ajaveeb\/139b\/wp-json\/wp\/v2\/categories?post=730"},{"taxonomy":"post_tag","embeddable":true,"href":"https:\/\/www.real.edu.ee\/ajaveeb\/139b\/wp-json\/wp\/v2\/tags?post=730"}],"curies":[{"name":"wp","href":"https:\/\/api.w.org\/{rel}","templated":true}]}}