{"id":576,"date":"2022-12-22T15:20:46","date_gmt":"2022-12-22T15:20:46","guid":{"rendered":"https:\/\/www.real.edu.ee\/ajaveeb\/139b\/?p=576"},"modified":"2023-05-29T15:18:52","modified_gmt":"2023-05-29T15:18:52","slug":"jouluohtu-lennuga","status":"publish","type":"post","link":"https:\/\/www.real.edu.ee\/ajaveeb\/139b\/2022\/12\/22\/jouluohtu-lennuga\/","title":{"rendered":"J\u00f5ulu\u00f5htu lennuga"},"content":{"rendered":"<p style=\"text-align: justify\">21. detsembri \u00f5htupoolikul, kui k\u00f5igil tahtjatel <em>selfie<\/em>\u2019d peaministriga tehtud (aga k\u00f5hud juba parasjagu t\u00fchjad), toimus kooli aulas j\u00f5ulu\u00f5htu.<\/p>\n<p style=\"text-align: justify\">\u00d5htut iseloomustasid m\u00f5nus koosviibimine lennukaaslastega, toredad esinejad ja hea muusika. Talenti n\u00e4itasid Mirjam ja Ingrid, \u00f5htut juhtisid Robin ja Marii. Puudust ei tulnud ei palvest ega tantsust, ning ka laud oli isetehtud ja isetoodud k\u00fcpsetistest n\u00f5nda lookas, et isegi j\u00f5ulutaat ei saanud tulemata j\u00e4tta.<\/p>\n<p style=\"text-align: justify\">J\u00f5ulu\u00f5htu pani igaljuhul suurep\u00e4rase punkti kalendriaastale, peale mida sai iga\u00fcks ise oma manu (v\u00f5i hoopis kusagile mujale) t\u00e4histama minna.<\/p>\n<p><em><span style=\"font-size: 10pt\">Frederik<\/span><\/em><\/p>\n<p><img loading=\"lazy\" decoding=\"async\" class=\"wp-image-578 alignleft\" src=\"http:\/\/www.real.edu.ee\/ajaveeb\/139b\/files\/2023\/02\/IMG_20221221_200632-300x225.jpg\" alt=\"\" width=\"302\" height=\"226\" srcset=\"https:\/\/www.real.edu.ee\/ajaveeb\/139b\/files\/2023\/02\/IMG_20221221_200632-300x225.jpg 300w, https:\/\/www.real.edu.ee\/ajaveeb\/139b\/files\/2023\/02\/IMG_20221221_200632-1024x768.jpg 1024w, https:\/\/www.real.edu.ee\/ajaveeb\/139b\/files\/2023\/02\/IMG_20221221_200632-768x576.jpg 768w, https:\/\/www.real.edu.ee\/ajaveeb\/139b\/files\/2023\/02\/IMG_20221221_200632-1536x1152.jpg 1536w, https:\/\/www.real.edu.ee\/ajaveeb\/139b\/files\/2023\/02\/IMG_20221221_200632-2048x1536.jpg 2048w\" sizes=\"auto, (max-width: 302px) 100vw, 302px\" \/><img loading=\"lazy\" decoding=\"async\" class=\" wp-image-631 alignleft\" src=\"http:\/\/www.real.edu.ee\/ajaveeb\/139b\/files\/2022\/12\/329785640_562855555876922_2345377429647635548_n-225x300.jpg\" alt=\"\" width=\"170\" height=\"227\" srcset=\"https:\/\/www.real.edu.ee\/ajaveeb\/139b\/files\/2022\/12\/329785640_562855555876922_2345377429647635548_n-225x300.jpg 225w, https:\/\/www.real.edu.ee\/ajaveeb\/139b\/files\/2022\/12\/329785640_562855555876922_2345377429647635548_n-768x1024.jpg 768w, https:\/\/www.real.edu.ee\/ajaveeb\/139b\/files\/2022\/12\/329785640_562855555876922_2345377429647635548_n-1152x1536.jpg 1152w, https:\/\/www.real.edu.ee\/ajaveeb\/139b\/files\/2022\/12\/329785640_562855555876922_2345377429647635548_n.jpg 1536w\" sizes=\"auto, (max-width: 170px) 100vw, 170px\" \/><\/p>\n","protected":false},"excerpt":{"rendered":"<p>21. detsembri \u00f5htupoolikul, kui k\u00f5igil tahtjatel selfie\u2019d peaministriga tehtud (aga k\u00f5hud juba parasjagu t\u00fchjad), toimus kooli aulas j\u00f5ulu\u00f5htu. \u00d5htut iseloomustasid m\u00f5nus koosviibimine lennukaaslastega, toredad esinejad ja hea muusika. Talenti n\u00e4itasid Mirjam ja Ingrid, \u00f5htut juhtisid Robin ja Marii. Puudust ei tulnud ei palvest ega tantsust, ning ka laud oli isetehtud ja isetoodud k\u00fcpsetistest n\u00f5nda lookas, [&hellip;]<\/p>\n","protected":false},"author":188,"featured_media":0,"comment_status":"closed","ping_status":"open","sticky":false,"template":"","format":"standard","meta":{"footnotes":""},"categories":[16],"tags":[],"class_list":["post-576","post","type-post","status-publish","format-standard","hentry","category-detsember-2022"],"_links":{"self":[{"href":"https:\/\/www.real.edu.ee\/ajaveeb\/139b\/wp-json\/wp\/v2\/posts\/576","targetHints":{"allow":["GET"]}}],"collection":[{"href":"https:\/\/www.real.edu.ee\/ajaveeb\/139b\/wp-json\/wp\/v2\/posts"}],"about":[{"href":"https:\/\/www.real.edu.ee\/ajaveeb\/139b\/wp-json\/wp\/v2\/types\/post"}],"author":[{"embeddable":true,"href":"https:\/\/www.real.edu.ee\/ajaveeb\/139b\/wp-json\/wp\/v2\/users\/188"}],"replies":[{"embeddable":true,"href":"https:\/\/www.real.edu.ee\/ajaveeb\/139b\/wp-json\/wp\/v2\/comments?post=576"}],"version-history":[{"count":8,"href":"https:\/\/www.real.edu.ee\/ajaveeb\/139b\/wp-json\/wp\/v2\/posts\/576\/revisions"}],"predecessor-version":[{"id":633,"href":"https:\/\/www.real.edu.ee\/ajaveeb\/139b\/wp-json\/wp\/v2\/posts\/576\/revisions\/633"}],"wp:attachment":[{"href":"https:\/\/www.real.edu.ee\/ajaveeb\/139b\/wp-json\/wp\/v2\/media?parent=576"}],"wp:term":[{"taxonomy":"category","embeddable":true,"href":"https:\/\/www.real.edu.ee\/ajaveeb\/139b\/wp-json\/wp\/v2\/categories?post=576"},{"taxonomy":"post_tag","embeddable":true,"href":"https:\/\/www.real.edu.ee\/ajaveeb\/139b\/wp-json\/wp\/v2\/tags?post=576"}],"curies":[{"name":"wp","href":"https:\/\/api.w.org\/{rel}","templated":true}]}}