{"id":130,"date":"2021-12-29T21:05:56","date_gmt":"2021-12-29T21:05:56","guid":{"rendered":"https:\/\/www.real.edu.ee\/ajaveeb\/139b\/?p=130"},"modified":"2022-04-22T08:15:55","modified_gmt":"2022-04-22T08:15:55","slug":"reaalkooli-jouluball","status":"publish","type":"post","link":"https:\/\/www.real.edu.ee\/ajaveeb\/139b\/2021\/12\/29\/reaalkooli-jouluball\/","title":{"rendered":"Reaalkooli j\u00f5uluball"},"content":{"rendered":"<p><span style=\"font-weight: 400\">27. detsembril toimus Reaalkooli g\u00fcmnaasiumi j\u00f5uluball. Lisaks realistidest g\u00fcmnasistidele oli ballik\u00fclaliste seas noori ka teistest koolidest. P\u00e4rast \u00f5petaja Somelari tantsitud avavalssi oli k\u00f5igil ballik\u00fclalistel v\u00f5imalus n\u00e4idata oma tantsuoskust, midagi hamba alla pista v\u00f5i veeta niisama m\u00f5nusalt aega koolikaaslastega vesteldes. Ballik\u00fclalised n\u00e4gid elegantsed v\u00e4lja ning sel \u00f5htul oli Reaalkooli aulast saanud t\u00f5eline ballisaal!<\/span><\/p>\n<p><span style=\"font-size: 10pt\">Kirjutas Mia Marie<\/span><\/p>\n<div id=\"attachment_134\" style=\"width: 310px\" class=\"wp-caption alignnone\"><img loading=\"lazy\" decoding=\"async\" aria-describedby=\"caption-attachment-134\" class=\"wp-image-134 size-medium\" src=\"http:\/\/www.real.edu.ee\/ajaveeb\/139b\/files\/2022\/03\/Photo18_14A-300x201.jpg\" alt=\"\" width=\"300\" height=\"201\" srcset=\"https:\/\/www.real.edu.ee\/ajaveeb\/139b\/files\/2022\/03\/Photo18_14A-300x201.jpg 300w, https:\/\/www.real.edu.ee\/ajaveeb\/139b\/files\/2022\/03\/Photo18_14A-1024x687.jpg 1024w, https:\/\/www.real.edu.ee\/ajaveeb\/139b\/files\/2022\/03\/Photo18_14A-768x516.jpg 768w, https:\/\/www.real.edu.ee\/ajaveeb\/139b\/files\/2022\/03\/Photo18_14A-1536x1031.jpg 1536w, https:\/\/www.real.edu.ee\/ajaveeb\/139b\/files\/2022\/03\/Photo18_14A.jpg 1895w\" sizes=\"auto, (max-width: 300px) 100vw, 300px\" \/><p id=\"caption-attachment-134\" class=\"wp-caption-text\">J\u00f5uluballi uus kuumim teema &#8211; Mia ja Kirke!<\/p><\/div>\n<div id=\"attachment_135\" style=\"width: 310px\" class=\"wp-caption alignnone\"><img loading=\"lazy\" decoding=\"async\" aria-describedby=\"caption-attachment-135\" class=\"wp-image-135 size-medium\" src=\"http:\/\/www.real.edu.ee\/ajaveeb\/139b\/files\/2022\/03\/IMG-4231-300x169.jpg\" alt=\"\" width=\"300\" height=\"169\" srcset=\"https:\/\/www.real.edu.ee\/ajaveeb\/139b\/files\/2022\/03\/IMG-4231-300x169.jpg 300w, https:\/\/www.real.edu.ee\/ajaveeb\/139b\/files\/2022\/03\/IMG-4231-1024x576.jpg 1024w, https:\/\/www.real.edu.ee\/ajaveeb\/139b\/files\/2022\/03\/IMG-4231-768x432.jpg 768w, https:\/\/www.real.edu.ee\/ajaveeb\/139b\/files\/2022\/03\/IMG-4231-1536x864.jpg 1536w, https:\/\/www.real.edu.ee\/ajaveeb\/139b\/files\/2022\/03\/IMG-4231-2048x1152.jpg 2048w\" sizes=\"auto, (max-width: 300px) 100vw, 300px\" \/><p id=\"caption-attachment-135\" class=\"wp-caption-text\">139.b graatsilised ballilised.<\/p><\/div>\n<div id=\"attachment_136\" style=\"width: 310px\" class=\"wp-caption alignnone\"><img loading=\"lazy\" decoding=\"async\" aria-describedby=\"caption-attachment-136\" class=\"wp-image-136 size-medium\" src=\"http:\/\/www.real.edu.ee\/ajaveeb\/139b\/files\/2022\/03\/DSCF3848-300x200.jpg\" alt=\"\" width=\"300\" height=\"200\" srcset=\"https:\/\/www.real.edu.ee\/ajaveeb\/139b\/files\/2022\/03\/DSCF3848-300x200.jpg 300w, https:\/\/www.real.edu.ee\/ajaveeb\/139b\/files\/2022\/03\/DSCF3848-1024x683.jpg 1024w, https:\/\/www.real.edu.ee\/ajaveeb\/139b\/files\/2022\/03\/DSCF3848-768x512.jpg 768w, https:\/\/www.real.edu.ee\/ajaveeb\/139b\/files\/2022\/03\/DSCF3848-1536x1024.jpg 1536w, https:\/\/www.real.edu.ee\/ajaveeb\/139b\/files\/2022\/03\/DSCF3848-2048x1365.jpg 2048w\" sizes=\"auto, (max-width: 300px) 100vw, 300px\" \/><p id=\"caption-attachment-136\" class=\"wp-caption-text\">Imekenad neiud &#8211; Mirtel ja Birgit. Autor: Ott R\u00f5ngas<\/p><\/div>\n<div id=\"attachment_137\" style=\"width: 310px\" class=\"wp-caption alignnone\"><img loading=\"lazy\" decoding=\"async\" aria-describedby=\"caption-attachment-137\" class=\"wp-image-137 size-medium\" src=\"http:\/\/www.real.edu.ee\/ajaveeb\/139b\/files\/2022\/03\/DSCF3804-300x200.jpg\" alt=\"\" width=\"300\" height=\"200\" srcset=\"https:\/\/www.real.edu.ee\/ajaveeb\/139b\/files\/2022\/03\/DSCF3804-300x200.jpg 300w, https:\/\/www.real.edu.ee\/ajaveeb\/139b\/files\/2022\/03\/DSCF3804-1024x683.jpg 1024w, https:\/\/www.real.edu.ee\/ajaveeb\/139b\/files\/2022\/03\/DSCF3804-768x512.jpg 768w, https:\/\/www.real.edu.ee\/ajaveeb\/139b\/files\/2022\/03\/DSCF3804-1536x1024.jpg 1536w, https:\/\/www.real.edu.ee\/ajaveeb\/139b\/files\/2022\/03\/DSCF3804-2048x1365.jpg 2048w\" sizes=\"auto, (max-width: 300px) 100vw, 300px\" \/><p id=\"caption-attachment-137\" class=\"wp-caption-text\">Aftekas. Autor: Ott R\u00f5ngas<\/p><\/div>\n","protected":false},"excerpt":{"rendered":"<p>27. detsembril toimus Reaalkooli g\u00fcmnaasiumi j\u00f5uluball. Lisaks realistidest g\u00fcmnasistidele oli ballik\u00fclaliste seas noori ka teistest koolidest. P\u00e4rast \u00f5petaja Somelari tantsitud avavalssi oli k\u00f5igil ballik\u00fclalistel v\u00f5imalus n\u00e4idata oma tantsuoskust, midagi hamba alla pista v\u00f5i veeta niisama m\u00f5nusalt aega koolikaaslastega vesteldes. Ballik\u00fclalised n\u00e4gid elegantsed v\u00e4lja ning sel \u00f5htul oli Reaalkooli aulast saanud t\u00f5eline ballisaal! Kirjutas Mia Marie<\/p>\n","protected":false},"author":188,"featured_media":0,"comment_status":"closed","ping_status":"open","sticky":false,"template":"","format":"standard","meta":{"footnotes":""},"categories":[7],"tags":[],"class_list":["post-130","post","type-post","status-publish","format-standard","hentry","category-detsember-2021"],"_links":{"self":[{"href":"https:\/\/www.real.edu.ee\/ajaveeb\/139b\/wp-json\/wp\/v2\/posts\/130","targetHints":{"allow":["GET"]}}],"collection":[{"href":"https:\/\/www.real.edu.ee\/ajaveeb\/139b\/wp-json\/wp\/v2\/posts"}],"about":[{"href":"https:\/\/www.real.edu.ee\/ajaveeb\/139b\/wp-json\/wp\/v2\/types\/post"}],"author":[{"embeddable":true,"href":"https:\/\/www.real.edu.ee\/ajaveeb\/139b\/wp-json\/wp\/v2\/users\/188"}],"replies":[{"embeddable":true,"href":"https:\/\/www.real.edu.ee\/ajaveeb\/139b\/wp-json\/wp\/v2\/comments?post=130"}],"version-history":[{"count":8,"href":"https:\/\/www.real.edu.ee\/ajaveeb\/139b\/wp-json\/wp\/v2\/posts\/130\/revisions"}],"predecessor-version":[{"id":290,"href":"https:\/\/www.real.edu.ee\/ajaveeb\/139b\/wp-json\/wp\/v2\/posts\/130\/revisions\/290"}],"wp:attachment":[{"href":"https:\/\/www.real.edu.ee\/ajaveeb\/139b\/wp-json\/wp\/v2\/media?parent=130"}],"wp:term":[{"taxonomy":"category","embeddable":true,"href":"https:\/\/www.real.edu.ee\/ajaveeb\/139b\/wp-json\/wp\/v2\/categories?post=130"},{"taxonomy":"post_tag","embeddable":true,"href":"https:\/\/www.real.edu.ee\/ajaveeb\/139b\/wp-json\/wp\/v2\/tags?post=130"}],"curies":[{"name":"wp","href":"https:\/\/api.w.org\/{rel}","templated":true}]}}