{"id":1011,"date":"2024-02-15T21:39:58","date_gmt":"2024-02-15T21:39:58","guid":{"rendered":"https:\/\/www.real.edu.ee\/ajaveeb\/139b\/?p=1011"},"modified":"2024-04-01T12:33:54","modified_gmt":"2024-04-01T12:33:54","slug":"vilistlaspaev","status":"publish","type":"post","link":"https:\/\/www.real.edu.ee\/ajaveeb\/139b\/2024\/02\/15\/vilistlaspaev\/","title":{"rendered":"Vilistlasp\u00e4ev"},"content":{"rendered":"<p style=\"text-align: justify\">Laup\u00e4eval, 27. jaanuaril toimus meie koolis vilistlasp\u00e4ev, nagu see iga aasta toimub. See aasta oli veidi erilisem s\u00fcndmus, seoses vana maja renoveerimise ja uue maja ehitamisega k\u00e4is p\u00e4ris palju rahvast l\u00e4bi, et n\u00e4ha, kuidas hakkab v\u00e4lja n\u00e4gema uus koolimaja ning kui armas ikkagi vana maja on, enne kui seda renoveerima hakatakse.<br \/>\nMeie klassi vastutada seekord oli garderoob. V\u00f5tsin korralduse enda peale ja pidime garderoobidesse panema numbrid nagidesse, et \u00f5htul k\u00fclalisi kenasti ikka vastu v\u00f5tta. Panime oma arust p\u00e4ris suure varuga kohe 500 numbrit \u00e4ra, kuid \u00fcsna kohe saime aru, et jopede jaoks j\u00e4\u00e4b ainult 500 nagiga kohti v\u00e4heks, seega l\u00f5ime nagisid kohe juurde. Lisaks garderoobiga tegelemisele, pidime ka olema turvamehed, kes valvavad, et aktuse ajal k\u00f5ik vilistlased ikkagi saali l\u00e4heks ega viibiks niisama koridorides, sest asjatut m\u00fcra \u00fcritati v\u00e4ltida.<\/p>\n<p style=\"text-align: justify\">Melu oli vahva ja vilistlasi oli ka meeletult. K\u00f5ige h\u00e4mmastavam oli asjaolu, kui palju vilistlasi mahtus \u00e4ra 303 klassiruumi. Ma polegi reaalis vist nii palju inimesi n\u00e4inud korraga \u00fches klassiruumis, nimelt istus \u00fchel pingireal umbes 6-8 vilistlast. Tavaliselt on tundides seal mugav neljakesi istuda\u2026<\/p>\n<p><img loading=\"lazy\" decoding=\"async\" class=\"size-medium wp-image-1012 alignright\" src=\"http:\/\/www.real.edu.ee\/ajaveeb\/139b\/files\/2024\/02\/428042830_389358667074723_6959802317239322215_n-e1708032891317-214x300.png\" alt=\"\" width=\"214\" height=\"300\" srcset=\"https:\/\/www.real.edu.ee\/ajaveeb\/139b\/files\/2024\/02\/428042830_389358667074723_6959802317239322215_n-e1708032891317-214x300.png 214w, https:\/\/www.real.edu.ee\/ajaveeb\/139b\/files\/2024\/02\/428042830_389358667074723_6959802317239322215_n-e1708032891317-730x1024.png 730w, https:\/\/www.real.edu.ee\/ajaveeb\/139b\/files\/2024\/02\/428042830_389358667074723_6959802317239322215_n-e1708032891317-768x1078.png 768w, https:\/\/www.real.edu.ee\/ajaveeb\/139b\/files\/2024\/02\/428042830_389358667074723_6959802317239322215_n-e1708032891317-1094x1536.png 1094w, https:\/\/www.real.edu.ee\/ajaveeb\/139b\/files\/2024\/02\/428042830_389358667074723_6959802317239322215_n-e1708032891317.png 1182w\" sizes=\"auto, (max-width: 214px) 100vw, 214px\" \/><\/p>\n<p style=\"text-align: justify\">303 klassis tutvustas vilistlane Johan Tali uue juurdeehituse plaani, mis oli v\u00e4ga grandioosne ja olen kindel, et sellest tuleb Tallinna, kui mitte kogu Eesti v\u00e4gevaim koolimaja!<\/p>\n<p style=\"text-align: justify\">Meie \u00f5htu garderoobis sujus h\u00e4sti &#8211; inimesed said kenasti oma \u00fcleriided k\u00e4tte ilma suurema ootamiseta ning garderoobis askeldanud klassikaaslased tegid v\u00e4ga eeskujulikku t\u00f6\u00f6d. Meie t\u00f6\u00f6p\u00e4ev l\u00f5ppes garderoobis ametlikult kell 00:00, kuid selleks ajaks olid veel pooled peolised koolimajas ning pidime nad j\u00e4tma ise oma asjade eest vastutama.<\/p>\n<p style=\"text-align: justify\">Pildil on v\u00f5imalik n\u00e4ha 131. lennu vilistlasi, nende seas ka minu vanem vend (paremalt teine).<\/p>\n<p style=\"text-align: justify\">Reaali vaim on ikka vinge! Lahe on vaadata, kuidas eri generatsioonide inimesed tulevad k\u00f5ik koos \u00fchte kohta iga aasta kokku, et koos vanu aegu meenutada ja koolivendadega uuesti \u00fcle pika aja pidutseda ja koos viibida. Sellist \u00fcritust oli lust korraldada ja ootan p\u00f5nevusega aegu, mil saan ise juba vilistlasena sellisest \u00fcritusest osa v\u00f5tta.<\/p>\n<p><span style=\"font-size: 10pt\"><em>Robin Juul<\/em><\/span><\/p>\n","protected":false},"excerpt":{"rendered":"<p>Laup\u00e4eval, 27. jaanuaril toimus meie koolis vilistlasp\u00e4ev, nagu see iga aasta toimub. See aasta oli veidi erilisem s\u00fcndmus, seoses vana maja renoveerimise ja uue maja ehitamisega k\u00e4is p\u00e4ris palju rahvast l\u00e4bi, et n\u00e4ha, kuidas hakkab v\u00e4lja n\u00e4gema uus koolimaja ning kui armas ikkagi vana maja on, enne kui seda renoveerima hakatakse. Meie klassi vastutada seekord [&hellip;]<\/p>\n","protected":false},"author":188,"featured_media":0,"comment_status":"closed","ping_status":"open","sticky":false,"template":"","format":"standard","meta":{"footnotes":""},"categories":[1],"tags":[],"class_list":["post-1011","post","type-post","status-publish","format-standard","hentry","category-uncategorized"],"_links":{"self":[{"href":"https:\/\/www.real.edu.ee\/ajaveeb\/139b\/wp-json\/wp\/v2\/posts\/1011","targetHints":{"allow":["GET"]}}],"collection":[{"href":"https:\/\/www.real.edu.ee\/ajaveeb\/139b\/wp-json\/wp\/v2\/posts"}],"about":[{"href":"https:\/\/www.real.edu.ee\/ajaveeb\/139b\/wp-json\/wp\/v2\/types\/post"}],"author":[{"embeddable":true,"href":"https:\/\/www.real.edu.ee\/ajaveeb\/139b\/wp-json\/wp\/v2\/users\/188"}],"replies":[{"embeddable":true,"href":"https:\/\/www.real.edu.ee\/ajaveeb\/139b\/wp-json\/wp\/v2\/comments?post=1011"}],"version-history":[{"count":7,"href":"https:\/\/www.real.edu.ee\/ajaveeb\/139b\/wp-json\/wp\/v2\/posts\/1011\/revisions"}],"predecessor-version":[{"id":1064,"href":"https:\/\/www.real.edu.ee\/ajaveeb\/139b\/wp-json\/wp\/v2\/posts\/1011\/revisions\/1064"}],"wp:attachment":[{"href":"https:\/\/www.real.edu.ee\/ajaveeb\/139b\/wp-json\/wp\/v2\/media?parent=1011"}],"wp:term":[{"taxonomy":"category","embeddable":true,"href":"https:\/\/www.real.edu.ee\/ajaveeb\/139b\/wp-json\/wp\/v2\/categories?post=1011"},{"taxonomy":"post_tag","embeddable":true,"href":"https:\/\/www.real.edu.ee\/ajaveeb\/139b\/wp-json\/wp\/v2\/tags?post=1011"}],"curies":[{"name":"wp","href":"https:\/\/api.w.org\/{rel}","templated":true}]}}