{"id":76,"date":"2022-02-03T06:55:33","date_gmt":"2022-02-03T06:55:33","guid":{"rendered":"https:\/\/www.real.edu.ee\/ajaveeb\/139a\/?p=76"},"modified":"2023-05-31T13:06:38","modified_gmt":"2023-05-31T13:06:38","slug":"etendus-sihtisid-pole-sel-sillal","status":"publish","type":"post","link":"https:\/\/www.real.edu.ee\/ajaveeb\/139a\/2022\/02\/03\/etendus-sihtisid-pole-sel-sillal\/","title":{"rendered":"Etendus &#8220;Sihtisid pole sel sillal&#8221;"},"content":{"rendered":"<p><span style=\"font-weight: 400;font-family: 'times new roman', times, serif\">3. veebruaril said osa meie klassikaaslastest imelise v\u00f5imaluse nautida Noorsooteatri etendust \u201cSihtisid pole sel sillal\u201d. K\u00e4isime seda etendust vaatamas oma eesti keele ja kirjanduse \u00f5petaja Kristi Koiduga. Teos on EMTA lavakunstikooli 30. lennu bakalaureuselavastus ning r\u00e4\u00e4gib Juhan Liivi elust ja loomingust. Lavastaja Mirko Rajas oli ka etenduse stsenaariumi autor koos Indrek Koffiga.\u00a0<\/span><\/p>\n<p><span style=\"font-weight: 400;font-family: 'times new roman', times, serif\">Oma neljap\u00e4eva \u00f5htust saime veeta kolm tundi ja viis minutit nautides suurep\u00e4rast kultuurielamust. L\u00e4bi teose esitatakse erinevaid Liivi luuletusi, mis vahelduvad muusikaliste etteastete ja aruteludega. Lavastuse kesksel kohal on nukk, mis kujutab kuulsat luuletajat, ning ma arvan, et see oli v\u00e4ga h\u00e4sti \u00e4ra kasutatud. Esimene vaatus keskendub Liivi karj\u00e4\u00e4ri algusajale luuletajana ning tema loomingule. Teine vaatus aga n\u00e4itab meile Juhan Liivi traagilist elu Tartu vaimuhaiglas.\u00a0<\/span><\/p>\n<p><span style=\"font-weight: 400;font-family: 'times new roman', times, serif\">Etendust vaatama minnes, ei teadnud, mida oodata, ning olin v\u00e4ga positiivselt \u00fcllatunud, kui v\u00e4ga mulle see t\u00fckk meeldis. Etenduse teemad on kohati s\u00fcnged ning ei pruugi sobida k\u00f5igile, kindlasti ei ole t\u00fckk sobilik lastele.\u00a0 Soovitan seda etendust vaatama minna iga\u00fchele, kes on kasv\u00f5i natukene huvituvad luulest v\u00f5i Juhan Liivist. Isegi, kui varem pole kokku puutunud luuletaja eluloo ja loominguga, on teos nauditav.\u00a0<\/span><\/p>\n<p><span style=\"font-family: 'times new roman', times, serif\">Autor: Elisabeth Vallner<\/span><\/p>\n","protected":false},"excerpt":{"rendered":"<p>3. veebruaril said osa meie klassikaaslastest imelise v\u00f5imaluse nautida Noorsooteatri etendust \u201cSihtisid pole sel sillal\u201d. K\u00e4isime seda etendust vaatamas oma eesti keele ja kirjanduse \u00f5petaja Kristi Koiduga. Teos on EMTA lavakunstikooli 30. lennu bakalaureuselavastus ning r\u00e4\u00e4gib Juhan Liivi elust ja loomingust. Lavastaja Mirko Rajas oli ka etenduse stsenaariumi autor koos Indrek Koffiga.\u00a0 Oma neljap\u00e4eva \u00f5htust [&hellip;]<\/p>\n","protected":false},"author":194,"featured_media":0,"comment_status":"open","ping_status":"open","sticky":false,"template":"","format":"standard","meta":{"footnotes":""},"categories":[2],"tags":[],"class_list":["post-76","post","type-post","status-publish","format-standard","hentry","category-10-klass"],"_links":{"self":[{"href":"https:\/\/www.real.edu.ee\/ajaveeb\/139a\/wp-json\/wp\/v2\/posts\/76","targetHints":{"allow":["GET"]}}],"collection":[{"href":"https:\/\/www.real.edu.ee\/ajaveeb\/139a\/wp-json\/wp\/v2\/posts"}],"about":[{"href":"https:\/\/www.real.edu.ee\/ajaveeb\/139a\/wp-json\/wp\/v2\/types\/post"}],"author":[{"embeddable":true,"href":"https:\/\/www.real.edu.ee\/ajaveeb\/139a\/wp-json\/wp\/v2\/users\/194"}],"replies":[{"embeddable":true,"href":"https:\/\/www.real.edu.ee\/ajaveeb\/139a\/wp-json\/wp\/v2\/comments?post=76"}],"version-history":[{"count":3,"href":"https:\/\/www.real.edu.ee\/ajaveeb\/139a\/wp-json\/wp\/v2\/posts\/76\/revisions"}],"predecessor-version":[{"id":979,"href":"https:\/\/www.real.edu.ee\/ajaveeb\/139a\/wp-json\/wp\/v2\/posts\/76\/revisions\/979"}],"wp:attachment":[{"href":"https:\/\/www.real.edu.ee\/ajaveeb\/139a\/wp-json\/wp\/v2\/media?parent=76"}],"wp:term":[{"taxonomy":"category","embeddable":true,"href":"https:\/\/www.real.edu.ee\/ajaveeb\/139a\/wp-json\/wp\/v2\/categories?post=76"},{"taxonomy":"post_tag","embeddable":true,"href":"https:\/\/www.real.edu.ee\/ajaveeb\/139a\/wp-json\/wp\/v2\/tags?post=76"}],"curies":[{"name":"wp","href":"https:\/\/api.w.org\/{rel}","templated":true}]}}