{"id":611,"date":"2023-05-20T20:42:21","date_gmt":"2023-05-20T20:42:21","guid":{"rendered":"https:\/\/www.real.edu.ee\/ajaveeb\/139a\/?p=611"},"modified":"2023-05-31T10:22:27","modified_gmt":"2023-05-31T10:22:27","slug":"euroopa-paeva-tahistamine-stenbocki-majas","status":"publish","type":"post","link":"https:\/\/www.real.edu.ee\/ajaveeb\/139a\/2023\/05\/20\/euroopa-paeva-tahistamine-stenbocki-majas\/","title":{"rendered":"Euroopa p\u00e4eva t\u00e4histamine Stenbocki majas"},"content":{"rendered":"<p dir=\"ltr\"><span style=\"font-family: 'times new roman', times, serif;font-size: 12pt\">\u00dchel ilusal teisip\u00e4eval saime klassiga tundidest varem \u00e4ra ja muusika kontrollt\u00f6\u00f6d kirjutama ei pidanud. Kuid see polnud mingi tavaline ilus teisip\u00e4ev. See teisip\u00e4ev oli 5. mai, Euroopa p\u00e4ev! Selle raames oli meil antud suurep\u00e4rane v\u00f5imalus k\u00fclastada Stenbocki maja.<\/span><\/p>\n<p dir=\"ltr\"><span style=\"font-family: 'times new roman', times, serif;font-size: 12pt\">Sisenedes Stenbocki hoovi, tervitati meid juba v\u00e4ga kuninglikult. Saime tasuta komme, Eesti ja Euroopa lippe, rinnam\u00e4rke ja k\u00f5ige parem, teed ja pannkooke. Pannkoogid k\u00e4es, saime v\u00e4ga mugavalt muru peale pikali heita, p\u00e4ikest nautida ja kuulata eri valdkondadest juttu.<\/span><\/p>\n<p dir=\"ltr\"><span style=\"font-family: 'times new roman', times, serif;font-size: 12pt\">Seej\u00e4rel suundusime maja s\u00fcdamesse ja l\u00f5puks j\u00f5udsime saali, kus meie peaminister Kaja Kallas isiklikult meile r\u00e4\u00e4kis. Avanes ka hea v\u00f5imalus temalt k\u00fcsida, mida iganes tahtsime.\u00a0<\/span><\/p>\n<p dir=\"ltr\"><span style=\"font-family: 'times new roman', times, serif;font-size: 12pt\">Kuid isegi sellega ei l\u00f5ppe p\u00e4eva suurep\u00e4rasus. Hoopis vastupidi. N\u00fc\u00fcd algas p\u00e4rast veel \u00fchte pannkoogivooru debatt elektrit\u00f5ukerataste linna sobivuse teemal. Veenvaid argumente sai kuulda m\u00f5lemalt poolelt.<\/span><\/p>\n<p dir=\"ltr\"><span style=\"font-family: 'times new roman', times, serif;font-size: 12pt\">Igal juhul oli p\u00e4ev Stenbocki majas tore ja Euroopa p\u00e4ev sai v\u00e4\u00e4rikalt t\u00e4histatud. V\u00f5ime Eesti ja Euroopa \u00fcle v\u00e4ga uhked olla!<\/span><\/p>\n<figure id=\"attachment_612\" aria-describedby=\"caption-attachment-612\" style=\"width: 500px\" class=\"wp-caption aligncenter\"><img loading=\"lazy\" decoding=\"async\" class=\"wp-image-612\" src=\"http:\/\/www.real.edu.ee\/ajaveeb\/139a\/files\/2023\/05\/Screenshot-2023-05-25-at-23.48.09-1024x1003.png\" alt=\"\" width=\"500\" height=\"490\" srcset=\"https:\/\/www.real.edu.ee\/ajaveeb\/139a\/files\/2023\/05\/Screenshot-2023-05-25-at-23.48.09-1024x1003.png 1024w, https:\/\/www.real.edu.ee\/ajaveeb\/139a\/files\/2023\/05\/Screenshot-2023-05-25-at-23.48.09-300x294.png 300w, https:\/\/www.real.edu.ee\/ajaveeb\/139a\/files\/2023\/05\/Screenshot-2023-05-25-at-23.48.09-768x752.png 768w, https:\/\/www.real.edu.ee\/ajaveeb\/139a\/files\/2023\/05\/Screenshot-2023-05-25-at-23.48.09-1536x1505.png 1536w, https:\/\/www.real.edu.ee\/ajaveeb\/139a\/files\/2023\/05\/Screenshot-2023-05-25-at-23.48.09.png 1880w\" sizes=\"auto, (max-width: 500px) 100vw, 500px\" \/><figcaption id=\"caption-attachment-612\" class=\"wp-caption-text\"><span style=\"font-size: 10pt;font-family: 'times new roman', times, serif;color: #808080\">Selfie peaminister Kaja Kallasega. Allikas: Kaja Kallase Instagram.<\/span><\/figcaption><\/figure>\n<p dir=\"ltr\"><span style=\"font-family: 'times new roman', times, serif;font-size: 12pt\">Autor: Karl-Ustav K\u00f5lar<\/span><\/p>\n","protected":false},"excerpt":{"rendered":"<p>\u00dchel ilusal teisip\u00e4eval saime klassiga tundidest varem \u00e4ra ja muusika kontrollt\u00f6\u00f6d kirjutama ei pidanud. Kuid see polnud mingi tavaline ilus teisip\u00e4ev. See teisip\u00e4ev oli 5. mai, Euroopa p\u00e4ev! Selle raames oli meil antud suurep\u00e4rane v\u00f5imalus k\u00fclastada Stenbocki maja. Sisenedes Stenbocki hoovi, tervitati meid juba v\u00e4ga kuninglikult. Saime tasuta komme, Eesti ja Euroopa lippe, rinnam\u00e4rke ja [&hellip;]<\/p>\n","protected":false},"author":194,"featured_media":0,"comment_status":"open","ping_status":"open","sticky":false,"template":"","format":"standard","meta":{"footnotes":""},"categories":[3],"tags":[],"class_list":["post-611","post","type-post","status-publish","format-standard","hentry","category-11-klass"],"_links":{"self":[{"href":"https:\/\/www.real.edu.ee\/ajaveeb\/139a\/wp-json\/wp\/v2\/posts\/611","targetHints":{"allow":["GET"]}}],"collection":[{"href":"https:\/\/www.real.edu.ee\/ajaveeb\/139a\/wp-json\/wp\/v2\/posts"}],"about":[{"href":"https:\/\/www.real.edu.ee\/ajaveeb\/139a\/wp-json\/wp\/v2\/types\/post"}],"author":[{"embeddable":true,"href":"https:\/\/www.real.edu.ee\/ajaveeb\/139a\/wp-json\/wp\/v2\/users\/194"}],"replies":[{"embeddable":true,"href":"https:\/\/www.real.edu.ee\/ajaveeb\/139a\/wp-json\/wp\/v2\/comments?post=611"}],"version-history":[{"count":20,"href":"https:\/\/www.real.edu.ee\/ajaveeb\/139a\/wp-json\/wp\/v2\/posts\/611\/revisions"}],"predecessor-version":[{"id":865,"href":"https:\/\/www.real.edu.ee\/ajaveeb\/139a\/wp-json\/wp\/v2\/posts\/611\/revisions\/865"}],"wp:attachment":[{"href":"https:\/\/www.real.edu.ee\/ajaveeb\/139a\/wp-json\/wp\/v2\/media?parent=611"}],"wp:term":[{"taxonomy":"category","embeddable":true,"href":"https:\/\/www.real.edu.ee\/ajaveeb\/139a\/wp-json\/wp\/v2\/categories?post=611"},{"taxonomy":"post_tag","embeddable":true,"href":"https:\/\/www.real.edu.ee\/ajaveeb\/139a\/wp-json\/wp\/v2\/tags?post=611"}],"curies":[{"name":"wp","href":"https:\/\/api.w.org\/{rel}","templated":true}]}}