{"id":505,"date":"2023-04-06T14:30:54","date_gmt":"2023-04-06T14:30:54","guid":{"rendered":"https:\/\/www.real.edu.ee\/ajaveeb\/139a\/?p=505"},"modified":"2023-05-31T10:33:21","modified_gmt":"2023-05-31T10:33:21","slug":"teaduspaev-ja-taltechi-kulastus","status":"publish","type":"post","link":"https:\/\/www.real.edu.ee\/ajaveeb\/139a\/2023\/04\/06\/teaduspaev-ja-taltechi-kulastus\/","title":{"rendered":"Taltechi k\u00fclastus ja teadusp\u00e4ev"},"content":{"rendered":"<p><span style=\"font-weight: 400;font-family: 'times new roman', times, serif;font-size: 12pt\">Selle aasta aprilli esimesel teisip\u00e4eval (04.04.2023) toimus Tallinna Reaalkoolis teadusp\u00e4ev, mille raames saime kuulata ereinevaid loenguid, osaleda t\u00f6\u00f6toas ja s\u00fc\u00fca torti. P\u00e4ev algas TalTechis loenguga \u201eMiks (mitte) \u00f5ppida informaatikat\u201d, mida viis l\u00e4bi TalTechi informaatika programmijuht Ago Luberg. Saime \u00fclevaate informaatika \u00f5ppe headest ja halbadest k\u00fclgedest ning sellest, kui suur puudus ITga tegelevatest inimestest j\u00e4tkuvalt Eestis on ja millele ei ole n\u00e4ha ka positiivset t\u00f5usu trendi.\u00a0<\/span><\/p>\n<p><span style=\"font-weight: 400;font-family: 'times new roman', times, serif;font-size: 12pt\">Peale loengut anti meile v\u00f5imalus kasutada keskkonda Sonic Pi, et programmeerimise abil luua muusikat. Valminud palad k\u00f5lasid k\u00f5igile klassis. Sealt liikusime edasi IT Kolled\u017eisse,\u00a0 kus saime k\u00fcsimusi esitada \u00fchele Reaalikooli vilistlasele, kes oli l\u00f5petanud TalTechis bakalaureuse \u00f5ppe Informaatika erialal. Peamisteks arutelu teemadeks oli tema \u00fclikooli aeg ning t\u00f6\u00f6le asumine. Seej\u00e4rel sai s\u00f5na IT\u00dcK esindaja, kes r\u00e4\u00e4kis meile \u00fcli\u00f5pilaskogu vahvatest s\u00fcndmustest.\u00a0<\/span><\/p>\n<figure id=\"attachment_517\" aria-describedby=\"caption-attachment-517\" style=\"width: 500px\" class=\"wp-caption aligncenter\"><img loading=\"lazy\" decoding=\"async\" class=\"wp-image-517\" src=\"http:\/\/www.real.edu.ee\/ajaveeb\/139a\/files\/2023\/04\/IMG_8388-768x1024.jpg\" alt=\"\" width=\"500\" height=\"667\" srcset=\"https:\/\/www.real.edu.ee\/ajaveeb\/139a\/files\/2023\/04\/IMG_8388-768x1024.jpg 768w, https:\/\/www.real.edu.ee\/ajaveeb\/139a\/files\/2023\/04\/IMG_8388-225x300.jpg 225w, https:\/\/www.real.edu.ee\/ajaveeb\/139a\/files\/2023\/04\/IMG_8388.jpg 828w\" sizes=\"auto, (max-width: 500px) 100vw, 500px\" \/><figcaption id=\"caption-attachment-517\" class=\"wp-caption-text\"><\/span> <span style=\"font-family: 'times new roman', times, serif;font-size: 10pt;color: #808080\">IT\u00dcK-i loeng. Allikas: Erakogu.\u00a0<\/span><\/figcaption><\/figure>\n<figure id=\"attachment_515\" aria-describedby=\"caption-attachment-515\" style=\"width: 500px\" class=\"wp-caption aligncenter\"><img loading=\"lazy\" decoding=\"async\" class=\"wp-image-515\" src=\"http:\/\/www.real.edu.ee\/ajaveeb\/139a\/files\/2023\/04\/IMG_8385-768x1024.jpg\" alt=\"\" width=\"500\" height=\"667\" srcset=\"https:\/\/www.real.edu.ee\/ajaveeb\/139a\/files\/2023\/04\/IMG_8385-768x1024.jpg 768w, https:\/\/www.real.edu.ee\/ajaveeb\/139a\/files\/2023\/04\/IMG_8385-225x300.jpg 225w, https:\/\/www.real.edu.ee\/ajaveeb\/139a\/files\/2023\/04\/IMG_8385.jpg 828w\" sizes=\"auto, (max-width: 500px) 100vw, 500px\" \/><figcaption id=\"caption-attachment-515\" class=\"wp-caption-text\"><\/span> <span style=\"font-family: 'times new roman', times, serif;font-size: 10pt;color: #808080\">Ago Lubergi loeng IT \u00f5ppimisest TalTechis. Allikas: Erakogu.\u00a0<\/span><\/figcaption><\/figure>\n<p><span style=\"font-weight: 400;font-family: 'times new roman', times, serif;font-size: 12pt\">Peale seiklust TalTechis liikusime k\u00f5ik tagasi meie armsasse koolimajja. Koolis osalesime aktusel, kus esines president Toomas Hendrik Ilves ning tunnustati \u00f5pilasi, kes olid saavutanud piirkondlikel ol\u00fcmpiaadidel, ainev\u00f5istlustel, lahtistel v\u00f5istlustel ja\/v\u00f5i konkurssidel 1.-6. koha. Tunnustatud \u00f5pilased olid peale aktust oodatud tordi s\u00f6\u00f6misele kooli s\u00f6\u00f6klas.\u00a0<\/span><\/p>\n<figure id=\"attachment_518\" aria-describedby=\"caption-attachment-518\" style=\"width: 500px\" class=\"wp-caption aligncenter\"><img loading=\"lazy\" decoding=\"async\" class=\"wp-image-518\" src=\"http:\/\/www.real.edu.ee\/ajaveeb\/139a\/files\/2023\/04\/IMG_8389-768x1024.jpg\" alt=\"\" width=\"500\" height=\"667\" srcset=\"https:\/\/www.real.edu.ee\/ajaveeb\/139a\/files\/2023\/04\/IMG_8389-768x1024.jpg 768w, https:\/\/www.real.edu.ee\/ajaveeb\/139a\/files\/2023\/04\/IMG_8389-225x300.jpg 225w, https:\/\/www.real.edu.ee\/ajaveeb\/139a\/files\/2023\/04\/IMG_8389.jpg 828w\" sizes=\"auto, (max-width: 500px) 100vw, 500px\" \/><figcaption id=\"caption-attachment-518\" class=\"wp-caption-text\"><\/span> <span style=\"font-family: 'times new roman', times, serif;font-size: 10pt;color: #808080\">Toomas Hendrik Ilvese k\u00f5ne aulas. Allikas: Erakogu.\u00a0<\/span><\/figcaption><\/figure>\n<figure id=\"attachment_516\" aria-describedby=\"caption-attachment-516\" style=\"width: 500px\" class=\"wp-caption aligncenter\"><img loading=\"lazy\" decoding=\"async\" class=\"wp-image-516\" src=\"http:\/\/www.real.edu.ee\/ajaveeb\/139a\/files\/2023\/04\/IMG_8387-768x1024.jpg\" alt=\"\" width=\"500\" height=\"667\" srcset=\"https:\/\/www.real.edu.ee\/ajaveeb\/139a\/files\/2023\/04\/IMG_8387-768x1024.jpg 768w, https:\/\/www.real.edu.ee\/ajaveeb\/139a\/files\/2023\/04\/IMG_8387-225x300.jpg 225w, https:\/\/www.real.edu.ee\/ajaveeb\/139a\/files\/2023\/04\/IMG_8387.jpg 828w\" sizes=\"auto, (max-width: 500px) 100vw, 500px\" \/><figcaption id=\"caption-attachment-516\" class=\"wp-caption-text\"><\/span> <span style=\"font-family: 'times new roman', times, serif;font-size: 10pt;color: #808080\">Tasuta prillid on alati paremad kui tasulised prillid. Allikas: Erakogu.\u00a0<\/span><\/figcaption><\/figure>\n<p><span style=\"font-weight: 400;font-family: 'times new roman', times, serif;font-size: 12pt\">P\u00e4eva l\u00f5petas kohtumine TalTechi \u00c4riinfotehnoloogia magistri\u00f5ppekava programmijuhi Gunnar Pihoga. Saime teada, mis on \u00e4riinfotehnoloogia, kus seda saab \u00f5ppida ning mis erinevus on g\u00fcmnaasiumis ja \u00fclikoolis \u00f5ppimisel. Peale tunni l\u00f5ppu t\u00e4histava kella helisemist saime esitada veel m\u00f5ned k\u00fcsimused Gunnar Pihole, mis l\u00f5petas meie klassi teadusp\u00e4eva. Oli p\u00e4ev t\u00e4is uusi teadmisi ja meeldej\u00e4\u00e4vaid kogemusi!<\/span><\/p>\n<p style=\"text-align: left\"><span style=\"font-family: 'times new roman', times, serif;font-size: 12pt\">Autor: Elisabeth Vallner<\/span><\/p>\n","protected":false},"excerpt":{"rendered":"<p>Selle aasta aprilli esimesel teisip\u00e4eval (04.04.2023) toimus Tallinna Reaalkoolis teadusp\u00e4ev, mille raames saime kuulata ereinevaid loenguid, osaleda t\u00f6\u00f6toas ja s\u00fc\u00fca torti. P\u00e4ev algas TalTechis loenguga \u201eMiks (mitte) \u00f5ppida informaatikat\u201d, mida viis l\u00e4bi TalTechi informaatika programmijuht Ago Luberg. Saime \u00fclevaate informaatika \u00f5ppe headest ja halbadest k\u00fclgedest ning sellest, kui suur puudus ITga tegelevatest inimestest j\u00e4tkuvalt Eestis [&hellip;]<\/p>\n","protected":false},"author":194,"featured_media":0,"comment_status":"open","ping_status":"open","sticky":false,"template":"","format":"standard","meta":{"footnotes":""},"categories":[3],"tags":[],"class_list":["post-505","post","type-post","status-publish","format-standard","hentry","category-11-klass"],"_links":{"self":[{"href":"https:\/\/www.real.edu.ee\/ajaveeb\/139a\/wp-json\/wp\/v2\/posts\/505","targetHints":{"allow":["GET"]}}],"collection":[{"href":"https:\/\/www.real.edu.ee\/ajaveeb\/139a\/wp-json\/wp\/v2\/posts"}],"about":[{"href":"https:\/\/www.real.edu.ee\/ajaveeb\/139a\/wp-json\/wp\/v2\/types\/post"}],"author":[{"embeddable":true,"href":"https:\/\/www.real.edu.ee\/ajaveeb\/139a\/wp-json\/wp\/v2\/users\/194"}],"replies":[{"embeddable":true,"href":"https:\/\/www.real.edu.ee\/ajaveeb\/139a\/wp-json\/wp\/v2\/comments?post=505"}],"version-history":[{"count":17,"href":"https:\/\/www.real.edu.ee\/ajaveeb\/139a\/wp-json\/wp\/v2\/posts\/505\/revisions"}],"predecessor-version":[{"id":880,"href":"https:\/\/www.real.edu.ee\/ajaveeb\/139a\/wp-json\/wp\/v2\/posts\/505\/revisions\/880"}],"wp:attachment":[{"href":"https:\/\/www.real.edu.ee\/ajaveeb\/139a\/wp-json\/wp\/v2\/media?parent=505"}],"wp:term":[{"taxonomy":"category","embeddable":true,"href":"https:\/\/www.real.edu.ee\/ajaveeb\/139a\/wp-json\/wp\/v2\/categories?post=505"},{"taxonomy":"post_tag","embeddable":true,"href":"https:\/\/www.real.edu.ee\/ajaveeb\/139a\/wp-json\/wp\/v2\/tags?post=505"}],"curies":[{"name":"wp","href":"https:\/\/api.w.org\/{rel}","templated":true}]}}