{"id":438,"date":"2022-12-26T18:38:47","date_gmt":"2022-12-26T18:38:47","guid":{"rendered":"https:\/\/www.real.edu.ee\/ajaveeb\/139a\/?p=438"},"modified":"2023-05-31T11:11:15","modified_gmt":"2023-05-31T11:11:15","slug":"viimane-paev-enne-vaheaega","status":"publish","type":"post","link":"https:\/\/www.real.edu.ee\/ajaveeb\/139a\/2022\/12\/26\/viimane-paev-enne-vaheaega\/","title":{"rendered":"Viimane p\u00e4ev enne vaheaega"},"content":{"rendered":"<p><span style=\"font-size: 12pt;font-family: 'times new roman', times, serif\">21. detsember, aasta pimedaim ja \u00fchtlasi ka talve algust m\u00e4rkiv p\u00e4ev, algas k\u00fclma ja talumatult libedana. Viimasest suurt lugu siiski ei olnud, sest \u00fcle pika-pika aja valgustas j\u00e4\u00e4l komberdavate \u00f5pilaste koolip\u00e4eva algust taas p\u00e4ike ning Estonia puiesteel v\u00f5is tavalise hommikusesse pimedusse mattunud koolimaja asemel imetleda neoklassitsistlikku \u00f5rnroosat hoonet kogu oma ilus. Nimelt ei siranud tol p\u00e4eval \u00f5pilaste \u00e4ratuskellalt vastu mitte 6.45, vaid hoopis 10.15, m\u00f5nel eriti v\u00e4lejalgsel unim\u00fctsil lausa 11.15.<\/span><br \/>\n<span style=\"font-size: 12pt;font-family: 'times new roman', times, serif\">Kell 11.30 tervitas hubases koduklassis 208 11.a klassi Daniel Kaasik, kes pidas huvitava loengu Rahvusvahelisest Kohtust ning enda kogemustest seal t\u00f6\u00f6tades. Sellele j\u00e4rgnes klassijuhataja tund, mida rikastas Jan Zebastiani tehtud j\u00f5ulu Kahoot! oma vaimukate naljade ning mitmek\u00fclgsete k\u00fcsimustega. Korisevatele k\u00f5htudele pakkusid leevendust stritsel ja piparkoogid.<\/span><br \/>\n<span style=\"font-size: 12pt;font-family: 'times new roman', times, serif\">K\u00f5hud t\u00e4is ja n\u00e4od naerul, suunduti aulasse, kus toimus j\u00f5ulukontsert. Kontsert oli muusikaliselt mitmekesine, rikas ja \u00e4\u00e4retult nauditav. Teiste seas v\u00f5is kuulata koori, nii puu- kui ka vaskpuhkpille, keelpille, klaverit ning ka lausa tervet orkestrit. Nimelt oli kavas lausa kaks Siim Laane komponeeritud teost: \u00fcks keelpillidele ja teine orkestrile ning klaverile. Eripalgelised lood sidus \u00e4ra meie oma klassivanem Kaspar Pajo ning kontsert l\u00f5ppes meeleoluka \u00fchislauluga \u201cRudolf\u201d.<\/span><br \/>\n<span style=\"font-size: 12pt;font-family: 'times new roman', times, serif\">Olles andnud esinejatele kajava aplausi, pidid 11. klassid kiirustama tulistjalu Stenbocki majja, kus ootas neid eest Madis Somelar. Hoolimata justkui j\u00e4\u00e4sse valatud munakividest, lab\u00fcrinditaolistest k\u00e4\u00e4nulistest vanalinna t\u00e4navatest ning katuselt kukkuvatest lumekoormatest, j\u00f5udsid k\u00f5ik siiski \u00f5hetavail palgeil kohale. Olgugi, et Kaja Kallas pidi kiirustama intervjuule, leidis ta aega, et lubada meid oma kabinetti, avada selle ajalugu, r\u00e4\u00e4kida lugusid enda ametiajast ning vastata arvukatele k\u00fcsimustele. Kui peaminister oli pidanud juba peaaegu oma intervjuule hilinedes minema tormama, v\u00f5eti jutuj\u00e4rg sujuvalt \u00fcle ning j\u00e4rgmisel pooleteisel tunnil oli v\u00f5imalus \u00f5ppida Stenbocki majaga seonduva ajaloo ja tavade kohta, samuti tutvuda hoone igap\u00e4evaga ning seal viimasel ajal aset leidnud suuremate s\u00fcndmustega.<\/span><\/p>\n<p><span style=\"font-size: 12pt;font-family: 'times new roman', times, serif\">Stenbocki majaga ei olnud meie vahva p\u00e4ev veel l\u00e4bi. Kohe p\u00e4rast Stenbocki tormasime \u00fcheskoos kooli tagasi, et maha pidada lennusisene korvpalli v\u00f5istlus, mille loomulikult meie proge poisid \u00e4ra v\u00f5itsid. Johannes Tampere kommentaar kohe p\u00e4rast v\u00f5itu: &#8220;Eks oleme aastaga k\u00f5va arengu teinud, mehed olid tublid. Vastased on vist liiga palju Solarise saialetti k\u00fclastanud.&#8221; V\u00f5itu kauaks t\u00e4histama me igatahes ei j\u00e4\u00e4nud, sest peagi oli algamas 139. lennu j\u00f5ulu\u00f5htus\u00f6\u00f6k, mis toimus meie kooli aulas. \u00d5htus\u00f6\u00f6giga alustasime kella seitsme paiku. Kavas olid iga klassi v\u00e4ikesed etteasted, taas kord j\u00f5uluteemaline Kahoot! ning pidulik j\u00f5ulus\u00f6\u00f6ming. Meie klassi etteaste v\u00f5ttis enda peale Ingrid, kes koos ukulelega kaasahaarvalt esitas meile m\u00f5ned palad oma repertuaarist nii, et k\u00f5ik said ekraanilt s\u00f5nu lugedes kaasa laulda. Vahepeal saime t\u00e4ita oma taldrikuid k\u00f5ige hea ja paremaga, aga \u00f5htu n-\u00f6 pearoaks v\u00f5ib siiski nimetada Markuse ja T\u00f5nise poolt valmistatud kartulisalatit, mis oli lausa fantastiline ning kadus potist kiiresti. J\u00f5ulu\u00f5htu Kahooti! v\u00f5itis loomulikult v\u00f5istkond, mille moodustasid enamuses meie klassi progejad. Peolt ei puudunud ka j\u00f5uluvana, kes oli meie klassi Ukuga v\u00e4ga sarnane, aga eks k\u00f5ik tahavad Uku moodi olla, nii et saame ka j\u00f5uluvanast aru. J\u00f5ulu\u00f5htus\u00f6\u00f6gi l\u00f5petasime v\u00e4ikse tantsuga ning saime \u00fcksteisele veel viimast korda enne j\u00f5uluvaheaega rahulikku j\u00f5uluaega soovida.<\/span><\/p>\n<p><span style=\"font-size: 12pt;font-family: 'times new roman', times, serif\">139a soovib k\u00f5igile rahulikku ja lahedat j\u00f5uluaega! Hoidke \u00fcksteist!<\/span><\/p>\n<p><span style=\"font-size: 12pt;font-family: 'times new roman', times, serif\">PS! Vaadake kindlasti meie Instagramist @paaritulend, kuidas T\u00f5nis j\u00f5ulukontserdil jalga tatsas ning puusi n\u00f5ksutas.<\/span><\/p>\n<figure id=\"attachment_420\" aria-describedby=\"caption-attachment-420\" style=\"width: 500px\" class=\"wp-caption aligncenter\"><img loading=\"lazy\" decoding=\"async\" class=\"wp-image-420\" src=\"http:\/\/www.real.edu.ee\/ajaveeb\/139a\/files\/2023\/02\/IMG-5553-225x300.jpg\" alt=\"\" width=\"500\" height=\"667\" srcset=\"https:\/\/www.real.edu.ee\/ajaveeb\/139a\/files\/2023\/02\/IMG-5553-225x300.jpg 225w, https:\/\/www.real.edu.ee\/ajaveeb\/139a\/files\/2023\/02\/IMG-5553-768x1024.jpg 768w, https:\/\/www.real.edu.ee\/ajaveeb\/139a\/files\/2023\/02\/IMG-5553-1152x1536.jpg 1152w, https:\/\/www.real.edu.ee\/ajaveeb\/139a\/files\/2023\/02\/IMG-5553-1536x2048.jpg 1536w, https:\/\/www.real.edu.ee\/ajaveeb\/139a\/files\/2023\/02\/IMG-5553-scaled.jpg 1920w\" sizes=\"auto, (max-width: 500px) 100vw, 500px\" \/><figcaption id=\"caption-attachment-420\" class=\"wp-caption-text\"><\/span> <span style=\"color: #808080;font-size: 10pt;font-family: 'times new roman', times, serif\">Ulla (139.b) sisenemas peopaikka passiga<\/span><\/figcaption><\/figure>\n<figure id=\"attachment_439\" aria-describedby=\"caption-attachment-439\" style=\"width: 500px\" class=\"wp-caption aligncenter\"><img loading=\"lazy\" decoding=\"async\" class=\"wp-image-439\" src=\"http:\/\/www.real.edu.ee\/ajaveeb\/139a\/files\/2023\/02\/IMG_2250-225x300.jpg\" alt=\"\" width=\"500\" height=\"667\" srcset=\"https:\/\/www.real.edu.ee\/ajaveeb\/139a\/files\/2023\/02\/IMG_2250-225x300.jpg 225w, https:\/\/www.real.edu.ee\/ajaveeb\/139a\/files\/2023\/02\/IMG_2250-768x1024.jpg 768w, https:\/\/www.real.edu.ee\/ajaveeb\/139a\/files\/2023\/02\/IMG_2250-1152x1536.jpg 1152w, https:\/\/www.real.edu.ee\/ajaveeb\/139a\/files\/2023\/02\/IMG_2250-1536x2048.jpg 1536w, https:\/\/www.real.edu.ee\/ajaveeb\/139a\/files\/2023\/02\/IMG_2250-scaled.jpg 1920w\" sizes=\"auto, (max-width: 500px) 100vw, 500px\" \/><figcaption id=\"caption-attachment-439\" class=\"wp-caption-text\"><\/span> <span style=\"font-size: 10pt;font-family: 'times new roman', times, serif;color: #808080\">Stenbocki majas<\/span><\/figcaption><\/figure>\n<figure id=\"attachment_440\" aria-describedby=\"caption-attachment-440\" style=\"width: 500px\" class=\"wp-caption aligncenter\"><img loading=\"lazy\" decoding=\"async\" class=\"wp-image-440\" src=\"http:\/\/www.real.edu.ee\/ajaveeb\/139a\/files\/2023\/02\/IMG_2255-225x300.jpg\" alt=\"\" width=\"500\" height=\"667\" srcset=\"https:\/\/www.real.edu.ee\/ajaveeb\/139a\/files\/2023\/02\/IMG_2255-225x300.jpg 225w, https:\/\/www.real.edu.ee\/ajaveeb\/139a\/files\/2023\/02\/IMG_2255-768x1024.jpg 768w, https:\/\/www.real.edu.ee\/ajaveeb\/139a\/files\/2023\/02\/IMG_2255-1152x1536.jpg 1152w, https:\/\/www.real.edu.ee\/ajaveeb\/139a\/files\/2023\/02\/IMG_2255-1536x2048.jpg 1536w, https:\/\/www.real.edu.ee\/ajaveeb\/139a\/files\/2023\/02\/IMG_2255-scaled.jpg 1920w\" sizes=\"auto, (max-width: 500px) 100vw, 500px\" \/><figcaption id=\"caption-attachment-440\" class=\"wp-caption-text\"><\/span> <span style=\"font-size: 10pt;font-family: 'times new roman', times, serif;color: #808080\">Markus n\u00e4htavalt nautimas m\u00f5nusat \u00f5htupoolikut<\/span><\/figcaption><\/figure>\n<p><span style=\"font-size: 12pt;font-family: 'times new roman', times, serif\">Autorid: Kaspar ja Roosi<\/span><\/p>\n","protected":false},"excerpt":{"rendered":"<p>21. detsember, aasta pimedaim ja \u00fchtlasi ka talve algust m\u00e4rkiv p\u00e4ev, algas k\u00fclma ja talumatult libedana. Viimasest suurt lugu siiski ei olnud, sest \u00fcle pika-pika aja valgustas j\u00e4\u00e4l komberdavate \u00f5pilaste koolip\u00e4eva algust taas p\u00e4ike ning Estonia puiesteel v\u00f5is tavalise hommikusesse pimedusse mattunud koolimaja asemel imetleda neoklassitsistlikku \u00f5rnroosat hoonet kogu oma ilus. Nimelt ei siranud tol [&hellip;]<\/p>\n","protected":false},"author":194,"featured_media":0,"comment_status":"open","ping_status":"open","sticky":false,"template":"","format":"standard","meta":{"footnotes":""},"categories":[3],"tags":[],"class_list":["post-438","post","type-post","status-publish","format-standard","hentry","category-11-klass"],"_links":{"self":[{"href":"https:\/\/www.real.edu.ee\/ajaveeb\/139a\/wp-json\/wp\/v2\/posts\/438","targetHints":{"allow":["GET"]}}],"collection":[{"href":"https:\/\/www.real.edu.ee\/ajaveeb\/139a\/wp-json\/wp\/v2\/posts"}],"about":[{"href":"https:\/\/www.real.edu.ee\/ajaveeb\/139a\/wp-json\/wp\/v2\/types\/post"}],"author":[{"embeddable":true,"href":"https:\/\/www.real.edu.ee\/ajaveeb\/139a\/wp-json\/wp\/v2\/users\/194"}],"replies":[{"embeddable":true,"href":"https:\/\/www.real.edu.ee\/ajaveeb\/139a\/wp-json\/wp\/v2\/comments?post=438"}],"version-history":[{"count":5,"href":"https:\/\/www.real.edu.ee\/ajaveeb\/139a\/wp-json\/wp\/v2\/posts\/438\/revisions"}],"predecessor-version":[{"id":914,"href":"https:\/\/www.real.edu.ee\/ajaveeb\/139a\/wp-json\/wp\/v2\/posts\/438\/revisions\/914"}],"wp:attachment":[{"href":"https:\/\/www.real.edu.ee\/ajaveeb\/139a\/wp-json\/wp\/v2\/media?parent=438"}],"wp:term":[{"taxonomy":"category","embeddable":true,"href":"https:\/\/www.real.edu.ee\/ajaveeb\/139a\/wp-json\/wp\/v2\/categories?post=438"},{"taxonomy":"post_tag","embeddable":true,"href":"https:\/\/www.real.edu.ee\/ajaveeb\/139a\/wp-json\/wp\/v2\/tags?post=438"}],"curies":[{"name":"wp","href":"https:\/\/api.w.org\/{rel}","templated":true}]}}