{"id":270,"date":"2022-09-18T19:16:45","date_gmt":"2022-09-18T19:16:45","guid":{"rendered":"https:\/\/www.real.edu.ee\/ajaveeb\/139a\/?p=270"},"modified":"2023-05-31T20:09:26","modified_gmt":"2023-05-31T20:09:26","slug":"kirjandustanava-festival-2022","status":"publish","type":"post","link":"https:\/\/www.real.edu.ee\/ajaveeb\/139a\/2022\/09\/18\/kirjandustanava-festival-2022\/","title":{"rendered":"Kirjandust\u00e4nava festival 2022"},"content":{"rendered":"<p><span style=\"font-weight: 400;font-family: 'times new roman', times, serif\">Kuues Kirjandust\u00e4nava festival toimus sel aastal 10. septembril Kadriorus Koidula t\u00e4naval. Kirjandust\u00e4nava festivali eesm\u00e4rk on t\u00f5mmata rahva t\u00e4helepanu eesti kirjandusele ja selle erip\u00e4rale. Eesti Kirjandust\u00e4nava festival on toimunud juba aastast 2017.<\/span><\/p>\n<p><span style=\"font-weight: 400;font-family: 'times new roman', times, serif\">Sel aastal m\u00f6\u00f6dus v\u00e4ga palju t\u00e4htp\u00e4evi, mida festivalil t\u00e4histati, n\u00e4iteks Eduard Bornh\u00f6he 160, Karl Ristikivi 110, Aino Pervik 90, Paul-Eerik Rummo 80 ja Mari Saat 75. Samuti m\u00f6\u00f6dus 100 aastat Arved Viirlaiu s\u00fcnnist ja 70 aastat tema kirjutatud raamatust \u201cRistideta hauad\u201d. Viirlaiu auks korraldati auseisak tunnustamaks Eesti vabaduse eest v\u00f5idelnud mehi ja naisi. Auseisakuks riietusid sada noort, sealhulgas v\u00e4ga suur osa Reaalkooli \u00f5pilasi, kaitsev\u00e4e mundritesse ning rivistusid Koidula t\u00e4navale k\u00fc\u00fcnlavalgel raamatut lugema. Peale kontserdi l\u00f5ppu jalutasid k\u00f5ik kirjandushuvilised m\u00f6\u00f6da Koidula t\u00e4navat, k\u00f5rvaklapid peas, imetledes mundrites noori, samal ajal, kui Mait Malmsten luges neile Arved Viirlaiu romaani \u201cRistideta hauad\u201d ette.\u00a0<\/span><\/p>\n<p><span style=\"font-weight: 400;font-family: 'times new roman', times, serif\">Septembri \u00f5htuh\u00e4maruses kaitsev\u00e4e mundrites rivis seistes raamatut lugedes oli v\u00e4ga uhke ja suurejooneline tunne olla osa Viirlaiu auks korraldatud auavaldusest. Mitmesaja kirjadushuvilise seas oli n\u00e4ha ka mitmeid Reaalkooli vilistlasi, \u00f5petajaid ja \u00f5pilasi. Pole ka vale v\u00e4ita, et m\u00f5nel mundritesse riietatud noori vaadades pisar silma tuli. Kirjandust\u00e4nava festival l\u00f5ppes imeilusa kontserdiga Luigetiigil.<\/span><\/p>\n<p><img loading=\"lazy\" decoding=\"async\" class=\"wp-image-271 aligncenter\" src=\"http:\/\/www.real.edu.ee\/ajaveeb\/139a\/files\/2022\/09\/Screenshot-2022-09-18-at-22.14.37-300x219.png\" alt=\"\" width=\"500\" height=\"365\" srcset=\"https:\/\/www.real.edu.ee\/ajaveeb\/139a\/files\/2022\/09\/Screenshot-2022-09-18-at-22.14.37-300x219.png 300w, https:\/\/www.real.edu.ee\/ajaveeb\/139a\/files\/2022\/09\/Screenshot-2022-09-18-at-22.14.37-1024x748.png 1024w, https:\/\/www.real.edu.ee\/ajaveeb\/139a\/files\/2022\/09\/Screenshot-2022-09-18-at-22.14.37-768x561.png 768w, https:\/\/www.real.edu.ee\/ajaveeb\/139a\/files\/2022\/09\/Screenshot-2022-09-18-at-22.14.37-1536x1121.png 1536w, https:\/\/www.real.edu.ee\/ajaveeb\/139a\/files\/2022\/09\/Screenshot-2022-09-18-at-22.14.37.png 1837w\" sizes=\"auto, (max-width: 500px) 100vw, 500px\" \/><\/p>\n<p><img loading=\"lazy\" decoding=\"async\" class=\"wp-image-272 aligncenter\" src=\"http:\/\/www.real.edu.ee\/ajaveeb\/139a\/files\/2022\/09\/Screenshot-2022-09-18-at-22.15.05-300x223.png\" alt=\"\" width=\"500\" height=\"372\" srcset=\"https:\/\/www.real.edu.ee\/ajaveeb\/139a\/files\/2022\/09\/Screenshot-2022-09-18-at-22.15.05-300x223.png 300w, https:\/\/www.real.edu.ee\/ajaveeb\/139a\/files\/2022\/09\/Screenshot-2022-09-18-at-22.15.05-1024x762.png 1024w, https:\/\/www.real.edu.ee\/ajaveeb\/139a\/files\/2022\/09\/Screenshot-2022-09-18-at-22.15.05-768x572.png 768w, https:\/\/www.real.edu.ee\/ajaveeb\/139a\/files\/2022\/09\/Screenshot-2022-09-18-at-22.15.05-1536x1143.png 1536w, https:\/\/www.real.edu.ee\/ajaveeb\/139a\/files\/2022\/09\/Screenshot-2022-09-18-at-22.15.05.png 1835w\" sizes=\"auto, (max-width: 500px) 100vw, 500px\" \/><\/p>\n<p><span style=\"font-family: 'times new roman', times, serif\">Autor: Siim Ilison<\/span><\/p>\n","protected":false},"excerpt":{"rendered":"<p>Kuues Kirjandust\u00e4nava festival toimus sel aastal 10. septembril Kadriorus Koidula t\u00e4naval. Kirjandust\u00e4nava festivali eesm\u00e4rk on t\u00f5mmata rahva t\u00e4helepanu eesti kirjandusele ja selle erip\u00e4rale. Eesti Kirjandust\u00e4nava festival on toimunud juba aastast 2017. Sel aastal m\u00f6\u00f6dus v\u00e4ga palju t\u00e4htp\u00e4evi, mida festivalil t\u00e4histati, n\u00e4iteks Eduard Bornh\u00f6he 160, Karl Ristikivi 110, Aino Pervik 90, Paul-Eerik Rummo 80 ja Mari [&hellip;]<\/p>\n","protected":false},"author":194,"featured_media":0,"comment_status":"open","ping_status":"open","sticky":false,"template":"","format":"standard","meta":{"footnotes":""},"categories":[3],"tags":[],"class_list":["post-270","post","type-post","status-publish","format-standard","hentry","category-11-klass"],"_links":{"self":[{"href":"https:\/\/www.real.edu.ee\/ajaveeb\/139a\/wp-json\/wp\/v2\/posts\/270","targetHints":{"allow":["GET"]}}],"collection":[{"href":"https:\/\/www.real.edu.ee\/ajaveeb\/139a\/wp-json\/wp\/v2\/posts"}],"about":[{"href":"https:\/\/www.real.edu.ee\/ajaveeb\/139a\/wp-json\/wp\/v2\/types\/post"}],"author":[{"embeddable":true,"href":"https:\/\/www.real.edu.ee\/ajaveeb\/139a\/wp-json\/wp\/v2\/users\/194"}],"replies":[{"embeddable":true,"href":"https:\/\/www.real.edu.ee\/ajaveeb\/139a\/wp-json\/wp\/v2\/comments?post=270"}],"version-history":[{"count":2,"href":"https:\/\/www.real.edu.ee\/ajaveeb\/139a\/wp-json\/wp\/v2\/posts\/270\/revisions"}],"predecessor-version":[{"id":1079,"href":"https:\/\/www.real.edu.ee\/ajaveeb\/139a\/wp-json\/wp\/v2\/posts\/270\/revisions\/1079"}],"wp:attachment":[{"href":"https:\/\/www.real.edu.ee\/ajaveeb\/139a\/wp-json\/wp\/v2\/media?parent=270"}],"wp:term":[{"taxonomy":"category","embeddable":true,"href":"https:\/\/www.real.edu.ee\/ajaveeb\/139a\/wp-json\/wp\/v2\/categories?post=270"},{"taxonomy":"post_tag","embeddable":true,"href":"https:\/\/www.real.edu.ee\/ajaveeb\/139a\/wp-json\/wp\/v2\/tags?post=270"}],"curies":[{"name":"wp","href":"https:\/\/api.w.org\/{rel}","templated":true}]}}