{"id":139,"date":"2021-11-17T22:00:15","date_gmt":"2021-11-17T22:00:15","guid":{"rendered":"https:\/\/www.real.edu.ee\/ajaveeb\/139a\/?p=139"},"modified":"2023-05-31T13:10:54","modified_gmt":"2023-05-31T13:10:54","slug":"dekameron","status":"publish","type":"post","link":"https:\/\/www.real.edu.ee\/ajaveeb\/139a\/2021\/11\/17\/dekameron\/","title":{"rendered":"Dekameron"},"content":{"rendered":"<p><span style=\"font-weight: 400;font-family: 'times new roman', times, serif\">Kolmap\u00e4eval, 17. novembri \u00f5htul, kui kool juba l\u00e4bi, ei l\u00e4inud meie klass koju. Ees ootas hoopis teatrietendus! L\u00e4ksime Rahvusraamatukogusse VAT-teatrisse vaatama Giovanni Boccaccio kom\u00f6\u00f6diat \u201cDekameron\u201d. Pileteid ostma ja valmistuma hakkasime aga Kristi Koidu s\u00f5bralikul survel juba poolteist n\u00e4dalat varem. Kusjuures, piletid saime me isegi mitte viimasele esitusele, vaid lisaetendusele. Draamateos r\u00e4\u00e4gib noortest inimestest, kes Itaalias 14. sajandil musta surma ajal on kokku tulnud ning r\u00e4\u00e4givad \u00fcksteisele huvitavaid ja humoorikaid lugusid. P\u00f5hiliselt nende jutte me just laval n\u00e4emegi. Etendus oli v\u00e4ga lahe, nauditav ja naljakas. Kasutati paljusid omap\u00e4raseid efekte ning tihti kaasati ka publikut. Kogu \u00f5htu oli \u00fclim\u00f5nus ja t\u00e4name kollektiivselt \u00f5petaja Kristi Koitu, kes meile teatriplaani tegi.<\/span><\/p>\n<p><span style=\"font-family: 'times new roman', times, serif\">Autor: Karl-Ustav K\u00f5lar<\/span><\/p>\n","protected":false},"excerpt":{"rendered":"<p>Kolmap\u00e4eval, 17. novembri \u00f5htul, kui kool juba l\u00e4bi, ei l\u00e4inud meie klass koju. Ees ootas hoopis teatrietendus! L\u00e4ksime Rahvusraamatukogusse VAT-teatrisse vaatama Giovanni Boccaccio kom\u00f6\u00f6diat \u201cDekameron\u201d. Pileteid ostma ja valmistuma hakkasime aga Kristi Koidu s\u00f5bralikul survel juba poolteist n\u00e4dalat varem. Kusjuures, piletid saime me isegi mitte viimasele esitusele, vaid lisaetendusele. Draamateos r\u00e4\u00e4gib noortest inimestest, kes Itaalias [&hellip;]<\/p>\n","protected":false},"author":194,"featured_media":0,"comment_status":"open","ping_status":"open","sticky":false,"template":"","format":"standard","meta":{"footnotes":""},"categories":[2],"tags":[],"class_list":["post-139","post","type-post","status-publish","format-standard","hentry","category-10-klass"],"_links":{"self":[{"href":"https:\/\/www.real.edu.ee\/ajaveeb\/139a\/wp-json\/wp\/v2\/posts\/139","targetHints":{"allow":["GET"]}}],"collection":[{"href":"https:\/\/www.real.edu.ee\/ajaveeb\/139a\/wp-json\/wp\/v2\/posts"}],"about":[{"href":"https:\/\/www.real.edu.ee\/ajaveeb\/139a\/wp-json\/wp\/v2\/types\/post"}],"author":[{"embeddable":true,"href":"https:\/\/www.real.edu.ee\/ajaveeb\/139a\/wp-json\/wp\/v2\/users\/194"}],"replies":[{"embeddable":true,"href":"https:\/\/www.real.edu.ee\/ajaveeb\/139a\/wp-json\/wp\/v2\/comments?post=139"}],"version-history":[{"count":3,"href":"https:\/\/www.real.edu.ee\/ajaveeb\/139a\/wp-json\/wp\/v2\/posts\/139\/revisions"}],"predecessor-version":[{"id":990,"href":"https:\/\/www.real.edu.ee\/ajaveeb\/139a\/wp-json\/wp\/v2\/posts\/139\/revisions\/990"}],"wp:attachment":[{"href":"https:\/\/www.real.edu.ee\/ajaveeb\/139a\/wp-json\/wp\/v2\/media?parent=139"}],"wp:term":[{"taxonomy":"category","embeddable":true,"href":"https:\/\/www.real.edu.ee\/ajaveeb\/139a\/wp-json\/wp\/v2\/categories?post=139"},{"taxonomy":"post_tag","embeddable":true,"href":"https:\/\/www.real.edu.ee\/ajaveeb\/139a\/wp-json\/wp\/v2\/tags?post=139"}],"curies":[{"name":"wp","href":"https:\/\/api.w.org\/{rel}","templated":true}]}}