{"id":134,"date":"2022-04-18T08:00:33","date_gmt":"2022-04-18T08:00:33","guid":{"rendered":"https:\/\/www.real.edu.ee\/ajaveeb\/139a\/?p=134"},"modified":"2023-05-31T12:56:40","modified_gmt":"2023-05-31T12:56:40","slug":"ukraina-paev","status":"publish","type":"post","link":"https:\/\/www.real.edu.ee\/ajaveeb\/139a\/2022\/04\/18\/ukraina-paev\/","title":{"rendered":"Ukraina p\u00e4ev"},"content":{"rendered":"<p><span style=\"font-weight: 400;font-family: 'times new roman', times, serif\">18. aprillil, \u00fchel esmasp\u00e4evasel p\u00e4eval kauaoodatud vaheajale eelneval n\u00e4dalal toimus meie koolis Ukraina p\u00e4ev. Ukraina p\u00e4ev toimus iga-aastase Taani p\u00e4eva asemel, et n\u00e4idata solidaarsust Ukrainaga. Sellel p\u00e4eval olid lisaks \u00fcritustele ka koolitunnid \u00fchte v\u00f5i teist pidi seotud Ukrainaga.\u00a0<\/span><\/p>\n<p><span style=\"font-family: 'times new roman', times, serif\"><span style=\"font-weight: 400\">F\u00fc\u00fcsika tunnis pajatas Toomas meile ukraina p\u00e4ritolu loo m\u00f5isnikust ja talupojast, kes tema teenistusse kokaks sattus. Teise tunni ajal toimus aulas pidulik aktus, kus oli kohal meie klassi viieliikmeline esindus. Alustuseks tehti l\u00fchike \u00fclevaade Ukraina ajaloost, milles selgus ootamatult, et ukrainlased on hoopiski oma juurte kaudu seotud kreeklastega.\u00a0<\/span><span style=\"font-weight: 400\">Enda kodumaa kurvast saatusest r\u00e4\u00e4kis Ukraina suursaadik Eestis Marjana Betsa ja t\u00e4nas Eestit senise toetuse eest, \u00e4rgitades meid seda j\u00e4tkama ja omalt poolt \u00f5lga alla panema. Samuti k\u00f5neles sotsiaalkaitseminister Signe Riisalo. <\/span><span style=\"font-weight: 400\">Muusikaliste vahenumbrite hulgas astusid \u00fcles Reaali v\u00e4rsked ukrainlastest \u00f5pilased emakeelse luuletusega. J\u00e4rgmise tunni ajal oli tervel klassil v\u00f5imalus kuulata 117. lennu vilistlase ja Kaitseministeeriumi kantsleri Kusti Salmi loengut. Praeguste s\u00f5jaliste s\u00fcndmuste k\u00f5rval tutvustas ta Kaitsev\u00e4e juurdehangitavat relvastust ja seletas lahti NATO toimimise kaitseolukorras.<\/span><span style=\"font-weight: 400\">Neljas tund oli legof\u00e4nnide t\u00e4hetund. Meie klassi suurimad legoentusiastid Sven, Tuuli ja Richard panid p\u00fcsti v\u00e4geva vene s\u00f5jalaeva Moskva uppumist kujutava maketi. Paralleelselt tutvustas Kristi Koit meile telesarja \u201cRahva teener\u201d, kus m\u00e4ngib Ukraina presidenti praegune p\u00e4ris Ukraina president Volod\u00f5m\u00f5r Zelenski. Viimast koos filmiga \u201cMaa kui sinine apelsin\u201d n\u00e4idati p\u00e4rast tunde toimuval filmi\u00f5htul. Ei puudunud ka tooli pealt t\u00f5usmist n\u00f5udvad tegevused. Selle eest kandi hoolt Piret otsa, kes \u00f5petas k\u00f5igile huvilistele aulas ukraina tantse. Ukraina p\u00e4eval pakuti s\u00f6\u00f6klas traditsioonilist ukrainap\u00e4rast bor\u0161i. Hoidkem Ukraina lipp k\u00f5rgel ka edaspidi.<\/span><\/span><\/p>\n<p><span style=\"font-weight: 400;font-family: 'times new roman', times, serif\"> Slava Ukraini!<\/span><\/p>\n<p><img loading=\"lazy\" decoding=\"async\" class=\"aligncenter wp-image-62\" src=\"http:\/\/www.real.edu.ee\/ajaveeb\/139a\/files\/2022\/04\/image4.png\" alt=\"\" width=\"500\" height=\"333\" srcset=\"https:\/\/www.real.edu.ee\/ajaveeb\/139a\/files\/2022\/04\/image4.png 680w, https:\/\/www.real.edu.ee\/ajaveeb\/139a\/files\/2022\/04\/image4-300x200.png 300w\" sizes=\"auto, (max-width: 500px) 100vw, 500px\" \/><\/p>\n<p><span style=\"font-family: 'times new roman', times, serif\">Autor: P\u00e4rtel Arula<\/span><\/p>\n","protected":false},"excerpt":{"rendered":"<p>18. aprillil, \u00fchel esmasp\u00e4evasel p\u00e4eval kauaoodatud vaheajale eelneval n\u00e4dalal toimus meie koolis Ukraina p\u00e4ev. Ukraina p\u00e4ev toimus iga-aastase Taani p\u00e4eva asemel, et n\u00e4idata solidaarsust Ukrainaga. Sellel p\u00e4eval olid lisaks \u00fcritustele ka koolitunnid \u00fchte v\u00f5i teist pidi seotud Ukrainaga.\u00a0 F\u00fc\u00fcsika tunnis pajatas Toomas meile ukraina p\u00e4ritolu loo m\u00f5isnikust ja talupojast, kes tema teenistusse kokaks sattus. Teise [&hellip;]<\/p>\n","protected":false},"author":194,"featured_media":0,"comment_status":"open","ping_status":"open","sticky":false,"template":"","format":"standard","meta":{"footnotes":""},"categories":[2],"tags":[],"class_list":["post-134","post","type-post","status-publish","format-standard","hentry","category-10-klass"],"_links":{"self":[{"href":"https:\/\/www.real.edu.ee\/ajaveeb\/139a\/wp-json\/wp\/v2\/posts\/134","targetHints":{"allow":["GET"]}}],"collection":[{"href":"https:\/\/www.real.edu.ee\/ajaveeb\/139a\/wp-json\/wp\/v2\/posts"}],"about":[{"href":"https:\/\/www.real.edu.ee\/ajaveeb\/139a\/wp-json\/wp\/v2\/types\/post"}],"author":[{"embeddable":true,"href":"https:\/\/www.real.edu.ee\/ajaveeb\/139a\/wp-json\/wp\/v2\/users\/194"}],"replies":[{"embeddable":true,"href":"https:\/\/www.real.edu.ee\/ajaveeb\/139a\/wp-json\/wp\/v2\/comments?post=134"}],"version-history":[{"count":5,"href":"https:\/\/www.real.edu.ee\/ajaveeb\/139a\/wp-json\/wp\/v2\/posts\/134\/revisions"}],"predecessor-version":[{"id":963,"href":"https:\/\/www.real.edu.ee\/ajaveeb\/139a\/wp-json\/wp\/v2\/posts\/134\/revisions\/963"}],"wp:attachment":[{"href":"https:\/\/www.real.edu.ee\/ajaveeb\/139a\/wp-json\/wp\/v2\/media?parent=134"}],"wp:term":[{"taxonomy":"category","embeddable":true,"href":"https:\/\/www.real.edu.ee\/ajaveeb\/139a\/wp-json\/wp\/v2\/categories?post=134"},{"taxonomy":"post_tag","embeddable":true,"href":"https:\/\/www.real.edu.ee\/ajaveeb\/139a\/wp-json\/wp\/v2\/tags?post=134"}],"curies":[{"name":"wp","href":"https:\/\/api.w.org\/{rel}","templated":true}]}}