{"id":8,"date":"2020-09-25T19:36:01","date_gmt":"2020-09-25T19:36:01","guid":{"rendered":"http:\/\/www.real.edu.ee\/ajaveeb\/138c\/?p=8"},"modified":"2020-09-25T19:51:55","modified_gmt":"2020-09-25T19:51:55","slug":"8","status":"publish","type":"post","link":"https:\/\/www.real.edu.ee\/ajaveeb\/138c\/2020\/09\/25\/8\/","title":{"rendered":"138.c"},"content":{"rendered":"<p>Meie oleme 138c, 27 poissi ja 11 t\u00fcdrukut. Oleme heas vaimses ja f\u00fc\u00fcsilises vormis, tulevased ettev\u00f5tjad. Klassivanemad on Claudia ning Katriin, REKi l\u00e4ks Ainar, Claudia ja Patrik. Samuti on Ainar tituleeritud Reaali Kaikaks, ta on meie klassi au ja uhkus. G\u00fcmnasistidena on eesm\u00e4rgiks saada klassiga \u00fchtseks ja elada sisse g\u00fcmnasistide perre. Oleme globaalse haardega, lisaks pealinnale on klassikaaslasi Kadrinast ja Tartust. Harrastame erinevaid spordialasid: korvpalli, jalgpalli ning isegi poksi.<\/p>\n<p>Rasmus Andre<\/p>\n<p><img loading=\"lazy\" decoding=\"async\" class=\"alignnone size-medium wp-image-9\" src=\"http:\/\/www.real.edu.ee\/ajaveeb\/138c\/files\/2020\/09\/IMG_2962-300x225.jpeg\" alt=\"\" width=\"300\" height=\"225\" srcset=\"https:\/\/www.real.edu.ee\/ajaveeb\/138c\/files\/2020\/09\/IMG_2962-300x225.jpeg 300w, https:\/\/www.real.edu.ee\/ajaveeb\/138c\/files\/2020\/09\/IMG_2962-1024x768.jpeg 1024w, https:\/\/www.real.edu.ee\/ajaveeb\/138c\/files\/2020\/09\/IMG_2962-768x576.jpeg 768w, https:\/\/www.real.edu.ee\/ajaveeb\/138c\/files\/2020\/09\/IMG_2962-1536x1152.jpeg 1536w, https:\/\/www.real.edu.ee\/ajaveeb\/138c\/files\/2020\/09\/IMG_2962-2048x1536.jpeg 2048w\" sizes=\"auto, (max-width: 300px) 100vw, 300px\" \/><\/p>\n","protected":false},"excerpt":{"rendered":"<p>Meie oleme 138c, 27 poissi ja 11 t\u00fcdrukut. Oleme heas vaimses ja f\u00fc\u00fcsilises vormis, tulevased ettev\u00f5tjad. Klassivanemad on Claudia ning Katriin, REKi l\u00e4ks Ainar, Claudia ja Patrik. Samuti on Ainar tituleeritud Reaali Kaikaks, ta on meie klassi au ja uhkus. G\u00fcmnasistidena on eesm\u00e4rgiks saada klassiga \u00fchtseks ja elada sisse g\u00fcmnasistide perre. Oleme globaalse haardega, lisaks [&hellip;]<\/p>\n","protected":false},"author":177,"featured_media":0,"comment_status":"open","ping_status":"open","sticky":false,"template":"","format":"standard","meta":{"footnotes":""},"categories":[1],"tags":[],"class_list":["post-8","post","type-post","status-publish","format-standard","hentry","category-uncategorized"],"_links":{"self":[{"href":"https:\/\/www.real.edu.ee\/ajaveeb\/138c\/wp-json\/wp\/v2\/posts\/8","targetHints":{"allow":["GET"]}}],"collection":[{"href":"https:\/\/www.real.edu.ee\/ajaveeb\/138c\/wp-json\/wp\/v2\/posts"}],"about":[{"href":"https:\/\/www.real.edu.ee\/ajaveeb\/138c\/wp-json\/wp\/v2\/types\/post"}],"author":[{"embeddable":true,"href":"https:\/\/www.real.edu.ee\/ajaveeb\/138c\/wp-json\/wp\/v2\/users\/177"}],"replies":[{"embeddable":true,"href":"https:\/\/www.real.edu.ee\/ajaveeb\/138c\/wp-json\/wp\/v2\/comments?post=8"}],"version-history":[{"count":2,"href":"https:\/\/www.real.edu.ee\/ajaveeb\/138c\/wp-json\/wp\/v2\/posts\/8\/revisions"}],"predecessor-version":[{"id":19,"href":"https:\/\/www.real.edu.ee\/ajaveeb\/138c\/wp-json\/wp\/v2\/posts\/8\/revisions\/19"}],"wp:attachment":[{"href":"https:\/\/www.real.edu.ee\/ajaveeb\/138c\/wp-json\/wp\/v2\/media?parent=8"}],"wp:term":[{"taxonomy":"category","embeddable":true,"href":"https:\/\/www.real.edu.ee\/ajaveeb\/138c\/wp-json\/wp\/v2\/categories?post=8"},{"taxonomy":"post_tag","embeddable":true,"href":"https:\/\/www.real.edu.ee\/ajaveeb\/138c\/wp-json\/wp\/v2\/tags?post=8"}],"curies":[{"name":"wp","href":"https:\/\/api.w.org\/{rel}","templated":true}]}}