{"id":66,"date":"2021-02-22T06:48:20","date_gmt":"2021-02-22T06:48:20","guid":{"rendered":"https:\/\/www.real.edu.ee\/ajaveeb\/138c\/?p=66"},"modified":"2021-04-01T07:16:05","modified_gmt":"2021-04-01T07:16:05","slug":"stiilinadal","status":"publish","type":"post","link":"https:\/\/www.real.edu.ee\/ajaveeb\/138c\/2021\/02\/22\/stiilinadal\/","title":{"rendered":"Stiilin\u00e4dal"},"content":{"rendered":"<p><span style=\"font-weight: 400\">15-19 veebruar toimus koolis stiilin\u00e4dal, mis oli REKi ja PEKi \u00fchisprojektiks. Esmasp\u00e4ev oli inspireeritud s\u00f5brap\u00e4evast ning loomulikult olid k\u00f5ik riietanud ennast roosasse. Koridorides vahetundides ja\u00a0 klassides tundide ajal tegi oma t\u00f6\u00f6d ka reaali cupidid, kes jagasid roose ja kirju, neid viimaseid sai meie klassis kindlasti k\u00f5ige rohkem Alex. Aulas oli \u00fcleval ka fotosein, kooli\u00f5pilaste tuju oli hea ja kost\u00fc\u00fcme oli v\u00e4ga palju erinevaid.<\/span><\/p>\n<p><span style=\"font-weight: 400\"><img loading=\"lazy\" decoding=\"async\" class=\"alignnone wp-image-72\" src=\"http:\/\/www.real.edu.ee\/ajaveeb\/138c\/files\/2021\/04\/IMG_0956-300x169.jpeg\" alt=\"\" width=\"373\" height=\"210\" srcset=\"https:\/\/www.real.edu.ee\/ajaveeb\/138c\/files\/2021\/04\/IMG_0956-300x169.jpeg 300w, https:\/\/www.real.edu.ee\/ajaveeb\/138c\/files\/2021\/04\/IMG_0956-1024x576.jpeg 1024w, https:\/\/www.real.edu.ee\/ajaveeb\/138c\/files\/2021\/04\/IMG_0956-768x432.jpeg 768w, https:\/\/www.real.edu.ee\/ajaveeb\/138c\/files\/2021\/04\/IMG_0956-1536x864.jpeg 1536w, https:\/\/www.real.edu.ee\/ajaveeb\/138c\/files\/2021\/04\/IMG_0956-2048x1152.jpeg 2048w\" sizes=\"auto, (max-width: 373px) 100vw, 373px\" \/><img loading=\"lazy\" decoding=\"async\" class=\"alignnone wp-image-71\" src=\"http:\/\/www.real.edu.ee\/ajaveeb\/138c\/files\/2021\/04\/IMG_0959-139x300.png\" alt=\"\" width=\"137\" height=\"295\" \/><\/span><\/p>\n<p><span style=\"font-weight: 400\">Teisip\u00e4ev ehk emakeele proovieksami p\u00e4ev oli tudup\u00e4ev. Iga p\u00e4ev v\u00f5iks olla tudup\u00e4ev. Rahvas oli kaasa v\u00f5tnud pleedid, selga pannud k\u00f5ige mugavamad dressid ja tuju oli hea.\u00a0<\/span><\/p>\n<p><span style=\"font-weight: 400\"><img loading=\"lazy\" decoding=\"async\" class=\"alignnone size-medium wp-image-69\" src=\"http:\/\/www.real.edu.ee\/ajaveeb\/138c\/files\/2021\/04\/tempImageYNLHdY-169x300.jpg\" alt=\"\" width=\"169\" height=\"300\" srcset=\"https:\/\/www.real.edu.ee\/ajaveeb\/138c\/files\/2021\/04\/tempImageYNLHdY-169x300.jpg 169w, https:\/\/www.real.edu.ee\/ajaveeb\/138c\/files\/2021\/04\/tempImageYNLHdY.jpg 375w\" sizes=\"auto, (max-width: 169px) 100vw, 169px\" \/><img loading=\"lazy\" decoding=\"async\" class=\"size-medium wp-image-68 alignleft\" src=\"http:\/\/www.real.edu.ee\/ajaveeb\/138c\/files\/2021\/04\/EF47DCCC-A9DE-40D2-A87B-57AF79E2D917-161x300.jpeg\" alt=\"\" width=\"161\" height=\"300\" srcset=\"https:\/\/www.real.edu.ee\/ajaveeb\/138c\/files\/2021\/04\/EF47DCCC-A9DE-40D2-A87B-57AF79E2D917-161x300.jpeg 161w, https:\/\/www.real.edu.ee\/ajaveeb\/138c\/files\/2021\/04\/EF47DCCC-A9DE-40D2-A87B-57AF79E2D917-549x1024.jpeg 549w, https:\/\/www.real.edu.ee\/ajaveeb\/138c\/files\/2021\/04\/EF47DCCC-A9DE-40D2-A87B-57AF79E2D917-768x1434.jpeg 768w, https:\/\/www.real.edu.ee\/ajaveeb\/138c\/files\/2021\/04\/EF47DCCC-A9DE-40D2-A87B-57AF79E2D917-823x1536.jpeg 823w, https:\/\/www.real.edu.ee\/ajaveeb\/138c\/files\/2021\/04\/EF47DCCC-A9DE-40D2-A87B-57AF79E2D917.jpeg 960w\" sizes=\"auto, (max-width: 161px) 100vw, 161px\" \/> <\/span><\/p>\n<p><span style=\"font-weight: 400\">Kolmap\u00e4eva teemaks oli 1,2,3,.. tilka vett. Kost\u00fcmeeritud \u00f5pilaste hulk polnud just suurim, kuid oli m\u00e4rgata nii sarnaseid spordientusiaste kui ka erilisi karvaseid loomakesi. Kaksikutele oli see stiilin\u00e4dala teema k\u00fcll ebaausalt kerge. Tuju oli endiselt hea, koolin\u00e4dala selgroog sai murtud.<\/span><\/p>\n<p><span style=\"font-weight: 400\"><img loading=\"lazy\" decoding=\"async\" class=\"alignnone size-medium wp-image-70\" src=\"http:\/\/www.real.edu.ee\/ajaveeb\/138c\/files\/2021\/04\/tempImageKTz4cL-225x300.jpg\" alt=\"\" width=\"225\" height=\"300\" srcset=\"https:\/\/www.real.edu.ee\/ajaveeb\/138c\/files\/2021\/04\/tempImageKTz4cL-225x300.jpg 225w, https:\/\/www.real.edu.ee\/ajaveeb\/138c\/files\/2021\/04\/tempImageKTz4cL.jpg 768w\" sizes=\"auto, (max-width: 225px) 100vw, 225px\" \/><img loading=\"lazy\" decoding=\"async\" class=\"size-medium wp-image-67 alignleft\" src=\"http:\/\/www.real.edu.ee\/ajaveeb\/138c\/files\/2021\/04\/A91B8A91-FB48-4B23-975A-A3AF66539EAD-161x300.jpeg\" alt=\"\" width=\"161\" height=\"300\" srcset=\"https:\/\/www.real.edu.ee\/ajaveeb\/138c\/files\/2021\/04\/A91B8A91-FB48-4B23-975A-A3AF66539EAD-161x300.jpeg 161w, https:\/\/www.real.edu.ee\/ajaveeb\/138c\/files\/2021\/04\/A91B8A91-FB48-4B23-975A-A3AF66539EAD-548x1024.jpeg 548w, https:\/\/www.real.edu.ee\/ajaveeb\/138c\/files\/2021\/04\/A91B8A91-FB48-4B23-975A-A3AF66539EAD-768x1435.jpeg 768w, https:\/\/www.real.edu.ee\/ajaveeb\/138c\/files\/2021\/04\/A91B8A91-FB48-4B23-975A-A3AF66539EAD-822x1536.jpeg 822w, https:\/\/www.real.edu.ee\/ajaveeb\/138c\/files\/2021\/04\/A91B8A91-FB48-4B23-975A-A3AF66539EAD.jpeg 910w\" sizes=\"auto, (max-width: 161px) 100vw, 161px\" \/> <\/span><\/p>\n<p><span style=\"font-weight: 400\">Neljap\u00e4eva teemaks oli emo\/gootika. Kost\u00fcmeeritud \u00f5pilaste hulk v\u00e4henes endiselt, kuid siiski oli m\u00e4rgata mustast veel tumedamaid v\u00e4rve ja suurt hulka erinevaid kette. Tuju oli endiselt hea, sest homsest hakkas vaheaeg.<\/span><\/p>\n<p>&nbsp;<\/p>\n<p><span style=\"font-weight: 400\">Reedel oli vastavalt \u00f5ues toimuvale aktusele teemaks villased kampsunid ja rahvusriided. Tulemas oli siiski Vabariigi aastap\u00e4ev ja \u00f5ues oli k\u00fclm. M\u00e4rgata oli nii ilusaid k\u00e4sit\u00f6\u00f6na tehtud rahvariide seelikuid kui ka suuri ja sooje villaseid kampsuneid. Tuju oli v\u00e4ga hea, sest algas vaheaeg. \u00a0<\/span><\/p>\n<p>Katriin Kalle<\/p>\n<p><span style=\"font-weight: 400\"><\/p>\n<p><\/span><\/p>\n","protected":false},"excerpt":{"rendered":"<p>15-19 veebruar toimus koolis stiilin\u00e4dal, mis oli REKi ja PEKi \u00fchisprojektiks. Esmasp\u00e4ev oli inspireeritud s\u00f5brap\u00e4evast ning loomulikult olid k\u00f5ik riietanud ennast roosasse. Koridorides vahetundides ja\u00a0 klassides tundide ajal tegi oma t\u00f6\u00f6d ka reaali cupidid, kes jagasid roose ja kirju, neid viimaseid sai meie klassis kindlasti k\u00f5ige rohkem Alex. Aulas oli \u00fcleval ka fotosein, kooli\u00f5pilaste tuju [&hellip;]<\/p>\n","protected":false},"author":177,"featured_media":0,"comment_status":"open","ping_status":"open","sticky":false,"template":"","format":"standard","meta":{"footnotes":""},"categories":[1],"tags":[],"class_list":["post-66","post","type-post","status-publish","format-standard","hentry","category-uncategorized"],"_links":{"self":[{"href":"https:\/\/www.real.edu.ee\/ajaveeb\/138c\/wp-json\/wp\/v2\/posts\/66","targetHints":{"allow":["GET"]}}],"collection":[{"href":"https:\/\/www.real.edu.ee\/ajaveeb\/138c\/wp-json\/wp\/v2\/posts"}],"about":[{"href":"https:\/\/www.real.edu.ee\/ajaveeb\/138c\/wp-json\/wp\/v2\/types\/post"}],"author":[{"embeddable":true,"href":"https:\/\/www.real.edu.ee\/ajaveeb\/138c\/wp-json\/wp\/v2\/users\/177"}],"replies":[{"embeddable":true,"href":"https:\/\/www.real.edu.ee\/ajaveeb\/138c\/wp-json\/wp\/v2\/comments?post=66"}],"version-history":[{"count":5,"href":"https:\/\/www.real.edu.ee\/ajaveeb\/138c\/wp-json\/wp\/v2\/posts\/66\/revisions"}],"predecessor-version":[{"id":77,"href":"https:\/\/www.real.edu.ee\/ajaveeb\/138c\/wp-json\/wp\/v2\/posts\/66\/revisions\/77"}],"wp:attachment":[{"href":"https:\/\/www.real.edu.ee\/ajaveeb\/138c\/wp-json\/wp\/v2\/media?parent=66"}],"wp:term":[{"taxonomy":"category","embeddable":true,"href":"https:\/\/www.real.edu.ee\/ajaveeb\/138c\/wp-json\/wp\/v2\/categories?post=66"},{"taxonomy":"post_tag","embeddable":true,"href":"https:\/\/www.real.edu.ee\/ajaveeb\/138c\/wp-json\/wp\/v2\/tags?post=66"}],"curies":[{"name":"wp","href":"https:\/\/api.w.org\/{rel}","templated":true}]}}