{"id":44,"date":"2020-09-25T20:50:32","date_gmt":"2020-09-25T20:50:32","guid":{"rendered":"http:\/\/www.real.edu.ee\/ajaveeb\/138c\/?p=44"},"modified":"2020-09-25T20:50:32","modified_gmt":"2020-09-25T20:50:32","slug":"mart-kalmu-loeng","status":"publish","type":"post","link":"https:\/\/www.real.edu.ee\/ajaveeb\/138c\/2020\/09\/25\/mart-kalmu-loeng\/","title":{"rendered":"Mart Kalmu loeng"},"content":{"rendered":"<p>23. septembril m\u00f6\u00f6dus 80 aastat p\u00e4evast, kui okupatsiooniv\u00f5imud eemaldasid esmakordselt Reaali Poisi. Selle puhul pidas Eesti Kunstiakadeemia rektor Mart Kalmu huvitatud \u00f5pilastele ja \u00f5petajatele loengu meie sambast. Kalmu, kes on l\u00f5petanud Reaalkooli 94. lennu, jagas v\u00e4ga huvitavalt oma arvamusi Tallinnas p\u00fcstitatud kujudest, m\u00e4lestussammastest, Reaali Poisi ajaloost ja poisi arhitektidest. Usun, et k\u00f5ik kuulajad said juurde uusi p\u00f5nevaid teadmisi ja v\u00f5tavad osa ka tulevastest taolistest \u00fcritustest.<\/p>\n<p>Laura Helena Koppel<\/p>\n","protected":false},"excerpt":{"rendered":"<p>23. septembril m\u00f6\u00f6dus 80 aastat p\u00e4evast, kui okupatsiooniv\u00f5imud eemaldasid esmakordselt Reaali Poisi. Selle puhul pidas Eesti Kunstiakadeemia rektor Mart Kalmu huvitatud \u00f5pilastele ja \u00f5petajatele loengu meie sambast. Kalmu, kes on l\u00f5petanud Reaalkooli 94. lennu, jagas v\u00e4ga huvitavalt oma arvamusi Tallinnas p\u00fcstitatud kujudest, m\u00e4lestussammastest, Reaali Poisi ajaloost ja poisi arhitektidest. Usun, et k\u00f5ik kuulajad said juurde [&hellip;]<\/p>\n","protected":false},"author":177,"featured_media":0,"comment_status":"open","ping_status":"open","sticky":false,"template":"","format":"standard","meta":{"footnotes":""},"categories":[1],"tags":[],"class_list":["post-44","post","type-post","status-publish","format-standard","hentry","category-uncategorized"],"_links":{"self":[{"href":"https:\/\/www.real.edu.ee\/ajaveeb\/138c\/wp-json\/wp\/v2\/posts\/44","targetHints":{"allow":["GET"]}}],"collection":[{"href":"https:\/\/www.real.edu.ee\/ajaveeb\/138c\/wp-json\/wp\/v2\/posts"}],"about":[{"href":"https:\/\/www.real.edu.ee\/ajaveeb\/138c\/wp-json\/wp\/v2\/types\/post"}],"author":[{"embeddable":true,"href":"https:\/\/www.real.edu.ee\/ajaveeb\/138c\/wp-json\/wp\/v2\/users\/177"}],"replies":[{"embeddable":true,"href":"https:\/\/www.real.edu.ee\/ajaveeb\/138c\/wp-json\/wp\/v2\/comments?post=44"}],"version-history":[{"count":1,"href":"https:\/\/www.real.edu.ee\/ajaveeb\/138c\/wp-json\/wp\/v2\/posts\/44\/revisions"}],"predecessor-version":[{"id":45,"href":"https:\/\/www.real.edu.ee\/ajaveeb\/138c\/wp-json\/wp\/v2\/posts\/44\/revisions\/45"}],"wp:attachment":[{"href":"https:\/\/www.real.edu.ee\/ajaveeb\/138c\/wp-json\/wp\/v2\/media?parent=44"}],"wp:term":[{"taxonomy":"category","embeddable":true,"href":"https:\/\/www.real.edu.ee\/ajaveeb\/138c\/wp-json\/wp\/v2\/categories?post=44"},{"taxonomy":"post_tag","embeddable":true,"href":"https:\/\/www.real.edu.ee\/ajaveeb\/138c\/wp-json\/wp\/v2\/tags?post=44"}],"curies":[{"name":"wp","href":"https:\/\/api.w.org\/{rel}","templated":true}]}}