{"id":105,"date":"2021-05-11T11:29:40","date_gmt":"2021-05-11T11:29:40","guid":{"rendered":"https:\/\/www.real.edu.ee\/ajaveeb\/138c\/?p=105"},"modified":"2021-05-11T11:29:40","modified_gmt":"2021-05-11T11:29:40","slug":"teemapaev-eesti-omariikluse-taastamine-oigusliku-jarjepidevuse-alusel","status":"publish","type":"post","link":"https:\/\/www.real.edu.ee\/ajaveeb\/138c\/2021\/05\/11\/teemapaev-eesti-omariikluse-taastamine-oigusliku-jarjepidevuse-alusel\/","title":{"rendered":"Teemap\u00e4ev ,,Eesti omariikluse taastamine \u00f5igusliku j\u00e4rjepidevuse alusel&#8221;"},"content":{"rendered":"<p>1. mail osales meie klass teemap\u00e4eval \u201eEesti omariikluse taastamine \u00f5igusliku j\u00e4rjepidevuse alusel &#8211; vaimsus V\u00e4lis-Eestis ja kodumaal&#8221;. Teemap\u00e4ev toimus Zoomis ja algas 10.45 ja kestis kuni 14.35. Esinejaid oli nii v\u00e4lis- kui ka kodumaalt kes k\u00f5ik r\u00e4\u00e4kisid sellest, kuidas taastati Eesti iseseisvus nii kodus kui ka v\u00f5\u00f5rsil. Kogu \u00fcritus oli h\u00e4sti korraldatud ja reklaamitud ning v\u00e4ga huvitav.<\/p>\n<p>Hendrik Truss<\/p>\n","protected":false},"excerpt":{"rendered":"<p>1. mail osales meie klass teemap\u00e4eval \u201eEesti omariikluse taastamine \u00f5igusliku j\u00e4rjepidevuse alusel &#8211; vaimsus V\u00e4lis-Eestis ja kodumaal&#8221;. Teemap\u00e4ev toimus Zoomis ja algas 10.45 ja kestis kuni 14.35. Esinejaid oli nii v\u00e4lis- kui ka kodumaalt kes k\u00f5ik r\u00e4\u00e4kisid sellest, kuidas taastati Eesti iseseisvus nii kodus kui ka v\u00f5\u00f5rsil. Kogu \u00fcritus oli h\u00e4sti korraldatud ja reklaamitud ning [&hellip;]<\/p>\n","protected":false},"author":177,"featured_media":0,"comment_status":"open","ping_status":"open","sticky":false,"template":"","format":"standard","meta":{"footnotes":""},"categories":[1],"tags":[],"class_list":["post-105","post","type-post","status-publish","format-standard","hentry","category-uncategorized"],"_links":{"self":[{"href":"https:\/\/www.real.edu.ee\/ajaveeb\/138c\/wp-json\/wp\/v2\/posts\/105","targetHints":{"allow":["GET"]}}],"collection":[{"href":"https:\/\/www.real.edu.ee\/ajaveeb\/138c\/wp-json\/wp\/v2\/posts"}],"about":[{"href":"https:\/\/www.real.edu.ee\/ajaveeb\/138c\/wp-json\/wp\/v2\/types\/post"}],"author":[{"embeddable":true,"href":"https:\/\/www.real.edu.ee\/ajaveeb\/138c\/wp-json\/wp\/v2\/users\/177"}],"replies":[{"embeddable":true,"href":"https:\/\/www.real.edu.ee\/ajaveeb\/138c\/wp-json\/wp\/v2\/comments?post=105"}],"version-history":[{"count":1,"href":"https:\/\/www.real.edu.ee\/ajaveeb\/138c\/wp-json\/wp\/v2\/posts\/105\/revisions"}],"predecessor-version":[{"id":106,"href":"https:\/\/www.real.edu.ee\/ajaveeb\/138c\/wp-json\/wp\/v2\/posts\/105\/revisions\/106"}],"wp:attachment":[{"href":"https:\/\/www.real.edu.ee\/ajaveeb\/138c\/wp-json\/wp\/v2\/media?parent=105"}],"wp:term":[{"taxonomy":"category","embeddable":true,"href":"https:\/\/www.real.edu.ee\/ajaveeb\/138c\/wp-json\/wp\/v2\/categories?post=105"},{"taxonomy":"post_tag","embeddable":true,"href":"https:\/\/www.real.edu.ee\/ajaveeb\/138c\/wp-json\/wp\/v2\/tags?post=105"}],"curies":[{"name":"wp","href":"https:\/\/api.w.org\/{rel}","templated":true}]}}