{"id":100,"date":"2021-04-28T07:20:04","date_gmt":"2021-04-28T07:20:04","guid":{"rendered":"https:\/\/www.real.edu.ee\/ajaveeb\/138c\/?p=100"},"modified":"2021-05-07T07:20:49","modified_gmt":"2021-05-07T07:20:49","slug":"kulma-soja-aegset-euroopat-kasitlev-teemapaev","status":"publish","type":"post","link":"https:\/\/www.real.edu.ee\/ajaveeb\/138c\/2021\/04\/28\/kulma-soja-aegset-euroopat-kasitlev-teemapaev\/","title":{"rendered":"K\u00fclma s\u00f5ja aegset Euroopat k\u00e4sitlev teemap\u00e4ev"},"content":{"rendered":"<p><span style=\"font-weight: 400\">Laup\u00e4eval, 24. aprillil osales meie 138. lend koos vanemate g\u00fcmnaasiumi- ja p\u00f5hikooliastme lendudega ning ligi 200 \u00f5pilasega Eesti eri koolidest huvitaval Riigikantselei korraldatud k\u00fclma s\u00f5ja aegset Euroopat puudutaval teemap\u00e4eval. Esinejateks olid erinevate Euroopa riikide praegused ja endised ajaloo\u00f5petajad: Niina V\u00e4ntanen Soomest, <\/span><span style=\"font-weight: 400\">Jacek Staniszewski Poolast<\/span><span style=\"font-weight: 400\">, Stine Isaksen Taanist, <\/span><span style=\"font-weight: 400\">Miguel Barros <\/span><span style=\"font-weight: 400\">Portugalist ja Vassiliki Sakka Kreekast. Eestit esindasid meie oma Reaalkooli abituriendid Hugo Kivilo ja Sten-Markus Reintam ning Tartu \u00dclikooli magistrant Katariina Sofia P\u00e4ts (vil! 132).<\/span><\/p>\n<p><span style=\"font-weight: 400\">V\u00e4lisk\u00fclalised avasid p\u00f5hjalikult nende koduriikide k\u00e4ek\u00e4iku nii k\u00fclma s\u00f5ja ajal kui ka sellele eelnevatel perioodidel. Kuulsime lugusid nii siit kui sealtpoolt Raudset eesriiet. Elulisteks ning paremini j\u00e4lgitavateks muutsid esitlusi esinejate isiklikud kogemused tollest ajast.<\/span><\/p>\n<p><span style=\"font-weight: 400\">V\u00e4lisesinejate vahepeale saime kuulda ka Katariina Sofia P\u00e4tsi loengut laulvast revolutsioonist ning teemap\u00e4eva l\u00f5petuseks tutvustasid Hugo Kivilo ja Sten-Markus Reintam USA v\u00e4lispoliitikat k\u00fclma s\u00f5ja ajal ja selle m\u00f5jusid ning tagaj\u00e4rgi Euroopale.<\/span><\/p>\n<p><span style=\"font-weight: 400\">Tehnilistele viperustele vaatamata oli tegu silmiavardava veebiteemap\u00e4evaga, mis oleks aga p\u00e4riselt kohapeal kuulates kindlasti veel kaasahaaravam olnud.<\/span><\/p>\n<p><span style=\"font-weight: 400\">Robert Pappel<\/span><\/p>\n<p><img loading=\"lazy\" decoding=\"async\" class=\"alignnone size-medium wp-image-103\" src=\"http:\/\/www.real.edu.ee\/ajaveeb\/138c\/files\/2021\/04\/Elstown-Holiday-Block-Party-6-212x300.jpg\" alt=\"\" width=\"212\" height=\"300\" srcset=\"https:\/\/www.real.edu.ee\/ajaveeb\/138c\/files\/2021\/04\/Elstown-Holiday-Block-Party-6-212x300.jpg 212w, https:\/\/www.real.edu.ee\/ajaveeb\/138c\/files\/2021\/04\/Elstown-Holiday-Block-Party-6-724x1024.jpg 724w, https:\/\/www.real.edu.ee\/ajaveeb\/138c\/files\/2021\/04\/Elstown-Holiday-Block-Party-6-768x1086.jpg 768w, https:\/\/www.real.edu.ee\/ajaveeb\/138c\/files\/2021\/04\/Elstown-Holiday-Block-Party-6-1086x1536.jpg 1086w, https:\/\/www.real.edu.ee\/ajaveeb\/138c\/files\/2021\/04\/Elstown-Holiday-Block-Party-6-1448x2048.jpg 1448w, https:\/\/www.real.edu.ee\/ajaveeb\/138c\/files\/2021\/04\/Elstown-Holiday-Block-Party-6.jpg 1587w\" sizes=\"auto, (max-width: 212px) 100vw, 212px\" \/><\/p>\n","protected":false},"excerpt":{"rendered":"<p>Laup\u00e4eval, 24. aprillil osales meie 138. lend koos vanemate g\u00fcmnaasiumi- ja p\u00f5hikooliastme lendudega ning ligi 200 \u00f5pilasega Eesti eri koolidest huvitaval Riigikantselei korraldatud k\u00fclma s\u00f5ja aegset Euroopat puudutaval teemap\u00e4eval. Esinejateks olid erinevate Euroopa riikide praegused ja endised ajaloo\u00f5petajad: Niina V\u00e4ntanen Soomest, Jacek Staniszewski Poolast, Stine Isaksen Taanist, Miguel Barros Portugalist ja Vassiliki Sakka Kreekast. Eestit [&hellip;]<\/p>\n","protected":false},"author":177,"featured_media":0,"comment_status":"open","ping_status":"open","sticky":false,"template":"","format":"standard","meta":{"footnotes":""},"categories":[1],"tags":[],"class_list":["post-100","post","type-post","status-publish","format-standard","hentry","category-uncategorized"],"_links":{"self":[{"href":"https:\/\/www.real.edu.ee\/ajaveeb\/138c\/wp-json\/wp\/v2\/posts\/100","targetHints":{"allow":["GET"]}}],"collection":[{"href":"https:\/\/www.real.edu.ee\/ajaveeb\/138c\/wp-json\/wp\/v2\/posts"}],"about":[{"href":"https:\/\/www.real.edu.ee\/ajaveeb\/138c\/wp-json\/wp\/v2\/types\/post"}],"author":[{"embeddable":true,"href":"https:\/\/www.real.edu.ee\/ajaveeb\/138c\/wp-json\/wp\/v2\/users\/177"}],"replies":[{"embeddable":true,"href":"https:\/\/www.real.edu.ee\/ajaveeb\/138c\/wp-json\/wp\/v2\/comments?post=100"}],"version-history":[{"count":2,"href":"https:\/\/www.real.edu.ee\/ajaveeb\/138c\/wp-json\/wp\/v2\/posts\/100\/revisions"}],"predecessor-version":[{"id":104,"href":"https:\/\/www.real.edu.ee\/ajaveeb\/138c\/wp-json\/wp\/v2\/posts\/100\/revisions\/104"}],"wp:attachment":[{"href":"https:\/\/www.real.edu.ee\/ajaveeb\/138c\/wp-json\/wp\/v2\/media?parent=100"}],"wp:term":[{"taxonomy":"category","embeddable":true,"href":"https:\/\/www.real.edu.ee\/ajaveeb\/138c\/wp-json\/wp\/v2\/categories?post=100"},{"taxonomy":"post_tag","embeddable":true,"href":"https:\/\/www.real.edu.ee\/ajaveeb\/138c\/wp-json\/wp\/v2\/tags?post=100"}],"curies":[{"name":"wp","href":"https:\/\/api.w.org\/{rel}","templated":true}]}}