{"id":89,"date":"2019-04-16T21:51:01","date_gmt":"2019-04-16T18:51:01","guid":{"rendered":"http:\/\/www.real.edu.ee\/ajaveeb\/136c\/?p=89"},"modified":"2019-04-16T21:51:56","modified_gmt":"2019-04-16T18:51:56","slug":"tutipaev-2019","status":"publish","type":"post","link":"https:\/\/www.real.edu.ee\/ajaveeb\/136c\/2019\/04\/16\/tutipaev-2019\/","title":{"rendered":"Tutip\u00e4ev 2019"},"content":{"rendered":"<p style=\"text-align: left\">15.aprillil toimus tutip\u00e4ev koolis, kus 12.klassid said end tunda, nagu oleks just esimesse klassi astunud. Peale f\u00fc\u00fcsika tundi, olid 12ndikud ehitanud ukse ette barrikaadi 2 tooliga, nii et enamus said l\u00e4bi m\u00e4rjaks. Osadel tuli aga kaval plaan k\u00f5rvaluksest p\u00f5geneda j\u00e4\u00e4des t\u00e4iesti kuivaks. Koolis pidi v\u00e4ga salajalt ringi liikuma, kui oli soov kuivaks j\u00e4\u00e4da. Klassi sai alles viimasel hetkel minna, kuna igal pool varitsesid jumalad oma relvadega. K\u00f5ige v\u00f5imsam veep\u00fcss oli kaasas Truvel, millest tulevat veesadu kartsid k\u00f5ik. Enne viimast tundi, otsustasid m\u00f5ned poisid, et teevad pulli ja v\u00f5tavad riski, et k\u00e4ivad m\u00f6\u00f6da 2 korrust edasi ja tagasi, kus k\u00f5ik 12ndikud oma p\u00fcssidega ootasid. Tulemus oli v\u00e4ga m\u00e4rg(pilt Mengelist allpool). V\u00f5ib \u00f6elda, et l\u00f5puks k\u00f5ik nautisid seda p\u00e4eva ja paljudel tekkis m\u00f5tteid, kuidas ise v\u00f5iks meie tutip\u00e4eval oma rebaseid kiusata:)<\/p>\n<p style=\"text-align: left\">Kirjutas Joonas<\/p>\n<p style=\"text-align: left\"><img loading=\"lazy\" decoding=\"async\" class=\"alignnone size-medium wp-image-91\" src=\"http:\/\/www.real.edu.ee\/ajaveeb\/136c\/files\/2019\/04\/20190416_215015-181x300.jpg\" alt=\"\" width=\"181\" height=\"300\" srcset=\"https:\/\/www.real.edu.ee\/ajaveeb\/136c\/files\/2019\/04\/20190416_215015-181x300.jpg 181w, https:\/\/www.real.edu.ee\/ajaveeb\/136c\/files\/2019\/04\/20190416_215015-768x1273.jpg 768w, https:\/\/www.real.edu.ee\/ajaveeb\/136c\/files\/2019\/04\/20190416_215015-618x1024.jpg 618w, https:\/\/www.real.edu.ee\/ajaveeb\/136c\/files\/2019\/04\/20190416_215015.jpg 1124w\" sizes=\"auto, (max-width: 181px) 100vw, 181px\" \/><\/p>\n","protected":false},"excerpt":{"rendered":"<p>15.aprillil toimus tutip\u00e4ev koolis, kus 12.klassid said end tunda, nagu oleks just esimesse klassi astunud. Peale f\u00fc\u00fcsika tundi, olid 12ndikud ehitanud ukse ette barrikaadi 2 tooliga, nii et enamus said l\u00e4bi m\u00e4rjaks. Osadel tuli aga kaval plaan k\u00f5rvaluksest p\u00f5geneda j\u00e4\u00e4des t\u00e4iesti kuivaks. Koolis pidi v\u00e4ga salajalt ringi liikuma, kui oli soov kuivaks j\u00e4\u00e4da. Klassi sai [&hellip;]<\/p>\n","protected":false},"author":157,"featured_media":0,"comment_status":"closed","ping_status":"open","sticky":false,"template":"","format":"standard","meta":{"footnotes":""},"categories":[1],"tags":[],"class_list":["post-89","post","type-post","status-publish","format-standard","hentry","category-maaratlemata"],"_links":{"self":[{"href":"https:\/\/www.real.edu.ee\/ajaveeb\/136c\/wp-json\/wp\/v2\/posts\/89","targetHints":{"allow":["GET"]}}],"collection":[{"href":"https:\/\/www.real.edu.ee\/ajaveeb\/136c\/wp-json\/wp\/v2\/posts"}],"about":[{"href":"https:\/\/www.real.edu.ee\/ajaveeb\/136c\/wp-json\/wp\/v2\/types\/post"}],"author":[{"embeddable":true,"href":"https:\/\/www.real.edu.ee\/ajaveeb\/136c\/wp-json\/wp\/v2\/users\/157"}],"replies":[{"embeddable":true,"href":"https:\/\/www.real.edu.ee\/ajaveeb\/136c\/wp-json\/wp\/v2\/comments?post=89"}],"version-history":[{"count":2,"href":"https:\/\/www.real.edu.ee\/ajaveeb\/136c\/wp-json\/wp\/v2\/posts\/89\/revisions"}],"predecessor-version":[{"id":93,"href":"https:\/\/www.real.edu.ee\/ajaveeb\/136c\/wp-json\/wp\/v2\/posts\/89\/revisions\/93"}],"wp:attachment":[{"href":"https:\/\/www.real.edu.ee\/ajaveeb\/136c\/wp-json\/wp\/v2\/media?parent=89"}],"wp:term":[{"taxonomy":"category","embeddable":true,"href":"https:\/\/www.real.edu.ee\/ajaveeb\/136c\/wp-json\/wp\/v2\/categories?post=89"},{"taxonomy":"post_tag","embeddable":true,"href":"https:\/\/www.real.edu.ee\/ajaveeb\/136c\/wp-json\/wp\/v2\/tags?post=89"}],"curies":[{"name":"wp","href":"https:\/\/api.w.org\/{rel}","templated":true}]}}