{"id":50,"date":"2018-11-15T16:25:43","date_gmt":"2018-11-15T14:25:43","guid":{"rendered":"http:\/\/www.real.edu.ee\/ajaveeb\/136c\/?p=50"},"modified":"2018-11-15T16:26:11","modified_gmt":"2018-11-15T14:26:11","slug":"oppekaik-joelahtme-karstialale","status":"publish","type":"post","link":"https:\/\/www.real.edu.ee\/ajaveeb\/136c\/2018\/11\/15\/oppekaik-joelahtme-karstialale\/","title":{"rendered":"\u00d5ppek\u00e4ik J\u00f5el\u00e4htme karstialale"},"content":{"rendered":"<p>\u00d5petaja Piret Karu korraldusel l\u00e4ksime kogu lennuga teisip\u00e4eval, 30. novembril, J\u00f5el\u00e4htme karstialale. Millegip\u00e4rast sai just meie klass k\u00f5ige niruma bussi. Karstiv\u00e4ljal oli \u00f5udsalt k\u00fclm, vaatasime seal maa-aluse j\u00f5e m\u00f5ju karsti tekkimisele. Tegime ka klassiga toreda pildi karstiseenel. Millegip\u00e4rast pidime Some soovil pildistamise ajal \u00fctlema k\u00f5ik ,,hernesupi\u201d asemel ,,Joonas\u201d. Poisid kohtusid ka hea luuaga. K\u00e4isime vaatamas ka J\u00e4gala juga, Linnam\u00e4e h\u00fcdroelektrijaama, fossiile ning ka enne kristust ehitatud J\u00e4gala J\u00f5esuu linnam\u00e4e kindlusest allesj\u00e4\u00e4nud valli. Toetasime ka kohalikku Koogi poodi, tehes selle ees reklaami eesm\u00e4rgil pildi. Oli v\u00e4ga tore ja hariv \u00f5ppep\u00e4ev.<\/p>\n<p>Kirjutas Hugo<\/p>\n<p><img loading=\"lazy\" decoding=\"async\" class=\"alignnone size-medium wp-image-51\" src=\"http:\/\/www.real.edu.ee\/ajaveeb\/136c\/files\/2018\/11\/received_262535484605787-300x225.jpeg\" alt=\"\" width=\"300\" height=\"225\" srcset=\"https:\/\/www.real.edu.ee\/ajaveeb\/136c\/files\/2018\/11\/received_262535484605787-300x225.jpeg 300w, https:\/\/www.real.edu.ee\/ajaveeb\/136c\/files\/2018\/11\/received_262535484605787-768x576.jpeg 768w, https:\/\/www.real.edu.ee\/ajaveeb\/136c\/files\/2018\/11\/received_262535484605787-1024x768.jpeg 1024w\" sizes=\"auto, (max-width: 300px) 100vw, 300px\" \/><\/p>\n<p><img loading=\"lazy\" decoding=\"async\" class=\"alignnone size-medium wp-image-52\" src=\"http:\/\/www.real.edu.ee\/ajaveeb\/136c\/files\/2018\/11\/received_351276505607514-300x225.jpeg\" alt=\"\" width=\"300\" height=\"225\" srcset=\"https:\/\/www.real.edu.ee\/ajaveeb\/136c\/files\/2018\/11\/received_351276505607514-300x225.jpeg 300w, https:\/\/www.real.edu.ee\/ajaveeb\/136c\/files\/2018\/11\/received_351276505607514-768x576.jpeg 768w, https:\/\/www.real.edu.ee\/ajaveeb\/136c\/files\/2018\/11\/received_351276505607514-1024x768.jpeg 1024w\" sizes=\"auto, (max-width: 300px) 100vw, 300px\" \/><img loading=\"lazy\" decoding=\"async\" class=\"alignnone size-medium wp-image-56\" src=\"http:\/\/www.real.edu.ee\/ajaveeb\/136c\/files\/2018\/11\/20181030_1215510-300x225.jpg\" alt=\"\" width=\"300\" height=\"225\" srcset=\"https:\/\/www.real.edu.ee\/ajaveeb\/136c\/files\/2018\/11\/20181030_1215510-300x225.jpg 300w, https:\/\/www.real.edu.ee\/ajaveeb\/136c\/files\/2018\/11\/20181030_1215510-768x576.jpg 768w, https:\/\/www.real.edu.ee\/ajaveeb\/136c\/files\/2018\/11\/20181030_1215510-1024x768.jpg 1024w\" sizes=\"auto, (max-width: 300px) 100vw, 300px\" \/><\/p>\n","protected":false},"excerpt":{"rendered":"<p>\u00d5petaja Piret Karu korraldusel l\u00e4ksime kogu lennuga teisip\u00e4eval, 30. novembril, J\u00f5el\u00e4htme karstialale. Millegip\u00e4rast sai just meie klass k\u00f5ige niruma bussi. Karstiv\u00e4ljal oli \u00f5udsalt k\u00fclm, vaatasime seal maa-aluse j\u00f5e m\u00f5ju karsti tekkimisele. Tegime ka klassiga toreda pildi karstiseenel. Millegip\u00e4rast pidime Some soovil pildistamise ajal \u00fctlema k\u00f5ik ,,hernesupi\u201d asemel ,,Joonas\u201d. Poisid kohtusid ka hea luuaga. K\u00e4isime vaatamas [&hellip;]<\/p>\n","protected":false},"author":157,"featured_media":0,"comment_status":"closed","ping_status":"open","sticky":false,"template":"","format":"standard","meta":{"footnotes":""},"categories":[1],"tags":[],"class_list":["post-50","post","type-post","status-publish","format-standard","hentry","category-maaratlemata"],"_links":{"self":[{"href":"https:\/\/www.real.edu.ee\/ajaveeb\/136c\/wp-json\/wp\/v2\/posts\/50","targetHints":{"allow":["GET"]}}],"collection":[{"href":"https:\/\/www.real.edu.ee\/ajaveeb\/136c\/wp-json\/wp\/v2\/posts"}],"about":[{"href":"https:\/\/www.real.edu.ee\/ajaveeb\/136c\/wp-json\/wp\/v2\/types\/post"}],"author":[{"embeddable":true,"href":"https:\/\/www.real.edu.ee\/ajaveeb\/136c\/wp-json\/wp\/v2\/users\/157"}],"replies":[{"embeddable":true,"href":"https:\/\/www.real.edu.ee\/ajaveeb\/136c\/wp-json\/wp\/v2\/comments?post=50"}],"version-history":[{"count":2,"href":"https:\/\/www.real.edu.ee\/ajaveeb\/136c\/wp-json\/wp\/v2\/posts\/50\/revisions"}],"predecessor-version":[{"id":58,"href":"https:\/\/www.real.edu.ee\/ajaveeb\/136c\/wp-json\/wp\/v2\/posts\/50\/revisions\/58"}],"wp:attachment":[{"href":"https:\/\/www.real.edu.ee\/ajaveeb\/136c\/wp-json\/wp\/v2\/media?parent=50"}],"wp:term":[{"taxonomy":"category","embeddable":true,"href":"https:\/\/www.real.edu.ee\/ajaveeb\/136c\/wp-json\/wp\/v2\/categories?post=50"},{"taxonomy":"post_tag","embeddable":true,"href":"https:\/\/www.real.edu.ee\/ajaveeb\/136c\/wp-json\/wp\/v2\/tags?post=50"}],"curies":[{"name":"wp","href":"https:\/\/api.w.org\/{rel}","templated":true}]}}