{"id":421,"date":"2020-09-29T19:12:04","date_gmt":"2020-09-29T16:12:04","guid":{"rendered":"http:\/\/www.real.edu.ee\/ajaveeb\/136c\/?p=421"},"modified":"2020-09-29T19:12:04","modified_gmt":"2020-09-29T16:12:04","slug":"viimane-esimene-september","status":"publish","type":"post","link":"https:\/\/www.real.edu.ee\/ajaveeb\/136c\/2020\/09\/29\/viimane-esimene-september\/","title":{"rendered":"Viimane esimene september"},"content":{"rendered":"<p>1. september kestis meil sel aastal tunde kauem kui k\u00f5ik eelnevad aastad. Madis kutsus meid juba esimesel septembrikuu p\u00e4eval \u00f5htusele piknikule. K\u00f5ik s\u00f5nad klassijuhatajatunnis peale loetud, l\u00e4ksime meie viimasele aktusele staadionile. Hajutamisest polnud haisugi, k\u00f5ik klassid olid kokku litsutud ning ruumi oli v\u00e4he &#8211; v\u00e4hemalt viibisime v\u00e4rskes \u00f5hus. P\u00e4rast aktust saime kaheks tunniks lastevanemateks. Leidsime oma 1. klassi jutsu \u00fcles ning n\u00e4itasime meie suurt koolimaja. Direktori kabinetis oli v\u00e4ikesel juntsul tipphetk &#8211; sai direktori isiklikul toolil istuda ja seal pilti teha. \u201cLapsevanemad\u201d aitasid lapsel juttu teha ka tulevaste klassikaaslastega. Julgen v\u00e4ita, et need \u201clapsevanemad\u201d, kes polnud 1. klassist alates Reaalis \u00f5ppinud, ei j\u00f5udnudki juntsule tutvustada V\u00e4ikest maja, kus ta reaalselt \u00f5ppima l\u00e4heb. P\u00e4rast koolimaja tutvustust pidime laskma oma lapsekese pooleks tunniks iseseisvasse maailma &#8211; aulasse aktusele, et aabits k\u00e4tte saada. Meie lennu poolt pidas k\u00f5ne Eva-Lotta ning h\u00fc\u00fce \u201c\u00dcks k\u00f5ikide\u201d ja \u201ck\u00f5ik \u00fche eest\u201d tuli suurep\u00e4raselt v\u00e4lja. P\u00e4rast aktust saime korraks oma juntsukese tagasi, vaatasime, et ta Poisi juures m\u00fctsi p\u00e4he saaks, ning oligi lapsevanemakohustused l\u00e4bi.<\/p>\n<p>Saime hakkama oma viimase esimese septembriga! Ilusat uut kooliaasta algust!<\/p>\n<p><img loading=\"lazy\" decoding=\"async\" class=\"alignnone  wp-image-425\" src=\"http:\/\/www.real.edu.ee\/ajaveeb\/136c\/files\/2020\/09\/429B336D-765D-4CDE-BCC5-4CCDD8C6E99F-300x225.jpeg\" alt=\"\" width=\"363\" height=\"272\" srcset=\"https:\/\/www.real.edu.ee\/ajaveeb\/136c\/files\/2020\/09\/429B336D-765D-4CDE-BCC5-4CCDD8C6E99F-300x225.jpeg 300w, https:\/\/www.real.edu.ee\/ajaveeb\/136c\/files\/2020\/09\/429B336D-765D-4CDE-BCC5-4CCDD8C6E99F-1024x768.jpeg 1024w, https:\/\/www.real.edu.ee\/ajaveeb\/136c\/files\/2020\/09\/429B336D-765D-4CDE-BCC5-4CCDD8C6E99F-768x576.jpeg 768w, https:\/\/www.real.edu.ee\/ajaveeb\/136c\/files\/2020\/09\/429B336D-765D-4CDE-BCC5-4CCDD8C6E99F-1536x1152.jpeg 1536w, https:\/\/www.real.edu.ee\/ajaveeb\/136c\/files\/2020\/09\/429B336D-765D-4CDE-BCC5-4CCDD8C6E99F.jpeg 1600w\" sizes=\"auto, (max-width: 363px) 100vw, 363px\" \/><\/p>\n<p>Olari, 1. klassi laps ja Eric<\/p>\n<p><img loading=\"lazy\" decoding=\"async\" class=\"alignnone size-medium wp-image-424\" src=\"http:\/\/www.real.edu.ee\/ajaveeb\/136c\/files\/2020\/09\/5B1BE68C-385E-4FAD-9B92-AA3AFE94CDF6-198x300.jpeg\" alt=\"\" width=\"198\" height=\"300\" srcset=\"https:\/\/www.real.edu.ee\/ajaveeb\/136c\/files\/2020\/09\/5B1BE68C-385E-4FAD-9B92-AA3AFE94CDF6-198x300.jpeg 198w, https:\/\/www.real.edu.ee\/ajaveeb\/136c\/files\/2020\/09\/5B1BE68C-385E-4FAD-9B92-AA3AFE94CDF6-676x1024.jpeg 676w, https:\/\/www.real.edu.ee\/ajaveeb\/136c\/files\/2020\/09\/5B1BE68C-385E-4FAD-9B92-AA3AFE94CDF6-768x1163.jpeg 768w, https:\/\/www.real.edu.ee\/ajaveeb\/136c\/files\/2020\/09\/5B1BE68C-385E-4FAD-9B92-AA3AFE94CDF6-1015x1536.jpeg 1015w, https:\/\/www.real.edu.ee\/ajaveeb\/136c\/files\/2020\/09\/5B1BE68C-385E-4FAD-9B92-AA3AFE94CDF6-1353x2048.jpeg 1353w, https:\/\/www.real.edu.ee\/ajaveeb\/136c\/files\/2020\/09\/5B1BE68C-385E-4FAD-9B92-AA3AFE94CDF6-scaled.jpeg 1691w\" sizes=\"auto, (max-width: 198px) 100vw, 198px\" \/><\/p>\n<p>136.c kuldne trio<\/p>\n<p>Kirjutas Aiko-Liisa<\/p>\n","protected":false},"excerpt":{"rendered":"<p>1. september kestis meil sel aastal tunde kauem kui k\u00f5ik eelnevad aastad. Madis kutsus meid juba esimesel septembrikuu p\u00e4eval \u00f5htusele piknikule. K\u00f5ik s\u00f5nad klassijuhatajatunnis peale loetud, l\u00e4ksime meie viimasele aktusele staadionile. Hajutamisest polnud haisugi, k\u00f5ik klassid olid kokku litsutud ning ruumi oli v\u00e4he &#8211; v\u00e4hemalt viibisime v\u00e4rskes \u00f5hus. P\u00e4rast aktust saime kaheks tunniks lastevanemateks. Leidsime [&hellip;]<\/p>\n","protected":false},"author":157,"featured_media":0,"comment_status":"closed","ping_status":"open","sticky":false,"template":"","format":"standard","meta":{"footnotes":""},"categories":[1],"tags":[],"class_list":["post-421","post","type-post","status-publish","format-standard","hentry","category-maaratlemata"],"_links":{"self":[{"href":"https:\/\/www.real.edu.ee\/ajaveeb\/136c\/wp-json\/wp\/v2\/posts\/421","targetHints":{"allow":["GET"]}}],"collection":[{"href":"https:\/\/www.real.edu.ee\/ajaveeb\/136c\/wp-json\/wp\/v2\/posts"}],"about":[{"href":"https:\/\/www.real.edu.ee\/ajaveeb\/136c\/wp-json\/wp\/v2\/types\/post"}],"author":[{"embeddable":true,"href":"https:\/\/www.real.edu.ee\/ajaveeb\/136c\/wp-json\/wp\/v2\/users\/157"}],"replies":[{"embeddable":true,"href":"https:\/\/www.real.edu.ee\/ajaveeb\/136c\/wp-json\/wp\/v2\/comments?post=421"}],"version-history":[{"count":2,"href":"https:\/\/www.real.edu.ee\/ajaveeb\/136c\/wp-json\/wp\/v2\/posts\/421\/revisions"}],"predecessor-version":[{"id":427,"href":"https:\/\/www.real.edu.ee\/ajaveeb\/136c\/wp-json\/wp\/v2\/posts\/421\/revisions\/427"}],"wp:attachment":[{"href":"https:\/\/www.real.edu.ee\/ajaveeb\/136c\/wp-json\/wp\/v2\/media?parent=421"}],"wp:term":[{"taxonomy":"category","embeddable":true,"href":"https:\/\/www.real.edu.ee\/ajaveeb\/136c\/wp-json\/wp\/v2\/categories?post=421"},{"taxonomy":"post_tag","embeddable":true,"href":"https:\/\/www.real.edu.ee\/ajaveeb\/136c\/wp-json\/wp\/v2\/tags?post=421"}],"curies":[{"name":"wp","href":"https:\/\/api.w.org\/{rel}","templated":true}]}}