{"id":371,"date":"2020-04-30T16:04:22","date_gmt":"2020-04-30T13:04:22","guid":{"rendered":"http:\/\/www.real.edu.ee\/ajaveeb\/136c\/?p=371"},"modified":"2020-04-30T16:04:22","modified_gmt":"2020-04-30T13:04:22","slug":"keskaegne-tartu","status":"publish","type":"post","link":"https:\/\/www.real.edu.ee\/ajaveeb\/136c\/2020\/04\/30\/keskaegne-tartu\/","title":{"rendered":"Keskaegne Tartu"},"content":{"rendered":"<p><b>Tartu keskajal\u00a0<\/b><\/p>\n<p><span style=\"font-weight: 400\">Esimene m\u00e4rge Tartust kui linnast leiti 13. sajandi keskpaigast p\u00e4rit \u00fcrikutest, linnaks sai ta hiljemalt 1262. aastal, kuid t\u00f5en\u00e4oliselt tunduvalt varem. Hansa Liidu liikmena tunnistati Tartut 13. sajandi l\u00f5pul, oletavalt p\u00e4rast Riia liitumist, kuid enne teisi Eestimaa linnu. Tartust sai tolle aja kohta t\u00fc\u00fcpiliselt edukas saksa kaubalinn, sest Tartu asus Pihkvasse ja Novgorodi suunduval kaubateel. Kui Pihkva ja Novgorodi allutamist Moskvale v\u00e4henes Tartu t\u00e4htsus kaubalinnana. Linna j\u00f5ukusest t\u00f5estavad muuhulgas ka arheoloogilised leiud. 13. ja 14. sajandi \u00fcleminekuajast on Tartust leitud v\u00e4ga haruldasi, S\u00fc\u00fcrias v\u00f5i Veneetsias valmistatud peekrite kilde. Tartu oli Riia ja Tallinna j\u00e4rel suuruselt kolmas linn Vana-Liivimaal. 1224. aastal p\u00e4rast eestlaste muistse vabadusv\u00f5itluse l\u00f5ppu Mandri-Eestis ja Tartus asunud puidust muinaslinnuse vallutamist ristis\u00f5dijate poolt, hakati p\u00fcstitama kividest Tartu piiskopilinnust ning ehitus valmis 1230. aastal, kuid seda t\u00e4iendati 16. sajandini alguseni.<\/span><\/p>\n<p><span style=\"font-weight: 400\">Linnuse \u00fcmber tekkinud linn kandis saksap\u00e4rast nime <\/span><i><span style=\"font-weight: 400\">Dorpat<\/span><\/i><span style=\"font-weight: 400\">, mis eestikeeles t\u00e4hendab Tartut. Linnast sai 1224. aastast alates Lihula piiskopkonna keskus (al 1233. Tartu piiskopkond). Praegusele Tartu \u00fclikooli peahoone asukohale rajati tollal P\u00fcha-Maarja kirik. Emaj\u00f5e ja Tartu all-linna vahele rajati tornidega linnam\u00fc\u00fcr, mille pikkuseks oli ligi kaks kilomeetrit, ning Toomem\u00e4el asuvale linnusele Emaj\u00f5ega \u00fchenduses olev vallikraav. Linnam\u00fc\u00fcril asetsevate tornide arvu pole t\u00e4pselt teada, kuid k\u00f5ige rohkem ajalooallikad toob selleks arvuks 27, millest \u00fcheksas asus ka v\u00e4rav. T\u00e4htsaimad linnav\u00e4ravad olid Emaj\u00f5e poole suunatud Vene v\u00e4rav, Jakobi v\u00e4rav ja Saksa v\u00e4rav. K\u00f5ik Tartu v\u00e4ravad jms kindlustused h\u00e4visid 1708. aastal P\u00f5hjas\u00f5jas Vene armee poolt sooritatud kahjustust\u00f6\u00f6de ajal. Keskajale t\u00fc\u00fcpiline v\u00e4rav lossih\u00e4rra maavalduste ja all-linna vahel Tartus puudus.<\/span><\/p>\n<p><span style=\"font-weight: 400\">Kindlustust\u00f6\u00f6d olid vajalikud eelk\u00f5ige Vene v\u00e4gede t\u00f5rjumiseks: Tartut ja selle \u00fcmbrust r\u00fcndasid ja r\u00fc\u00fcstasid Vene v\u00e4ed 1234. ja 1262. aastal. Esimesel korral vallutasid nad Tartu asula, kuid mitte piiskopilinnuse, teiseks korraks olid Tartu kivim\u00fc\u00fcrid aga juba valmis ja venelased ei suutnud linna vallutada.<\/span><\/p>\n<p><span style=\"font-weight: 400\">15. sajandi alguses oli Tartus \u00fcheksa kirikut, rohkesti aedu ning linna ilu kiitsid oma reisikirjades paljud r\u00e4nnumehed. Tartus elas keskaja l\u00f5pul kuni 6000 inimest. 15. sajandi l\u00f5pu veerandil p\u00fcstitati Peeter-Pauli katedraali l\u00e4\u00e4nek\u00fcljele 67 meetri k\u00f5rgused tornid, mis olid k\u00f5rgemad kui kuskil mujal tolleaegses Ida-Euroopas.<\/span><\/p>\n<p><span style=\"font-weight: 400\">Tartu piiskopkonna suhted Pihkva ja Novgorodiga olid l\u00e4bi sajandite kahetised: \u00fchelt poolt s\u00f5ltus piiskopkonna ja linna heaolu suures osas kaubandusest venelastega, samas oli pidevalt piirikonflikte ja s\u00f5dugi. Kuni 15. sajandi l\u00f5puni olid suhted tavaliselt siiski normaalsed.<\/span> <span style=\"font-weight: 400\">Seoses Moskva Suurv\u00fcrstiriigi esilekerkimise ja Novgorodi ning Pihkva minekuga selle v\u00f5imu alla halvenesid Tartu ja kogu Vana-Liivimaa suhted idanaabritega aga tunduvalt.<\/span><\/p>\n<p><span style=\"font-weight: 400\">1480<\/span><span style=\"font-weight: 400\">\/<\/span><span style=\"font-weight: 400\">1481<\/span><span style=\"font-weight: 400\">. aasta talvel k\u00e4isid Moskva v\u00e4ed <\/span><span style=\"font-weight: 400\">Liivimaa-Pihkva s\u00f5ja<\/span><span style=\"font-weight: 400\"> k\u00e4igus <\/span><span style=\"font-weight: 400\">Liivimaad<\/span><span style=\"font-weight: 400\">, sealhulgas ka Tartu \u00fcmbruskonda r\u00fc\u00fcstamas. <\/span><span style=\"font-weight: 400\">1494<\/span><span style=\"font-weight: 400\">. aastal suleti Hansa kaubakontor <\/span><span style=\"font-weight: 400\">Novgorodis<\/span><span style=\"font-weight: 400\">. Vastuseks sellele l\u00f5huti Tartus novgorodlaste kirik. <\/span><span style=\"font-weight: 400\">1501<\/span><span style=\"font-weight: 400\">. aastal, enne <\/span><span style=\"font-weight: 400\">Liivimaa-Moskva s\u00f5ja<\/span><span style=\"font-weight: 400\"> algust, vangistati Tartus mituk\u00fcmmend Vene kaupmeest, s\u00fc\u00fcdistades neid Toomkiriku aarete r\u00f6\u00f6vimises. Sama aasta l\u00f5pus toimus venelaste uus r\u00fc\u00fcsteretk, mille k\u00e4igus Tartu \u00fcmbrus taas r\u00e4ngalt kannatada sai. <\/span><span style=\"font-weight: 400\">1502<\/span><span style=\"font-weight: 400\">. aastal j\u00e4rgnes sellele aga liivimaalaste edukas vastur\u00fcnnak, misj\u00e4rel s\u00f5lmiti Moskva ja Pihkvaga rahu, mida pikendati korduvalt kuni <\/span><span style=\"font-weight: 400\">1554<\/span><span style=\"font-weight: 400\">. aastani.<\/span><\/p>\n<p><img loading=\"lazy\" decoding=\"async\" class=\"alignnone size-medium wp-image-372\" src=\"http:\/\/www.real.edu.ee\/ajaveeb\/136c\/files\/2020\/04\/Tartu_1553-300x111.jpg\" alt=\"\" width=\"300\" height=\"111\" srcset=\"https:\/\/www.real.edu.ee\/ajaveeb\/136c\/files\/2020\/04\/Tartu_1553-300x111.jpg 300w, https:\/\/www.real.edu.ee\/ajaveeb\/136c\/files\/2020\/04\/Tartu_1553-1024x380.jpg 1024w, https:\/\/www.real.edu.ee\/ajaveeb\/136c\/files\/2020\/04\/Tartu_1553-768x285.jpg 768w, https:\/\/www.real.edu.ee\/ajaveeb\/136c\/files\/2020\/04\/Tartu_1553.jpg 1090w\" sizes=\"auto, (max-width: 300px) 100vw, 300px\" \/><\/p>\n<p>Tartu vaade aastal 1553<\/p>\n<p><b>Tartu Jaani kirik\u00a0<\/b><\/p>\n<p><span style=\"font-weight: 400\">Eesti arhitektuurip\u00e4randi hulgast moodustavad vahest k\u00f5ige hinnalisema osa keskaegsed ehitism\u00e4lestised. Viimaste seas omakorda kuulub eriline koht Tartu Jaani kirikule. Seda eelk\u00f5ige ehitusskulptuuri p\u00e4rast. Kirikut kaunistavad nii seest kui ka v\u00e4ljast arvukad ehisdetailid. K\u00f5ik need on valmistatud terrakotast, s. o p\u00f5letatud savist.<\/span><\/p>\n<p><span style=\"font-weight: 400\">Tartu Jaani kirik on keskaegne telliskirik <\/span><span style=\"font-weight: 400\">Tartus<\/span><span style=\"font-weight: 400\">, mis on tuntud oma <\/span><span style=\"font-weight: 400\">terrakotafiguuride<\/span><span style=\"font-weight: 400\"> poolest. Samal kohal on kirik asunud hiljemalt <\/span><span style=\"font-weight: 400\">13. sajandi<\/span><span style=\"font-weight: 400\"> esimesest poolest, praeguse hoone vanimad osad p\u00e4rinevad <\/span><span style=\"font-weight: 400\">14. sajandist<\/span><span style=\"font-weight: 400\">.<\/span><span style=\"font-weight: 400\">Jaani kirik ehitati t\u00f5en\u00e4oliselt 14. sajandi esimesel kolmandikul kolmel\u00f6\u00f6vilise basiilikana. <\/span><span style=\"font-weight: 400\">\u00a0Kirik on ajaloo jooksul olnud korduvalt varemetes, viimati aastatel <\/span><span style=\"font-weight: 400\">1944<\/span><span style=\"font-weight: 400\">\u2013<\/span><span style=\"font-weight: 400\">2005<\/span><span style=\"font-weight: 400\">. Kirik on p\u00fchitsetud <\/span><span style=\"font-weight: 400\">Ristija Johannesele<\/span><span style=\"font-weight: 400\">.<\/span><\/p>\n<p><span style=\"font-weight: 400\">Jaani kiriku terrakotaskulptuurid on kuulsad selle poolest, et need pole mitte \u00fche v\u00f5i m\u00f5ne vormi abil stantsitud, vaid k\u00f5ik kujud \u2013 algselt \u00fcle tuhande \u2013 on \u00fckshaaval savist valmistatud, nii et iga\u00fcks neist on isen\u00e4oline. Praeguseks on s\u00e4ilinud ligikaudu 200 skulptuuri. \u00dche h\u00fcpoteesi j\u00e4rgi kujutavad need kunagisi Tartu linna kodanikke.<\/span><\/p>\n<p><span style=\"font-weight: 400\">Tartu Jaani kirikut puudutav \u00fcrikuline teave on napp ja seega ebapiisav kiriku ehitusajaloo rekonstrueerimiseks. Esmakordselt on kirikut mainitud juba 14. sajandil. \u00dcrikutest on teada, et <\/span><span style=\"font-weight: 400\">1323<\/span><span style=\"font-weight: 400\">. aastal m\u00e4\u00e4ras paavst <\/span><span style=\"font-weight: 400\">Johannes XXII<\/span><span style=\"font-weight: 400\"> Tartu Jaani kiriku <\/span><span style=\"font-weight: 400\">plebaaniks<\/span><span style=\"font-weight: 400\"> Tartu toomkiriku kanooniku <\/span><span style=\"font-weight: 400\">Berardus Suerwerdina<\/span><span style=\"font-weight: 400\">. <\/span><span style=\"font-weight: 400\">Arheoloogilised andmed on kiriku algajaloo osas k\u00f5nekamad ning nendest v\u00f5ib j\u00e4reldada, et ilmselt on kirik rajatud varem hoonestatud alale.<\/span><\/p>\n<p><span style=\"font-weight: 400\">Kirikut on korduvalt purustatud ja rekonstrueeritud, aga hoolimata sellest on kiriku keskaegne \u00fcldkuju s\u00e4ilinud. Tugeva l\u00e4\u00e4netorniga kolmel\u00f6\u00f6vilisele basilikaalsele pikihoonele liitub piklik pol\u00fcgonaalse l\u00f5pmikuga koor, mille p\u00f5hjak\u00fcljel paikneb k\u00e4\u00e4rkamber. Pikihoone l\u00f5unak\u00fcljel oli nn L\u00fc\u00fcbeki kabel \u2013 meenutus ajast, mil Tartu hansalinnana vahendas ennek\u00f5ike L\u00fc\u00fcbeki ja Venemaa kaubandust.Kirikut kaunistavad nii seest kui ka v\u00e4ljast arvukad ehisdetailid. K\u00f5ik need on valmistatud terrakotast, p\u00f5letatud savist. Kiriku v\u00e4liskujunduses domineerib v\u00f5imas l\u00e4\u00e4netorn.<\/span><\/p>\n<p><span style=\"font-weight: 400\">Kirik sai vigastada Vene- Liivi s\u00f5jas 16. sajandil, selle tornikiiver on\u00a0 mitmeid kordi v\u00e4lgul\u00f6\u00f6gist s\u00fcttinud. Juba 17. sajandil asuti rekonstrueerima L\u00fc\u00fcbeki kabelit.Osa kirikust h\u00e4vis P\u00f5hjas\u00f5jas 1708. aastas. 1820.-30. aastail rekonstrueeriti kiriku interj\u00f6\u00f6rid G. F. W. Geisti Kavade kohaselt, \u00fcritades ruumi muuta antiiktempli sarnaseks. Paraku oli see vist suurim hoop ehitisele kogu tema ajaloos. Tolle ajani oli s\u00e4ilinud enamik interj\u00f6\u00f6ri skulptuure. Need ei sobinud aga klassitsistlike vormikaanonitega ning raiuti p\u00f5hilises osas maha. S\u00e4ilisid \u00fcksnes kujud, mida oli lihtsam kinni m\u00fc\u00fcrida v\u00f5i krohvida. Alates 1899 restaureeriti kiriku fassaadid Riia arhitekti W. Bockslaffi juhtimisel. N\u00fc\u00fcd eemaldati seintelt hilisemad krohvikihid ning p\u00e4evavalgele tulid v\u00e4lisskulptuurid.<\/span><\/p>\n<p><span style=\"font-weight: 400\">Kirjeldatud kujul s\u00e4ilis kirik kuni Teise maailmas\u00f5jani. 1944. aasta augustis N\u00f5ukogude v\u00e4gede pealetungil p\u00f5les ka Jaani kirik. \u00d6\u00f6l vastu <\/span><span style=\"font-weight: 400\">26. augustit<\/span><span style=\"font-weight: 400\"> 1944 pommitasid linnast taganenud sakslased Tartut. S\u00fcttis ka Jaani kirik, tules lagunes m\u00fc\u00fcride krohv ning paljastusid ammu unustatud keskaegsed skulptuuri. Kirik j\u00e4i rohkem kui 50 aastaks varemetesse. <\/span><span style=\"font-weight: 400\">2002<\/span><span style=\"font-weight: 400\">. aastal hakkas ehitust\u00f6id, eesm\u00e4rgiks l\u00f5petada kiriku taastamist\u00f6\u00f6d <\/span><span style=\"font-weight: 400\">2004<\/span><span style=\"font-weight: 400\">. aasta detsembris.\u00a0<\/span><\/p>\n<p><img loading=\"lazy\" decoding=\"async\" class=\"alignnone size-medium wp-image-369\" src=\"http:\/\/www.real.edu.ee\/ajaveeb\/136c\/files\/2020\/04\/D6F6FE18-A25E-4F80-8734-E2F6436B4FA1-225x300.jpeg\" alt=\"\" width=\"225\" height=\"300\" srcset=\"https:\/\/www.real.edu.ee\/ajaveeb\/136c\/files\/2020\/04\/D6F6FE18-A25E-4F80-8734-E2F6436B4FA1-225x300.jpeg 225w, https:\/\/www.real.edu.ee\/ajaveeb\/136c\/files\/2020\/04\/D6F6FE18-A25E-4F80-8734-E2F6436B4FA1-768x1024.jpeg 768w, https:\/\/www.real.edu.ee\/ajaveeb\/136c\/files\/2020\/04\/D6F6FE18-A25E-4F80-8734-E2F6436B4FA1-1152x1536.jpeg 1152w, https:\/\/www.real.edu.ee\/ajaveeb\/136c\/files\/2020\/04\/D6F6FE18-A25E-4F80-8734-E2F6436B4FA1-1536x2048.jpeg 1536w, https:\/\/www.real.edu.ee\/ajaveeb\/136c\/files\/2020\/04\/D6F6FE18-A25E-4F80-8734-E2F6436B4FA1-scaled.jpeg 1920w\" sizes=\"auto, (max-width: 225px) 100vw, 225px\" \/><\/p>\n<p>Meie ja Tartu Jaani kirik<\/p>\n<p><img loading=\"lazy\" decoding=\"async\" class=\"alignnone size-medium wp-image-367\" src=\"http:\/\/www.real.edu.ee\/ajaveeb\/136c\/files\/2020\/04\/jaani-kirik-korrusmaja-maja-renoveerimine-nutikas-maja-tartu-74700243-300x196.jpg\" alt=\"\" width=\"300\" height=\"196\" srcset=\"https:\/\/www.real.edu.ee\/ajaveeb\/136c\/files\/2020\/04\/jaani-kirik-korrusmaja-maja-renoveerimine-nutikas-maja-tartu-74700243-300x196.jpg 300w, https:\/\/www.real.edu.ee\/ajaveeb\/136c\/files\/2020\/04\/jaani-kirik-korrusmaja-maja-renoveerimine-nutikas-maja-tartu-74700243-768x502.jpg 768w, https:\/\/www.real.edu.ee\/ajaveeb\/136c\/files\/2020\/04\/jaani-kirik-korrusmaja-maja-renoveerimine-nutikas-maja-tartu-74700243.jpg 1000w\" sizes=\"auto, (max-width: 300px) 100vw, 300px\" \/><\/p>\n<p>Tartu Jaani kirik<\/p>\n<p><b>Tartu toomkirik\u00a0<\/b><\/p>\n<p><span style=\"font-weight: 400\">Apostlitele Peetrusele ja Paulusele p\u00fchitsetud ning Toomem\u00e4ele nime andnud Tartu toomkirik on \u00fcks suurimaid ning ainus kahe torniga keskaegseid kirikuid Eestis. Kirikut hakati ehitama 13. sajandil ning seda t\u00e4iendati 16. sajandi alguseni. Viimasena valmisid kirikutornid.\u00a0<\/span><\/p>\n<p><span style=\"font-weight: 400\">Reformatsiooni ajal kannatas toomkirik pildir\u00fc\u00fcste all, 10. jaanuaril 1525, mil linnakodanikud tungisid kirikusse, purustasid p\u00fchakute kujusid ja krutsifikse. Reformatsiooni j\u00e4rel j\u00e4i kirik t\u00fchjaks ja hakkas lagunema. Liivi s\u00f5ja k\u00e4igus laastasid seda venelased. <\/span><span style=\"font-weight: 400\">1582<\/span><span style=\"font-weight: 400\">. aasta j\u00e4rel, mil <\/span><span style=\"font-weight: 400\">Tartu langes poolakate k\u00e4tte<\/span><span style=\"font-weight: 400\">, tehti plaane toomkiriku renoveerimiseks ja uuesti kasutuselev\u00f5tuks, kuid j\u00e4rgnenud Poola-Rootsi s\u00f5jad nurjasid need kavatsused. <\/span><span style=\"font-weight: 400\">Rootsi v\u00f5imu ajal lagunes toomkirik edasi, kuid matusepaigana j\u00e4i see kasutusele kuni <\/span><span style=\"font-weight: 400\">18. sajandini<\/span><span style=\"font-weight: 400\">. Toomkirikust on leitud eriti ohtralt just rootsiaegseid matuseid, mille juures oli sageli panustena m\u00fcnte. Lisaks matusepaigale kasutati kirikut ka heinak\u00fc\u00fcni ja kuurina.<\/span><\/p>\n<p><span style=\"font-weight: 400\">Varemeis toomkirik on \u00fcks Vana-Liivimaa silmapaistvamaid tellisgootika n\u00e4iteid. 16. sajandil oli toomkirik <\/span><span style=\"font-weight: 400\">Ida-Euroopa<\/span><span style=\"font-weight: 400\"> suurim kirikuhoone ja tellisehitis. Tartu toomkiriku kalmistu oli mitte koguduse surnuaed, nagu n\u00e4iteks Tartu Jaani kiriku kalmistu, vaid keskaja \u00fchiskonna eliidi matmispaik. Toomkirik on ainus hoone, mis on Toomem\u00e4el laiunud keskaegsest linnaosast t\u00e4naseni s\u00e4ilinud. Aastal 1802, mil taasavati Tartu \u00fclikool, annetas Venemaa keiser Aleksander I Toomem\u00e4e koos k\u00f5igi sealsete ehitistega \u00fclikoolile. Toomkiriku varemete kooriosa kujundati arhitekt Johann Wilhelm Krause kavandite j\u00e4rgi \u00fclikooli raamatukoguks. Toomkirikus tegutseb teaduse ja \u00fclikoolihariduse ajalugu tutvustav Tartu \u00fclikooli muuseum.<\/span><\/p>\n<p><span style=\"font-weight: 400\">Seni viimaseks suuremaks muudatuseks on toomkiriku tornide renoveerimine, misj\u00e4rel need <\/span><span style=\"font-weight: 400\">2005<\/span><span style=\"font-weight: 400\">. aastal huvilistele avati. Seej\u00e4rel tekkinud <\/span><span style=\"font-weight: 400\">Piiskopliku Tartu Toomkiriku Taastamise Selts<\/span><span style=\"font-weight: 400\"> on p\u00fc\u00fcdnud saavutada kiriku taastamist oma keskaegses hiilguses <\/span><span style=\"font-weight: 400\">L\u00fcbecki Maarja kiriku<\/span><span style=\"font-weight: 400\"> eeskujul.\u00a0<\/span><\/p>\n<p><img loading=\"lazy\" decoding=\"async\" class=\"alignnone size-medium wp-image-368\" src=\"http:\/\/www.real.edu.ee\/ajaveeb\/136c\/files\/2020\/04\/D55FB2DC-3B1D-462F-8CAC-348A8FE13F35-225x300.jpeg\" alt=\"\" width=\"225\" height=\"300\" srcset=\"https:\/\/www.real.edu.ee\/ajaveeb\/136c\/files\/2020\/04\/D55FB2DC-3B1D-462F-8CAC-348A8FE13F35-225x300.jpeg 225w, https:\/\/www.real.edu.ee\/ajaveeb\/136c\/files\/2020\/04\/D55FB2DC-3B1D-462F-8CAC-348A8FE13F35-768x1024.jpeg 768w, https:\/\/www.real.edu.ee\/ajaveeb\/136c\/files\/2020\/04\/D55FB2DC-3B1D-462F-8CAC-348A8FE13F35-1152x1536.jpeg 1152w, https:\/\/www.real.edu.ee\/ajaveeb\/136c\/files\/2020\/04\/D55FB2DC-3B1D-462F-8CAC-348A8FE13F35-1536x2048.jpeg 1536w, https:\/\/www.real.edu.ee\/ajaveeb\/136c\/files\/2020\/04\/D55FB2DC-3B1D-462F-8CAC-348A8FE13F35-scaled.jpeg 1920w\" sizes=\"auto, (max-width: 225px) 100vw, 225px\" \/><\/p>\n<p>Meie ja Tartu toomkirik<\/p>\n<p><img loading=\"lazy\" decoding=\"async\" class=\"alignnone size-medium wp-image-365\" src=\"http:\/\/www.real.edu.ee\/ajaveeb\/136c\/files\/2020\/04\/Tartu_Toomkiriku_varemed_2012-300x177.jpg\" alt=\"\" width=\"300\" height=\"177\" srcset=\"https:\/\/www.real.edu.ee\/ajaveeb\/136c\/files\/2020\/04\/Tartu_Toomkiriku_varemed_2012-300x177.jpg 300w, https:\/\/www.real.edu.ee\/ajaveeb\/136c\/files\/2020\/04\/Tartu_Toomkiriku_varemed_2012-1024x603.jpg 1024w, https:\/\/www.real.edu.ee\/ajaveeb\/136c\/files\/2020\/04\/Tartu_Toomkiriku_varemed_2012-768x453.jpg 768w, https:\/\/www.real.edu.ee\/ajaveeb\/136c\/files\/2020\/04\/Tartu_Toomkiriku_varemed_2012-1536x905.jpg 1536w, https:\/\/www.real.edu.ee\/ajaveeb\/136c\/files\/2020\/04\/Tartu_Toomkiriku_varemed_2012-2048x1207.jpg 2048w\" sizes=\"auto, (max-width: 300px) 100vw, 300px\" \/><\/p>\n<p>Tartu toomkirik<\/p>\n<p>Kirjutasid Eric, Olari, Mengel, Stefan, Sten ja K\u00fclvi<\/p>\n","protected":false},"excerpt":{"rendered":"<p>Tartu keskajal\u00a0 Esimene m\u00e4rge Tartust kui linnast leiti 13. sajandi keskpaigast p\u00e4rit \u00fcrikutest, linnaks sai ta hiljemalt 1262. aastal, kuid t\u00f5en\u00e4oliselt tunduvalt varem. Hansa Liidu liikmena tunnistati Tartut 13. sajandi l\u00f5pul, oletavalt p\u00e4rast Riia liitumist, kuid enne teisi Eestimaa linnu. Tartust sai tolle aja kohta t\u00fc\u00fcpiliselt edukas saksa kaubalinn, sest Tartu asus Pihkvasse ja Novgorodi [&hellip;]<\/p>\n","protected":false},"author":157,"featured_media":0,"comment_status":"closed","ping_status":"open","sticky":false,"template":"","format":"standard","meta":{"footnotes":""},"categories":[1],"tags":[],"class_list":["post-371","post","type-post","status-publish","format-standard","hentry","category-maaratlemata"],"_links":{"self":[{"href":"https:\/\/www.real.edu.ee\/ajaveeb\/136c\/wp-json\/wp\/v2\/posts\/371","targetHints":{"allow":["GET"]}}],"collection":[{"href":"https:\/\/www.real.edu.ee\/ajaveeb\/136c\/wp-json\/wp\/v2\/posts"}],"about":[{"href":"https:\/\/www.real.edu.ee\/ajaveeb\/136c\/wp-json\/wp\/v2\/types\/post"}],"author":[{"embeddable":true,"href":"https:\/\/www.real.edu.ee\/ajaveeb\/136c\/wp-json\/wp\/v2\/users\/157"}],"replies":[{"embeddable":true,"href":"https:\/\/www.real.edu.ee\/ajaveeb\/136c\/wp-json\/wp\/v2\/comments?post=371"}],"version-history":[{"count":1,"href":"https:\/\/www.real.edu.ee\/ajaveeb\/136c\/wp-json\/wp\/v2\/posts\/371\/revisions"}],"predecessor-version":[{"id":373,"href":"https:\/\/www.real.edu.ee\/ajaveeb\/136c\/wp-json\/wp\/v2\/posts\/371\/revisions\/373"}],"wp:attachment":[{"href":"https:\/\/www.real.edu.ee\/ajaveeb\/136c\/wp-json\/wp\/v2\/media?parent=371"}],"wp:term":[{"taxonomy":"category","embeddable":true,"href":"https:\/\/www.real.edu.ee\/ajaveeb\/136c\/wp-json\/wp\/v2\/categories?post=371"},{"taxonomy":"post_tag","embeddable":true,"href":"https:\/\/www.real.edu.ee\/ajaveeb\/136c\/wp-json\/wp\/v2\/tags?post=371"}],"curies":[{"name":"wp","href":"https:\/\/api.w.org\/{rel}","templated":true}]}}