{"id":100,"date":"2019-06-03T01:00:30","date_gmt":"2019-06-02T22:00:30","guid":{"rendered":"http:\/\/www.real.edu.ee\/ajaveeb\/136c\/?p=100"},"modified":"2019-06-04T10:55:52","modified_gmt":"2019-06-04T07:55:52","slug":"soma-ja-g5-vaba-lava","status":"publish","type":"post","link":"https:\/\/www.real.edu.ee\/ajaveeb\/136c\/2019\/06\/03\/soma-ja-g5-vaba-lava\/","title":{"rendered":"Som\u00e4 ja G5 vaba lava"},"content":{"rendered":"\n<p>10.05.19 toimus meie naaberkoolis G5 vaba lava, kus esindas meie klassi (ja ka kooli) Som\u00e4. <br> SoM\u00e4 on meie klassi b\u00e4nd, mis on loodud kalli klassijuhataja auks. B\u00e4ndis on 5 liiget: esimees, kes teeb tegusid SoundCloudis &#8211; S10 ehk Sten;<br> noor kitarrist &#8211; Juki; Kohila muusikageenius  ja bassist &#8211; Miko; SoundCloudi suurt\u00e4ht ja trummar &#8211; Stefan; pesumasin ja klahvim\u00e4ngija &#8211; Liisa Rita. B\u00e4nd m\u00e4ngib erinevat muusikat &#8211; poprockist metalini. Vaba laval esineti looga \u201cPumped up kicks\u201d ja see oli lausa nii h\u00e4sti esitatud, et v\u00f5ideti 3. koht! Palju \u00f5nne! T\u00e4histama mindi \u00e4sja v\u00f5idetud kinkekaartide ja erinevate soodustustega otse H\u00e4rra Mauruse pubisse.<\/p>\n\n\n\n<p>Kirjutas: Miko<\/p>\n\n\n\n<ul class=\"wp-block-gallery columns-3 is-cropped wp-block-gallery-1 is-layout-flex wp-block-gallery-is-layout-flex\"><li class=\"blocks-gallery-item\"><figure><img loading=\"lazy\" decoding=\"async\" width=\"1024\" height=\"683\" src=\"http:\/\/www.real.edu.ee\/ajaveeb\/136c\/files\/2019\/06\/91A0D2CB-D242-43C6-AB7C-954A9C18635C-1024x683.jpeg\" alt=\"\" data-id=\"115\" data-link=\"http:\/\/www.real.edu.ee\/ajaveeb\/136c\/2019\/06\/03\/soma-ja-g5-vaba-lava\/91a0d2cb-d242-43c6-ab7c-954a9c18635c\/\" class=\"wp-image-115\" srcset=\"https:\/\/www.real.edu.ee\/ajaveeb\/136c\/files\/2019\/06\/91A0D2CB-D242-43C6-AB7C-954A9C18635C-1024x683.jpeg 1024w, https:\/\/www.real.edu.ee\/ajaveeb\/136c\/files\/2019\/06\/91A0D2CB-D242-43C6-AB7C-954A9C18635C-300x200.jpeg 300w, https:\/\/www.real.edu.ee\/ajaveeb\/136c\/files\/2019\/06\/91A0D2CB-D242-43C6-AB7C-954A9C18635C-768x512.jpeg 768w\" sizes=\"auto, (max-width: 1024px) 100vw, 1024px\" \/><\/figure><\/li><li class=\"blocks-gallery-item\"><figure><img loading=\"lazy\" decoding=\"async\" width=\"1024\" height=\"683\" src=\"http:\/\/www.real.edu.ee\/ajaveeb\/136c\/files\/2019\/06\/03E2A9D1-2414-47FE-BAB8-0F9418AFCC2B-1024x683.jpeg\" alt=\"\" data-id=\"116\" data-link=\"http:\/\/www.real.edu.ee\/ajaveeb\/136c\/2019\/06\/03\/soma-ja-g5-vaba-lava\/03e2a9d1-2414-47fe-bab8-0f9418afcc2b\/\" class=\"wp-image-116\" srcset=\"https:\/\/www.real.edu.ee\/ajaveeb\/136c\/files\/2019\/06\/03E2A9D1-2414-47FE-BAB8-0F9418AFCC2B-1024x683.jpeg 1024w, https:\/\/www.real.edu.ee\/ajaveeb\/136c\/files\/2019\/06\/03E2A9D1-2414-47FE-BAB8-0F9418AFCC2B-300x200.jpeg 300w, https:\/\/www.real.edu.ee\/ajaveeb\/136c\/files\/2019\/06\/03E2A9D1-2414-47FE-BAB8-0F9418AFCC2B-768x512.jpeg 768w\" sizes=\"auto, (max-width: 1024px) 100vw, 1024px\" \/><\/figure><\/li><li class=\"blocks-gallery-item\"><figure><img loading=\"lazy\" decoding=\"async\" width=\"1024\" height=\"683\" src=\"http:\/\/www.real.edu.ee\/ajaveeb\/136c\/files\/2019\/06\/B643910E-A7D7-4582-838E-7C94D2007801-1024x683.jpeg\" alt=\"\" data-id=\"117\" data-link=\"http:\/\/www.real.edu.ee\/ajaveeb\/136c\/2019\/06\/03\/soma-ja-g5-vaba-lava\/b643910e-a7d7-4582-838e-7c94d2007801\/\" class=\"wp-image-117\" srcset=\"https:\/\/www.real.edu.ee\/ajaveeb\/136c\/files\/2019\/06\/B643910E-A7D7-4582-838E-7C94D2007801-1024x683.jpeg 1024w, https:\/\/www.real.edu.ee\/ajaveeb\/136c\/files\/2019\/06\/B643910E-A7D7-4582-838E-7C94D2007801-300x200.jpeg 300w, https:\/\/www.real.edu.ee\/ajaveeb\/136c\/files\/2019\/06\/B643910E-A7D7-4582-838E-7C94D2007801-768x512.jpeg 768w\" sizes=\"auto, (max-width: 1024px) 100vw, 1024px\" \/><\/figure><\/li><\/ul>\n","protected":false},"excerpt":{"rendered":"<p>10.05.19 toimus meie naaberkoolis G5 vaba lava, kus esindas meie klassi (ja ka kooli) Som\u00e4. SoM\u00e4 on meie klassi b\u00e4nd, mis on loodud kalli klassijuhataja auks. B\u00e4ndis on 5 liiget: esimees, kes teeb tegusid SoundCloudis &#8211; S10 ehk Sten; noor kitarrist &#8211; Juki; Kohila muusikageenius ja bassist &#8211; Miko; SoundCloudi suurt\u00e4ht ja trummar &#8211; Stefan; [&hellip;]<\/p>\n","protected":false},"author":157,"featured_media":0,"comment_status":"closed","ping_status":"open","sticky":false,"template":"","format":"standard","meta":{"footnotes":""},"categories":[1],"tags":[],"class_list":["post-100","post","type-post","status-publish","format-standard","hentry","category-maaratlemata"],"_links":{"self":[{"href":"https:\/\/www.real.edu.ee\/ajaveeb\/136c\/wp-json\/wp\/v2\/posts\/100","targetHints":{"allow":["GET"]}}],"collection":[{"href":"https:\/\/www.real.edu.ee\/ajaveeb\/136c\/wp-json\/wp\/v2\/posts"}],"about":[{"href":"https:\/\/www.real.edu.ee\/ajaveeb\/136c\/wp-json\/wp\/v2\/types\/post"}],"author":[{"embeddable":true,"href":"https:\/\/www.real.edu.ee\/ajaveeb\/136c\/wp-json\/wp\/v2\/users\/157"}],"replies":[{"embeddable":true,"href":"https:\/\/www.real.edu.ee\/ajaveeb\/136c\/wp-json\/wp\/v2\/comments?post=100"}],"version-history":[{"count":3,"href":"https:\/\/www.real.edu.ee\/ajaveeb\/136c\/wp-json\/wp\/v2\/posts\/100\/revisions"}],"predecessor-version":[{"id":118,"href":"https:\/\/www.real.edu.ee\/ajaveeb\/136c\/wp-json\/wp\/v2\/posts\/100\/revisions\/118"}],"wp:attachment":[{"href":"https:\/\/www.real.edu.ee\/ajaveeb\/136c\/wp-json\/wp\/v2\/media?parent=100"}],"wp:term":[{"taxonomy":"category","embeddable":true,"href":"https:\/\/www.real.edu.ee\/ajaveeb\/136c\/wp-json\/wp\/v2\/categories?post=100"},{"taxonomy":"post_tag","embeddable":true,"href":"https:\/\/www.real.edu.ee\/ajaveeb\/136c\/wp-json\/wp\/v2\/tags?post=100"}],"curies":[{"name":"wp","href":"https:\/\/api.w.org\/{rel}","templated":true}]}}