{"id":97,"date":"2018-12-20T20:56:09","date_gmt":"2018-12-20T18:56:09","guid":{"rendered":"http:\/\/www.real.edu.ee\/ajaveeb\/136b\/?p=97"},"modified":"2019-01-18T20:57:58","modified_gmt":"2019-01-18T18:57:58","slug":"triegeli-surmaaastapaev-08-12-2018","status":"publish","type":"post","link":"https:\/\/www.real.edu.ee\/ajaveeb\/136b\/2018\/12\/20\/triegeli-surmaaastapaev-08-12-2018\/","title":{"rendered":"Triegeli surmaaastap\u00e4ev 08.12.2018"},"content":{"rendered":"<p><span style=\"font-family: arial, helvetica, sans-serif;font-size: 10pt\">8. detsembril k\u00e4isid g\u00fcmnaasiumiklasside esindajad koos direktor Ene Saarega Siselinna kalmistul. Seal s\u00fc\u00fcdati k\u00fc\u00fcnal \u00f5ppurs\u00f5dur Harald Triegelile, kes langes sada aastat tagasi Vabaduss\u00f5jas J\u00e4rve m\u00f5isa all.<\/span><\/p>\n<p><span style=\"font-family: arial, helvetica, sans-serif;font-size: 10pt\">Harald Triegel oli realist, kes hukkus (reaalikatest esimesena) J\u00e4rve m\u00f5isas 1918 aasta 8. detsembril. Triegel oli just l\u00f5petanud \u00f6ise valve ja l\u00e4ks k\u00f6\u00f6ki s\u00fc\u00fca k\u00fcsima. Kokk andis leivaviilu, \u00f5pilass\u00f5dur pillas selle maha ning leiba \u00fcles korjates n\u00e4gi kokk punav\u00e4elaseid tulemas ja \u00fctles, et seda leiba ta k\u00fcll l\u00f5puni ei s\u00f6\u00f6. Eestlased olid suures v\u00e4hemuses ja nad hakkasid taganema. Kahjuks sai pihta eestlasest lipnik ning Triegel ei olnud n\u00f5us teda maha j\u00e4tma, vaid otsustas tagasi minna ja ta kaasa v\u00f5tta. Nii sai ka Harald Triegel kuulitabamuse. J\u00e4rve m\u00f5isa all hukkunud maeti sealsamas \u00fchishauda, mis k\u00fclma t\u00f5ttu oli \u00fcsna madal. Kui Triegeli isa oma poja keha taga hakkas otsima, leidis ta \u00fcles matmiskoha ja kaevas selle lahti. Isa leidis poja keha k\u00f5ige pealt ning avastas ka \u00fclej\u00e4\u00e4nud. N\u00fc\u00fcd on Harald Triegel maetud Siselinna kalmistule, kusjuures hauakivi on v\u00e4lja valinud Reaalkool ning meie hoiame ta hauaplatsi ka korras.<\/span><\/p>\n<div id=\"attachment_74\" style=\"width: 310px\" class=\"wp-caption alignnone\"><img loading=\"lazy\" decoding=\"async\" aria-describedby=\"caption-attachment-74\" class=\"wp-image-74 size-medium\" src=\"http:\/\/www.real.edu.ee\/ajaveeb\/136b\/files\/2019\/01\/received_306052770028188-300x225.jpeg\" alt=\"\" width=\"300\" height=\"225\" srcset=\"https:\/\/www.real.edu.ee\/ajaveeb\/136b\/files\/2019\/01\/received_306052770028188-300x225.jpeg 300w, https:\/\/www.real.edu.ee\/ajaveeb\/136b\/files\/2019\/01\/received_306052770028188-768x576.jpeg 768w, https:\/\/www.real.edu.ee\/ajaveeb\/136b\/files\/2019\/01\/received_306052770028188-1024x768.jpeg 1024w\" sizes=\"auto, (max-width: 300px) 100vw, 300px\" \/><p id=\"caption-attachment-74\" class=\"wp-caption-text\">Harald Triegeli haud Siselinna kalmistul, hauakivi. Pildi autor Heleliis.<\/p><\/div>\n<p><span style=\"font-family: arial, helvetica, sans-serif;font-size: 10pt\">Autorid: Heleliis (pilt, tutvustav tekst), Rhea (ajaloolised faktid), Hanna (toimetamine)<\/span><\/p>\n","protected":false},"excerpt":{"rendered":"<p>8. detsembril k\u00e4isid g\u00fcmnaasiumiklasside esindajad koos direktor Ene Saarega Siselinna kalmistul. Seal s\u00fc\u00fcdati k\u00fc\u00fcnal \u00f5ppurs\u00f5dur Harald Triegelile, kes langes sada aastat tagasi Vabaduss\u00f5jas J\u00e4rve m\u00f5isa all. Harald Triegel oli realist, kes hukkus (reaalikatest esimesena) J\u00e4rve m\u00f5isas 1918 aasta 8. detsembril. Triegel oli just l\u00f5petanud \u00f6ise valve ja l\u00e4ks k\u00f6\u00f6ki s\u00fc\u00fca k\u00fcsima. Kokk andis leivaviilu, \u00f5pilass\u00f5dur [&hellip;]<\/p>\n","protected":false},"author":158,"featured_media":0,"comment_status":"closed","ping_status":"open","sticky":false,"template":"","format":"standard","meta":{"footnotes":""},"categories":[2],"tags":[],"class_list":["post-97","post","type-post","status-publish","format-standard","hentry","category-10-klass"],"_links":{"self":[{"href":"https:\/\/www.real.edu.ee\/ajaveeb\/136b\/wp-json\/wp\/v2\/posts\/97","targetHints":{"allow":["GET"]}}],"collection":[{"href":"https:\/\/www.real.edu.ee\/ajaveeb\/136b\/wp-json\/wp\/v2\/posts"}],"about":[{"href":"https:\/\/www.real.edu.ee\/ajaveeb\/136b\/wp-json\/wp\/v2\/types\/post"}],"author":[{"embeddable":true,"href":"https:\/\/www.real.edu.ee\/ajaveeb\/136b\/wp-json\/wp\/v2\/users\/158"}],"replies":[{"embeddable":true,"href":"https:\/\/www.real.edu.ee\/ajaveeb\/136b\/wp-json\/wp\/v2\/comments?post=97"}],"version-history":[{"count":4,"href":"https:\/\/www.real.edu.ee\/ajaveeb\/136b\/wp-json\/wp\/v2\/posts\/97\/revisions"}],"predecessor-version":[{"id":101,"href":"https:\/\/www.real.edu.ee\/ajaveeb\/136b\/wp-json\/wp\/v2\/posts\/97\/revisions\/101"}],"wp:attachment":[{"href":"https:\/\/www.real.edu.ee\/ajaveeb\/136b\/wp-json\/wp\/v2\/media?parent=97"}],"wp:term":[{"taxonomy":"category","embeddable":true,"href":"https:\/\/www.real.edu.ee\/ajaveeb\/136b\/wp-json\/wp\/v2\/categories?post=97"},{"taxonomy":"post_tag","embeddable":true,"href":"https:\/\/www.real.edu.ee\/ajaveeb\/136b\/wp-json\/wp\/v2\/tags?post=97"}],"curies":[{"name":"wp","href":"https:\/\/api.w.org\/{rel}","templated":true}]}}