{"id":76,"date":"2018-12-25T21:26:48","date_gmt":"2018-12-25T19:26:48","guid":{"rendered":"http:\/\/www.real.edu.ee\/ajaveeb\/136b\/?p=76"},"modified":"2019-01-12T21:32:14","modified_gmt":"2019-01-12T19:32:14","slug":"joulukontsert-17-12-2018","status":"publish","type":"post","link":"https:\/\/www.real.edu.ee\/ajaveeb\/136b\/2018\/12\/25\/joulukontsert-17-12-2018\/","title":{"rendered":"J\u00f5ulukontsert 17.12.2018"},"content":{"rendered":"<p><span style=\"font-family: arial, helvetica, sans-serif;font-size: 10pt\">Esmasp\u00e4eva, 17. detsembri \u00f5htupoolikul toimus Reaalkooli j\u00f5ulukontsert, mis kandis pealkirja \u201eMu kodu nii lihtsalt\u201c. Toimumispaigaks valiti seekord Salme kultuurikeskus. Meie klassist esinesid segakoori koosseisus Lee-Ann, Liisa-Mai, Elise-Irene ja M\u00e4rten ning v\u00f5imlemiskavaga Katriine. Loodetavasti oli kontsert meeldej\u00e4\u00e4v ning t\u00f5i nii pealtvaatajatele kui ka osalejatele j\u00f5ulur\u00f5\u00f5mu. Suurimad t\u00e4nud lavastajatele!<\/span><\/p>\n<div id=\"attachment_77\" style=\"width: 222px\" class=\"wp-caption alignnone\"><img loading=\"lazy\" decoding=\"async\" aria-describedby=\"caption-attachment-77\" class=\"size-medium wp-image-77\" src=\"http:\/\/www.real.edu.ee\/ajaveeb\/136b\/files\/2019\/01\/AV-kontsert-212x300.jpg\" alt=\"\" width=\"212\" height=\"300\" srcset=\"https:\/\/www.real.edu.ee\/ajaveeb\/136b\/files\/2019\/01\/AV-kontsert-212x300.jpg 212w, https:\/\/www.real.edu.ee\/ajaveeb\/136b\/files\/2019\/01\/AV-kontsert.jpg 677w\" sizes=\"auto, (max-width: 212px) 100vw, 212px\" \/><p id=\"caption-attachment-77\" class=\"wp-caption-text\">J\u00f5ulukontserdi plakat, pilt v\u00f5etud Reaalkooli Facebooki lehelt<\/p><\/div>\n<p><span style=\"font-family: arial, helvetica, sans-serif;font-size: 10pt\">Autor: Katriine (tekst), Hanna (toimetamine)<\/span><\/p>\n","protected":false},"excerpt":{"rendered":"<p>Esmasp\u00e4eva, 17. detsembri \u00f5htupoolikul toimus Reaalkooli j\u00f5ulukontsert, mis kandis pealkirja \u201eMu kodu nii lihtsalt\u201c. Toimumispaigaks valiti seekord Salme kultuurikeskus. Meie klassist esinesid segakoori koosseisus Lee-Ann, Liisa-Mai, Elise-Irene ja M\u00e4rten ning v\u00f5imlemiskavaga Katriine. Loodetavasti oli kontsert meeldej\u00e4\u00e4v ning t\u00f5i nii pealtvaatajatele kui ka osalejatele j\u00f5ulur\u00f5\u00f5mu. Suurimad t\u00e4nud lavastajatele! Autor: Katriine (tekst), Hanna (toimetamine)<\/p>\n","protected":false},"author":158,"featured_media":0,"comment_status":"closed","ping_status":"open","sticky":false,"template":"","format":"standard","meta":{"footnotes":""},"categories":[2],"tags":[],"class_list":["post-76","post","type-post","status-publish","format-standard","hentry","category-10-klass"],"_links":{"self":[{"href":"https:\/\/www.real.edu.ee\/ajaveeb\/136b\/wp-json\/wp\/v2\/posts\/76","targetHints":{"allow":["GET"]}}],"collection":[{"href":"https:\/\/www.real.edu.ee\/ajaveeb\/136b\/wp-json\/wp\/v2\/posts"}],"about":[{"href":"https:\/\/www.real.edu.ee\/ajaveeb\/136b\/wp-json\/wp\/v2\/types\/post"}],"author":[{"embeddable":true,"href":"https:\/\/www.real.edu.ee\/ajaveeb\/136b\/wp-json\/wp\/v2\/users\/158"}],"replies":[{"embeddable":true,"href":"https:\/\/www.real.edu.ee\/ajaveeb\/136b\/wp-json\/wp\/v2\/comments?post=76"}],"version-history":[{"count":1,"href":"https:\/\/www.real.edu.ee\/ajaveeb\/136b\/wp-json\/wp\/v2\/posts\/76\/revisions"}],"predecessor-version":[{"id":78,"href":"https:\/\/www.real.edu.ee\/ajaveeb\/136b\/wp-json\/wp\/v2\/posts\/76\/revisions\/78"}],"wp:attachment":[{"href":"https:\/\/www.real.edu.ee\/ajaveeb\/136b\/wp-json\/wp\/v2\/media?parent=76"}],"wp:term":[{"taxonomy":"category","embeddable":true,"href":"https:\/\/www.real.edu.ee\/ajaveeb\/136b\/wp-json\/wp\/v2\/categories?post=76"},{"taxonomy":"post_tag","embeddable":true,"href":"https:\/\/www.real.edu.ee\/ajaveeb\/136b\/wp-json\/wp\/v2\/tags?post=76"}],"curies":[{"name":"wp","href":"https:\/\/api.w.org\/{rel}","templated":true}]}}