{"id":69,"date":"2018-12-25T18:03:45","date_gmt":"2018-12-25T16:03:45","guid":{"rendered":"http:\/\/www.real.edu.ee\/ajaveeb\/136b\/?p=69"},"modified":"2019-04-23T20:51:16","modified_gmt":"2019-04-23T17:51:16","slug":"136-lennu-jouluohtusook-15-12-2018","status":"publish","type":"post","link":"https:\/\/www.real.edu.ee\/ajaveeb\/136b\/2018\/12\/25\/136-lennu-jouluohtusook-15-12-2018\/","title":{"rendered":"136. lennu j\u00f5ulu\u00f5htus\u00f6\u00f6k 15.12.2018"},"content":{"rendered":"<p><span style=\"font-weight: 400;font-family: arial, helvetica, sans-serif;font-size: 10pt\">15. detsembril, laup\u00e4eval toimus 136. lennu \u00fchine j\u00f5ulu\u00f5htus\u00f6\u00f6k. \u00d5htus\u00f6\u00f6gile olid kutsutud k\u00f5ikide k\u00fcmnendate klasside aine\u00f5petajad ja muidugi k\u00f5ik lennu \u00f5pilased. Kogu \u00f5htu oli sisustatud \u00f5pilaste poolt ja k\u00f5ik s\u00f6\u00f6gid samuti samal p\u00e4eval \u00f5ppek\u00f6\u00f6gis valmis tehtud. K\u00fclalised olid jaotatud laudadesse umbes k\u00fcmnekaupa, kusjuures igas lauas istus 1-2 \u00f5petajat. Selle plaani toimimiseks olid k\u00f5ik istumiskohad ette m\u00e4\u00e4ratud, kohad olid nimelised. Meie klassi laudadesse paigutamisega tegelesid Alex ja Elise.<\/span><\/p>\n<div id=\"attachment_70\" style=\"width: 310px\" class=\"wp-caption alignnone\"><img loading=\"lazy\" decoding=\"async\" aria-describedby=\"caption-attachment-70\" class=\"wp-image-70\" src=\"http:\/\/www.real.edu.ee\/ajaveeb\/136b\/files\/2019\/01\/IMG_20181215_204426-225x300.jpg\" alt=\"\" width=\"300\" height=\"400\" srcset=\"https:\/\/www.real.edu.ee\/ajaveeb\/136b\/files\/2019\/01\/IMG_20181215_204426-225x300.jpg 225w, https:\/\/www.real.edu.ee\/ajaveeb\/136b\/files\/2019\/01\/IMG_20181215_204426-768x1024.jpg 768w\" sizes=\"auto, (max-width: 300px) 100vw, 300px\" \/><p id=\"caption-attachment-70\" class=\"wp-caption-text\"><span style=\"font-family: arial, helvetica, sans-serif;font-size: 10pt\">\u00d5htus\u00f6\u00f6gi istumisplaan, pildi autor Hanna<\/span><\/p><\/div>\n<p><span style=\"font-weight: 400;font-family: arial, helvetica, sans-serif;font-size: 10pt\">Esimene etteaste meie klassi poolt oli Reediku Meedikute poolt esitatud Vance Joy laul \u201cRiptide\u201d. Laulis Annely, klaveril Liisa-Mai ning kitarri m\u00e4ngisid Joosep ja M\u00e4rten. Laulude ja muu vahel oli piisavalt aega ka s\u00f6\u00f6miseks &#8211; pakuti salateid, kartulit, kapsast, verivorsti ja erinevaid hoidiseid.<\/span><\/p>\n<div id=\"attachment_71\" style=\"width: 510px\" class=\"wp-caption alignnone\"><img loading=\"lazy\" decoding=\"async\" aria-describedby=\"caption-attachment-71\" class=\"wp-image-71\" src=\"http:\/\/www.real.edu.ee\/ajaveeb\/136b\/files\/2019\/01\/received_922478601280017-300x225.jpeg\" alt=\"\" width=\"500\" height=\"375\" srcset=\"https:\/\/www.real.edu.ee\/ajaveeb\/136b\/files\/2019\/01\/received_922478601280017-300x225.jpeg 300w, https:\/\/www.real.edu.ee\/ajaveeb\/136b\/files\/2019\/01\/received_922478601280017-768x576.jpeg 768w, https:\/\/www.real.edu.ee\/ajaveeb\/136b\/files\/2019\/01\/received_922478601280017-1024x768.jpeg 1024w, https:\/\/www.real.edu.ee\/ajaveeb\/136b\/files\/2019\/01\/received_922478601280017.jpeg 1728w\" sizes=\"auto, (max-width: 500px) 100vw, 500px\" \/><p id=\"caption-attachment-71\" class=\"wp-caption-text\"><span style=\"font-family: arial, helvetica, sans-serif;font-size: 10pt\">TKP k\u00f6\u00f6gis valmistati enne \u00f5htus\u00f6\u00f6ki \u00fchiselt toitu, pildil kaunistatud piparkoogid, pildi autor Hanna<\/span><\/p><\/div>\n<p><span style=\"font-weight: 400;font-family: arial, helvetica, sans-serif;font-size: 10pt\"> J\u00f5ulu\u00f5htus\u00f6\u00f6giks tuli muuhulgas igal klassil ette valmistada muinasjututeemaline n\u00e4idend. A-klassi n\u00e4idend r\u00e4\u00e4kis maailmal\u00f5pust, C-klass esitas humoorika vaate punam\u00fctsikesest &#8211; peaosa ehk punam\u00fctsikest m\u00e4ngis Olari ja kaasatud (printsi rollis) oli ka \u00f5petaja Somelar. Meie n\u00e4idend aga r\u00e4\u00e4kis t\u00e4nap\u00e4eva printsessidest kohvikus, peaosades olid Nils, Ervin ja Sten. Selle valmimiseks n\u00e4gi palju vaeva Hannah ja v\u00e4iksemaid osi m\u00e4ngisid veel Norman, Iris, Hanna-Triinu ja Elisabeth.<\/span><\/p>\n<div id=\"attachment_72\" style=\"width: 510px\" class=\"wp-caption alignnone\"><img loading=\"lazy\" decoding=\"async\" aria-describedby=\"caption-attachment-72\" class=\"wp-image-72\" src=\"http:\/\/www.real.edu.ee\/ajaveeb\/136b\/files\/2019\/01\/IMG_20181218_012829-300x225.jpg\" alt=\"\" width=\"500\" height=\"375\" srcset=\"https:\/\/www.real.edu.ee\/ajaveeb\/136b\/files\/2019\/01\/IMG_20181218_012829-300x225.jpg 300w, https:\/\/www.real.edu.ee\/ajaveeb\/136b\/files\/2019\/01\/IMG_20181218_012829-768x576.jpg 768w, https:\/\/www.real.edu.ee\/ajaveeb\/136b\/files\/2019\/01\/IMG_20181218_012829-1024x768.jpg 1024w\" sizes=\"auto, (max-width: 500px) 100vw, 500px\" \/><p id=\"caption-attachment-72\" class=\"wp-caption-text\"><span style=\"font-family: arial, helvetica, sans-serif;font-size: 10pt\">B-klassi n\u00e4idendikoosseis: Norman, Iris, Ervin, Sten, Hanna, Nils, Elisabeth (vasakult paremale), pildi autor Hannah <\/span><\/p><\/div>\n<div id=\"attachment_73\" style=\"width: 510px\" class=\"wp-caption alignnone\"><img loading=\"lazy\" decoding=\"async\" aria-describedby=\"caption-attachment-73\" class=\"wp-image-73\" src=\"http:\/\/www.real.edu.ee\/ajaveeb\/136b\/files\/2019\/01\/received_219523805591238-300x225.jpeg\" alt=\"\" width=\"500\" height=\"375\" srcset=\"https:\/\/www.real.edu.ee\/ajaveeb\/136b\/files\/2019\/01\/received_219523805591238-300x225.jpeg 300w, https:\/\/www.real.edu.ee\/ajaveeb\/136b\/files\/2019\/01\/received_219523805591238-768x576.jpeg 768w, https:\/\/www.real.edu.ee\/ajaveeb\/136b\/files\/2019\/01\/received_219523805591238.jpeg 1024w\" sizes=\"auto, (max-width: 500px) 100vw, 500px\" \/><p id=\"caption-attachment-73\" class=\"wp-caption-text\"><span style=\"font-family: arial, helvetica, sans-serif;font-size: 10pt\">N\u00e4idendi ette kandmine, pildi autor Alex<\/span><\/p><\/div>\n<p><span style=\"font-family: arial, helvetica, sans-serif;font-size: 10pt\">P\u00e4rast n\u00e4idendite esitamist oli meil ka j\u00f5uluteemaline viktoriin, mille koostas C-klassist Hugo. Teda abistas ka meie klassist Mariann. Viktoriini r\u00fchmadeks olid laudkonnad, kus siis igas lauas istus lisaks \u00f5pilastele \u00fcks-kaks \u00f5petajat.Viktoriin oli \u00fcsna tore ning sai nalja. V\u00f5itjaks osutus laudkond, kus oli \u00f5petaja Anu Kell (ei imesta). Tasapisi p\u00e4rast viktoriini hakkaski \u00f5htu l\u00f5pule j\u00f5udma. Saime nautida imeh\u00e4id piparkooke, mida olid hunnikute viisi tehtud ning ka kooke, millega osad \u00f5pilased olid kodudes vaeva n\u00e4inud. \u00a0Esines veel C-klassi b\u00e4nd, mille ajal peolised t\u00f5usid p\u00fcsti ja suunasid sammud tantsup\u00f5randa poole. Tore \u00f5htu l\u00f5ppeski hea muusika ja tantsuga.<\/span><\/p>\n<p><span style=\"font-family: arial, helvetica, sans-serif;font-size: 10pt\">Autorid: Nele (tekst), Kertu (tekst), Alex, Elisabeth, Hanna, Hannah (pildid)<\/span><\/p>\n","protected":false},"excerpt":{"rendered":"<p>15. detsembril, laup\u00e4eval toimus 136. lennu \u00fchine j\u00f5ulu\u00f5htus\u00f6\u00f6k. \u00d5htus\u00f6\u00f6gile olid kutsutud k\u00f5ikide k\u00fcmnendate klasside aine\u00f5petajad ja muidugi k\u00f5ik lennu \u00f5pilased. Kogu \u00f5htu oli sisustatud \u00f5pilaste poolt ja k\u00f5ik s\u00f6\u00f6gid samuti samal p\u00e4eval \u00f5ppek\u00f6\u00f6gis valmis tehtud. K\u00fclalised olid jaotatud laudadesse umbes k\u00fcmnekaupa, kusjuures igas lauas istus 1-2 \u00f5petajat. Selle plaani toimimiseks olid k\u00f5ik istumiskohad ette m\u00e4\u00e4ratud, [&hellip;]<\/p>\n","protected":false},"author":158,"featured_media":0,"comment_status":"closed","ping_status":"open","sticky":false,"template":"","format":"standard","meta":{"footnotes":""},"categories":[2],"tags":[],"class_list":["post-69","post","type-post","status-publish","format-standard","hentry","category-10-klass"],"_links":{"self":[{"href":"https:\/\/www.real.edu.ee\/ajaveeb\/136b\/wp-json\/wp\/v2\/posts\/69","targetHints":{"allow":["GET"]}}],"collection":[{"href":"https:\/\/www.real.edu.ee\/ajaveeb\/136b\/wp-json\/wp\/v2\/posts"}],"about":[{"href":"https:\/\/www.real.edu.ee\/ajaveeb\/136b\/wp-json\/wp\/v2\/types\/post"}],"author":[{"embeddable":true,"href":"https:\/\/www.real.edu.ee\/ajaveeb\/136b\/wp-json\/wp\/v2\/users\/158"}],"replies":[{"embeddable":true,"href":"https:\/\/www.real.edu.ee\/ajaveeb\/136b\/wp-json\/wp\/v2\/comments?post=69"}],"version-history":[{"count":5,"href":"https:\/\/www.real.edu.ee\/ajaveeb\/136b\/wp-json\/wp\/v2\/posts\/69\/revisions"}],"predecessor-version":[{"id":126,"href":"https:\/\/www.real.edu.ee\/ajaveeb\/136b\/wp-json\/wp\/v2\/posts\/69\/revisions\/126"}],"wp:attachment":[{"href":"https:\/\/www.real.edu.ee\/ajaveeb\/136b\/wp-json\/wp\/v2\/media?parent=69"}],"wp:term":[{"taxonomy":"category","embeddable":true,"href":"https:\/\/www.real.edu.ee\/ajaveeb\/136b\/wp-json\/wp\/v2\/categories?post=69"},{"taxonomy":"post_tag","embeddable":true,"href":"https:\/\/www.real.edu.ee\/ajaveeb\/136b\/wp-json\/wp\/v2\/tags?post=69"}],"curies":[{"name":"wp","href":"https:\/\/api.w.org\/{rel}","templated":true}]}}