{"id":33,"date":"2018-11-15T20:15:02","date_gmt":"2018-11-15T18:15:02","guid":{"rendered":"http:\/\/www.real.edu.ee\/ajaveeb\/136b\/?p=33"},"modified":"2019-01-12T21:30:43","modified_gmt":"2019-01-12T19:30:43","slug":"33","status":"publish","type":"post","link":"https:\/\/www.real.edu.ee\/ajaveeb\/136b\/2018\/11\/15\/33\/","title":{"rendered":"\u00d5ppek\u00e4ik 31.10.2018"},"content":{"rendered":"<p><span style=\"font-family: arial, helvetica, sans-serif;font-size: 10pt\">P\u00e4rast seda, kui olime kollektiivselt oma esimese vaheaja Reaalkooli g\u00fcmnaasiumis maha maganud, leidsime end \u00fchel nukral esmasp\u00e4eva hommikul (30.10.18) j\u00e4llegi taas k\u00f5ik koos koolist. Paljudele hakkas tasapisi kohale j\u00f5udma, et j\u00e4rgmine kord saab magada 7 n\u00e4dala p\u00e4rast ning j\u00e4tsid leplikult korraks k\u00fclla tulnud tervisliku eluviisiga h\u00fcvasti. Meie kriisi leevendas pisut aga avastus, et j\u00e4rgmine p\u00e4ev oli meid ees ootamas esimene klassiv\u00e4ljas\u00f5it. Kuna ilm t\u00f5otas tulla j\u00e4ine, olime endale j\u00e4rgmiseks p\u00e4evaks k\u00f5ikv\u00f5imalikke kihte selga kuhjanud, kuid esimeses peatuses, Kostivere karstialal, selgus, et me alahindasime Eesti s\u00fcgist, ning paljud ei tundnud bussi naastes oma n\u00e4gusid. Karstiala ise oli v\u00e4ga k\u00f6itvate vaadetega, nii et tegime seal endast mitmeid j\u00e4\u00e4dvustusi:<\/span><\/p>\n<div id=\"attachment_34\" style=\"width: 310px\" class=\"wp-caption alignnone\"><img loading=\"lazy\" decoding=\"async\" aria-describedby=\"caption-attachment-34\" class=\"size-medium wp-image-34\" src=\"http:\/\/www.real.edu.ee\/ajaveeb\/136b\/files\/2018\/11\/46512098_286669998714084_1935041195306647552_n-300x225.jpg\" alt=\"\" width=\"300\" height=\"225\" srcset=\"https:\/\/www.real.edu.ee\/ajaveeb\/136b\/files\/2018\/11\/46512098_286669998714084_1935041195306647552_n-300x225.jpg 300w, https:\/\/www.real.edu.ee\/ajaveeb\/136b\/files\/2018\/11\/46512098_286669998714084_1935041195306647552_n-768x576.jpg 768w, https:\/\/www.real.edu.ee\/ajaveeb\/136b\/files\/2018\/11\/46512098_286669998714084_1935041195306647552_n-1024x768.jpg 1024w\" sizes=\"auto, (max-width: 300px) 100vw, 300px\" \/><p id=\"caption-attachment-34\" class=\"wp-caption-text\"><span style=\"font-family: arial, helvetica, sans-serif;font-size: 10pt\">Pildi autor: Mariann<\/span><\/p><\/div>\n<div id=\"attachment_36\" style=\"width: 310px\" class=\"wp-caption alignnone\"><img loading=\"lazy\" decoding=\"async\" aria-describedby=\"caption-attachment-36\" class=\"size-medium wp-image-36\" src=\"http:\/\/www.real.edu.ee\/ajaveeb\/136b\/files\/2018\/11\/46514355_1068614543325237_957129085341925376_n-300x225.jpg\" alt=\"\" width=\"300\" height=\"225\" srcset=\"https:\/\/www.real.edu.ee\/ajaveeb\/136b\/files\/2018\/11\/46514355_1068614543325237_957129085341925376_n-300x225.jpg 300w, https:\/\/www.real.edu.ee\/ajaveeb\/136b\/files\/2018\/11\/46514355_1068614543325237_957129085341925376_n-768x576.jpg 768w, https:\/\/www.real.edu.ee\/ajaveeb\/136b\/files\/2018\/11\/46514355_1068614543325237_957129085341925376_n-1024x768.jpg 1024w\" sizes=\"auto, (max-width: 300px) 100vw, 300px\" \/><p id=\"caption-attachment-36\" class=\"wp-caption-text\"><span style=\"font-family: arial, helvetica, sans-serif;font-size: 10pt\">Pildi autor: Katariina-Liis<\/span><\/p><\/div>\n<p><span style=\"font-family: arial, helvetica, sans-serif;font-size: 10pt\">Hiljem k\u00fclastasime veel J\u00e4gala juga, kus saime teada, mis vahe on kosel ja joal, h\u00fcdroelektrijaama, kust avanes vaade tosinatele kalameestele, ja fossiile t\u00e4is j\u00e4rvekallast, kus n\u00e4gime kristalliseerunud fossiile ning kus paljud leidsid sealse j\u00e4\u00e4 peal \u00fcles oma sisemise iluuisutaja. Kokkuv\u00f5ttes oli ekskursioon \u00fcsna informatiivne ning avardas kindlalt meie silmaringi. Tagasis\u00f5idul otsustasime \u00fchel n\u00f5ul, et meie klass vajab oma s\u00e4rke.<\/span><\/p>\n<div id=\"attachment_35\" style=\"width: 310px\" class=\"wp-caption alignnone\"><img loading=\"lazy\" decoding=\"async\" aria-describedby=\"caption-attachment-35\" class=\"size-medium wp-image-35\" src=\"http:\/\/www.real.edu.ee\/ajaveeb\/136b\/files\/2018\/11\/46504103_801893010163001_2884899721355198464_n-300x225.jpg\" alt=\"\" width=\"300\" height=\"225\" srcset=\"https:\/\/www.real.edu.ee\/ajaveeb\/136b\/files\/2018\/11\/46504103_801893010163001_2884899721355198464_n-300x225.jpg 300w, https:\/\/www.real.edu.ee\/ajaveeb\/136b\/files\/2018\/11\/46504103_801893010163001_2884899721355198464_n-768x576.jpg 768w, https:\/\/www.real.edu.ee\/ajaveeb\/136b\/files\/2018\/11\/46504103_801893010163001_2884899721355198464_n-1024x768.jpg 1024w\" sizes=\"auto, (max-width: 300px) 100vw, 300px\" \/><p id=\"caption-attachment-35\" class=\"wp-caption-text\"><span style=\"font-family: arial, helvetica, sans-serif;font-size: 10pt\">Pildi autor: Mariann<\/span><\/p><\/div>\n<p><span style=\"font-family: arial, helvetica, sans-serif;font-size: 10pt\">Postituse autorid: Mariann, Liisa Mai, Katariina-Liis<\/span><\/p>\n","protected":false},"excerpt":{"rendered":"<p>P\u00e4rast seda, kui olime kollektiivselt oma esimese vaheaja Reaalkooli g\u00fcmnaasiumis maha maganud, leidsime end \u00fchel nukral esmasp\u00e4eva hommikul (30.10.18) j\u00e4llegi taas k\u00f5ik koos koolist. Paljudele hakkas tasapisi kohale j\u00f5udma, et j\u00e4rgmine kord saab magada 7 n\u00e4dala p\u00e4rast ning j\u00e4tsid leplikult korraks k\u00fclla tulnud tervisliku eluviisiga h\u00fcvasti. Meie kriisi leevendas pisut aga avastus, et j\u00e4rgmine p\u00e4ev [&hellip;]<\/p>\n","protected":false},"author":158,"featured_media":0,"comment_status":"closed","ping_status":"open","sticky":false,"template":"","format":"standard","meta":{"footnotes":""},"categories":[2],"tags":[],"class_list":["post-33","post","type-post","status-publish","format-standard","hentry","category-10-klass"],"_links":{"self":[{"href":"https:\/\/www.real.edu.ee\/ajaveeb\/136b\/wp-json\/wp\/v2\/posts\/33","targetHints":{"allow":["GET"]}}],"collection":[{"href":"https:\/\/www.real.edu.ee\/ajaveeb\/136b\/wp-json\/wp\/v2\/posts"}],"about":[{"href":"https:\/\/www.real.edu.ee\/ajaveeb\/136b\/wp-json\/wp\/v2\/types\/post"}],"author":[{"embeddable":true,"href":"https:\/\/www.real.edu.ee\/ajaveeb\/136b\/wp-json\/wp\/v2\/users\/158"}],"replies":[{"embeddable":true,"href":"https:\/\/www.real.edu.ee\/ajaveeb\/136b\/wp-json\/wp\/v2\/comments?post=33"}],"version-history":[{"count":7,"href":"https:\/\/www.real.edu.ee\/ajaveeb\/136b\/wp-json\/wp\/v2\/posts\/33\/revisions"}],"predecessor-version":[{"id":49,"href":"https:\/\/www.real.edu.ee\/ajaveeb\/136b\/wp-json\/wp\/v2\/posts\/33\/revisions\/49"}],"wp:attachment":[{"href":"https:\/\/www.real.edu.ee\/ajaveeb\/136b\/wp-json\/wp\/v2\/media?parent=33"}],"wp:term":[{"taxonomy":"category","embeddable":true,"href":"https:\/\/www.real.edu.ee\/ajaveeb\/136b\/wp-json\/wp\/v2\/categories?post=33"},{"taxonomy":"post_tag","embeddable":true,"href":"https:\/\/www.real.edu.ee\/ajaveeb\/136b\/wp-json\/wp\/v2\/tags?post=33"}],"curies":[{"name":"wp","href":"https:\/\/api.w.org\/{rel}","templated":true}]}}