{"id":159,"date":"2019-05-22T17:51:23","date_gmt":"2019-05-22T14:51:23","guid":{"rendered":"http:\/\/www.real.edu.ee\/ajaveeb\/136b\/?p=159"},"modified":"2019-05-22T17:51:23","modified_gmt":"2019-05-22T14:51:23","slug":"ajarannak-aastasse-1869-02-05-2019","status":"publish","type":"post","link":"https:\/\/www.real.edu.ee\/ajaveeb\/136b\/2019\/05\/22\/ajarannak-aastasse-1869-02-05-2019\/","title":{"rendered":"Ajar\u00e4nnak aastasse 1869, 02.05.2019"},"content":{"rendered":"\n<p style=\"text-align: justify\">G\u00fcmnaasium oli enamjaolt suutnud laenutades v\u00f5i kappides sorides leida endale ajar\u00e4nnakuks 1869. aastasse ajastukohased rahvariided. Klassi piirkond oli P\u00f5lva ja \u00fcrituse raames valmis Kreutzwaldi elulool ja loomingul p\u00f5hinev plakat.\u00a0<\/p>\n<div id=\"attachment_164\" style=\"width: 510px\" class=\"wp-caption alignnone\"><img loading=\"lazy\" decoding=\"async\" aria-describedby=\"caption-attachment-164\" class=\"wp-image-164\" src=\"http:\/\/www.real.edu.ee\/ajaveeb\/136b\/files\/2019\/05\/AV-ajar\u00e4nnak1.png\" alt=\"\" width=\"500\" height=\"445\" srcset=\"https:\/\/www.real.edu.ee\/ajaveeb\/136b\/files\/2019\/05\/AV-ajar\u00e4nnak1.png 364w, https:\/\/www.real.edu.ee\/ajaveeb\/136b\/files\/2019\/05\/AV-ajar\u00e4nnak1-300x267.png 300w\" sizes=\"auto, (max-width: 500px) 100vw, 500px\" \/><p id=\"caption-attachment-164\" class=\"wp-caption-text\">Klassi P\u00f5lva s\u00fcmboolikaga lipp, mis valmis rongk\u00e4iguks<\/p><\/div>\n<p style=\"text-align: justify\">Esimese tunni ajal kogunesid k\u00f5ik traditsioonilises rivistuses (lineikas) saali ning vaatasid muigega meie \u00f5petajate esitatud n\u00e4idendit laulupeo algatamisest. (Eriti uhked olime oma f\u00fc\u00fcsika\u00f5petaja Marko Reediku \u00fcle, kes oma artistlikkusega ei v\u00e4si kunagi \u00fcllatamast, antud juhul Johann Voldemar Jannseni kehastades). Carl Robert Jakobsoni osa t\u00e4itis teine f\u00fc\u00fcsika\u00f5petaja Reivo Maasik. N\u00e4idendis tuli v\u00e4lja, kust Lydia, suurep\u00e4raselt Katri Liis Kaasiku kehastuses, endale kirjanikunime Koidula sai.<\/p>\n<p style=\"text-align: justify\">Seej\u00e4rel olid 9.-11. klassidel esimesed 4 tundi koolis, kus iga \u00f5petaja r\u00e4\u00e4kis \u00f5ppeainest Eestis 150 aastat tagasi. Tunnid olid v\u00e4ga informatiivsed. Emakeele tunnis meenutasime esimese laulupeo aegu ja r\u00e4\u00e4kisime Eesti \u00e4rkamisaja suurkujudest. Bioloogias r\u00e4\u00e4kisime pooleteise sajandi tagustest meditsiinialastest saavutustest ning klassijuhataja jagas kohustuslikult ikka oma lastele kombe\u00f5petust. Matemaatikas jagus ajalugu k\u00fcll 10 minutiks, kuid see-eest saime \u00fclej\u00e4\u00e4nud tunni j\u00e4lle \u00fclesandeid lahendada. Ega Reaalkooli \u00f5pilased muust unistada ei oska. Kas te teadsite, mis j\u00e4rjekorras tuleb trepist \u00fcles k\u00f5ndida? 10.b klass n\u00fc\u00fcd teab.<\/p>\n<p style=\"text-align: justify\">Vahetundides oli v\u00f5imalus vihtuda aulas lustakaid rahvatantse ning lugeda meie Reaali Poisi ajastuh\u00f5ngulist eriv\u00e4ljaannet.<\/p>\n<div id=\"attachment_160\" style=\"width: 510px\" class=\"wp-caption alignnone\"><img loading=\"lazy\" decoding=\"async\" aria-describedby=\"caption-attachment-160\" class=\"wp-image-160\" src=\"http:\/\/www.real.edu.ee\/ajaveeb\/136b\/files\/2019\/05\/AV-ajar\u00e4nnak3.png\" alt=\"\" width=\"500\" height=\"321\" srcset=\"https:\/\/www.real.edu.ee\/ajaveeb\/136b\/files\/2019\/05\/AV-ajar\u00e4nnak3.png 483w, https:\/\/www.real.edu.ee\/ajaveeb\/136b\/files\/2019\/05\/AV-ajar\u00e4nnak3-300x193.png 300w\" sizes=\"auto, (max-width: 500px) 100vw, 500px\" \/><p id=\"caption-attachment-160\" class=\"wp-caption-text\">Rahvatantsud vahetundides<\/p><\/div>\n<div id=\"attachment_161\" style=\"width: 510px\" class=\"wp-caption alignnone\"><img loading=\"lazy\" decoding=\"async\" aria-describedby=\"caption-attachment-161\" class=\"wp-image-161\" src=\"http:\/\/www.real.edu.ee\/ajaveeb\/136b\/files\/2019\/05\/AV-ajar\u00e4nnak4.png\" alt=\"\" width=\"500\" height=\"362\" srcset=\"https:\/\/www.real.edu.ee\/ajaveeb\/136b\/files\/2019\/05\/AV-ajar\u00e4nnak4.png 663w, https:\/\/www.real.edu.ee\/ajaveeb\/136b\/files\/2019\/05\/AV-ajar\u00e4nnak4-300x217.png 300w\" sizes=\"auto, (max-width: 500px) 100vw, 500px\" \/><p id=\"caption-attachment-161\" class=\"wp-caption-text\">Laulupeo programm<\/p><\/div>\n<p style=\"text-align: justify\">P\u00e4rast koolitunde kogunesime koolistaadionile, kuhu t\u00f6\u00f6kas korraldustiim oli juba lintidega maha m\u00e4rkinud, kus inimesed seisma peavad, et realistidest moodustuks suur aastaarv \u201c1869\u201d, mis drooniga \u00fcles pildistati.<\/p>\n<p style=\"text-align: justify\">Kahjuks meie pikalt ette planeeritud p\u00e4evale ilm ei naeratanud ning ajasime l\u00e4bi vihma ja k\u00fclmaga. Sellest hoolimata peeti uhke rongk\u00e4ik l\u00e4bi kesklinna, mis kindlasti paljudele m\u00e4rkamatuks ei j\u00e4\u00e4nud. Kalevi spordihalli j\u00f5udes k\u00f5lasid laulud ning l\u00f5pus said k\u00f5ik rahvariietes jalga keerutada, nagu olekski aasta 1869.<\/p>\n<div id=\"attachment_162\" style=\"width: 510px\" class=\"wp-caption alignnone\"><img loading=\"lazy\" decoding=\"async\" aria-describedby=\"caption-attachment-162\" class=\"wp-image-162\" src=\"http:\/\/www.real.edu.ee\/ajaveeb\/136b\/files\/2019\/05\/AV-ajar\u00e4nnak2.png\" alt=\"\" width=\"500\" height=\"532\" srcset=\"https:\/\/www.real.edu.ee\/ajaveeb\/136b\/files\/2019\/05\/AV-ajar\u00e4nnak2.png 365w, https:\/\/www.real.edu.ee\/ajaveeb\/136b\/files\/2019\/05\/AV-ajar\u00e4nnak2-282x300.png 282w\" sizes=\"auto, (max-width: 500px) 100vw, 500px\" \/><p id=\"caption-attachment-162\" class=\"wp-caption-text\">Aastaarvu 1869 moodustamine kooli staadionil, pilt: Alex<\/p><\/div>\n<p>Autorid: Liisa Mai, Andr\u00e9, Hannah, Triinu (ja piltide autorid)<\/p>\n","protected":false},"excerpt":{"rendered":"<p>G\u00fcmnaasium oli enamjaolt suutnud laenutades v\u00f5i kappides sorides leida endale ajar\u00e4nnakuks 1869. aastasse ajastukohased rahvariided. Klassi piirkond oli P\u00f5lva ja \u00fcrituse raames valmis Kreutzwaldi elulool ja loomingul p\u00f5hinev plakat.\u00a0 Esimese tunni ajal kogunesid k\u00f5ik traditsioonilises rivistuses (lineikas) saali ning vaatasid muigega meie \u00f5petajate esitatud n\u00e4idendit laulupeo algatamisest. (Eriti uhked olime oma f\u00fc\u00fcsika\u00f5petaja Marko Reediku \u00fcle, [&hellip;]<\/p>\n","protected":false},"author":158,"featured_media":0,"comment_status":"closed","ping_status":"open","sticky":false,"template":"","format":"standard","meta":{"footnotes":""},"categories":[1],"tags":[],"class_list":["post-159","post","type-post","status-publish","format-standard","hentry","category-maaratlemata"],"_links":{"self":[{"href":"https:\/\/www.real.edu.ee\/ajaveeb\/136b\/wp-json\/wp\/v2\/posts\/159","targetHints":{"allow":["GET"]}}],"collection":[{"href":"https:\/\/www.real.edu.ee\/ajaveeb\/136b\/wp-json\/wp\/v2\/posts"}],"about":[{"href":"https:\/\/www.real.edu.ee\/ajaveeb\/136b\/wp-json\/wp\/v2\/types\/post"}],"author":[{"embeddable":true,"href":"https:\/\/www.real.edu.ee\/ajaveeb\/136b\/wp-json\/wp\/v2\/users\/158"}],"replies":[{"embeddable":true,"href":"https:\/\/www.real.edu.ee\/ajaveeb\/136b\/wp-json\/wp\/v2\/comments?post=159"}],"version-history":[{"count":1,"href":"https:\/\/www.real.edu.ee\/ajaveeb\/136b\/wp-json\/wp\/v2\/posts\/159\/revisions"}],"predecessor-version":[{"id":165,"href":"https:\/\/www.real.edu.ee\/ajaveeb\/136b\/wp-json\/wp\/v2\/posts\/159\/revisions\/165"}],"wp:attachment":[{"href":"https:\/\/www.real.edu.ee\/ajaveeb\/136b\/wp-json\/wp\/v2\/media?parent=159"}],"wp:term":[{"taxonomy":"category","embeddable":true,"href":"https:\/\/www.real.edu.ee\/ajaveeb\/136b\/wp-json\/wp\/v2\/categories?post=159"},{"taxonomy":"post_tag","embeddable":true,"href":"https:\/\/www.real.edu.ee\/ajaveeb\/136b\/wp-json\/wp\/v2\/tags?post=159"}],"curies":[{"name":"wp","href":"https:\/\/api.w.org\/{rel}","templated":true}]}}