{"id":442,"date":"2017-02-12T00:17:55","date_gmt":"2017-02-11T22:17:55","guid":{"rendered":"http:\/\/www.real.edu.ee\/ajaveeb\/134c\/?p=442"},"modified":"2018-03-25T18:55:42","modified_gmt":"2018-03-25T15:55:42","slug":"maian-poolfinaalis","status":"publish","type":"post","link":"https:\/\/www.real.edu.ee\/ajaveeb\/134c\/2017\/02\/12\/maian-poolfinaalis\/","title":{"rendered":"Maian poolfinaalis"},"content":{"rendered":"<p>12. veebruari \u00f5htul oli suurem osa 10.c klassist \u00e4revalt teleka ees. Telekast tuli Eesti Laulu poolfinaal, kus osales ka meie superstaar Maian. Selle kuu telefoniarve tervel klassil tuleb k\u00fcll paratamatult k\u00fcll veidi suurem, kuid kogu asi oli seda v\u00e4\u00e4rt. MAIAN J\u00d5UDIS EESTI LAULU FINAALI!! Naljakas m\u00f5elda, et Reaalist \u00fcks Villu j\u00fcnger j\u00f5udis nii kaugele ning p\u00fc\u00fcdleb veelgi kaugemale. Loodame, et enne finaali j\u00f5uab superstaar ka vahepeal aega kooli tulla ning nagu Villu \u00fctles loodame, et talle ei hakka ka vihma ninna sadama. Loodame, et Maianil l\u00e4heb v\u00e4ga h\u00e4sti ka finaalis ning meie jaoks liiga hea ei ole. Palju palju \u00f5nne meie superstaar!!! Edu finaalis!<br \/>\n<a href=\"http:\/\/www.real.edu.ee\/ajaveeb\/134c\/files\/2017\/02\/16684806_1248637985172940_2138705370_n.jpg\"><img loading=\"lazy\" decoding=\"async\" src=\"http:\/\/www.real.edu.ee\/ajaveeb\/134c\/files\/2017\/02\/16684806_1248637985172940_2138705370_n-246x300.jpg\" alt=\"\" width=\"246\" height=\"300\" class=\"alignnone size-medium wp-image-443\" srcset=\"https:\/\/www.real.edu.ee\/ajaveeb\/134c\/files\/2017\/02\/16684806_1248637985172940_2138705370_n-246x300.jpg 246w, https:\/\/www.real.edu.ee\/ajaveeb\/134c\/files\/2017\/02\/16684806_1248637985172940_2138705370_n.jpg 722w\" sizes=\"auto, (max-width: 246px) 100vw, 246px\" \/><\/a><\/p>\n","protected":false},"excerpt":{"rendered":"<p>12. veebruari \u00f5htul oli suurem osa 10.c klassist \u00e4revalt teleka ees. Telekast tuli Eesti Laulu poolfinaal, kus osales ka meie superstaar Maian. Selle kuu telefoniarve tervel klassil tuleb k\u00fcll paratamatult k\u00fcll veidi suurem, kuid kogu asi oli seda v\u00e4\u00e4rt. MAIAN J\u00d5UDIS EESTI LAULU FINAALI!! Naljakas m\u00f5elda, et Reaalist \u00fcks Villu j\u00fcnger j\u00f5udis nii kaugele ning [&hellip;]<\/p>\n","protected":false},"author":117,"featured_media":0,"comment_status":"open","ping_status":"open","sticky":false,"template":"","format":"standard","meta":{"footnotes":""},"categories":[10,1],"tags":[],"class_list":["post-442","post","type-post","status-publish","format-standard","hentry","category-10-klass","category-koik"],"_links":{"self":[{"href":"https:\/\/www.real.edu.ee\/ajaveeb\/134c\/wp-json\/wp\/v2\/posts\/442","targetHints":{"allow":["GET"]}}],"collection":[{"href":"https:\/\/www.real.edu.ee\/ajaveeb\/134c\/wp-json\/wp\/v2\/posts"}],"about":[{"href":"https:\/\/www.real.edu.ee\/ajaveeb\/134c\/wp-json\/wp\/v2\/types\/post"}],"author":[{"embeddable":true,"href":"https:\/\/www.real.edu.ee\/ajaveeb\/134c\/wp-json\/wp\/v2\/users\/117"}],"replies":[{"embeddable":true,"href":"https:\/\/www.real.edu.ee\/ajaveeb\/134c\/wp-json\/wp\/v2\/comments?post=442"}],"version-history":[{"count":1,"href":"https:\/\/www.real.edu.ee\/ajaveeb\/134c\/wp-json\/wp\/v2\/posts\/442\/revisions"}],"predecessor-version":[{"id":444,"href":"https:\/\/www.real.edu.ee\/ajaveeb\/134c\/wp-json\/wp\/v2\/posts\/442\/revisions\/444"}],"wp:attachment":[{"href":"https:\/\/www.real.edu.ee\/ajaveeb\/134c\/wp-json\/wp\/v2\/media?parent=442"}],"wp:term":[{"taxonomy":"category","embeddable":true,"href":"https:\/\/www.real.edu.ee\/ajaveeb\/134c\/wp-json\/wp\/v2\/categories?post=442"},{"taxonomy":"post_tag","embeddable":true,"href":"https:\/\/www.real.edu.ee\/ajaveeb\/134c\/wp-json\/wp\/v2\/tags?post=442"}],"curies":[{"name":"wp","href":"https:\/\/api.w.org\/{rel}","templated":true}]}}