{"id":56,"date":"2017-09-10T20:05:29","date_gmt":"2017-09-10T17:05:29","guid":{"rendered":"http:\/\/www.real.edu.ee\/ajaveeb\/134b\/?p=56"},"modified":"2017-09-10T20:07:39","modified_gmt":"2017-09-10T17:07:39","slug":"suvi-oh-suvi-miks-oled-nii-luhike","status":"publish","type":"post","link":"https:\/\/www.real.edu.ee\/ajaveeb\/134b\/2017\/09\/10\/suvi-oh-suvi-miks-oled-nii-luhike\/","title":{"rendered":"Suvi oh suvi, miks oled nii l\u00fchike"},"content":{"rendered":"<p>Kolm kuud kohutavat suusailma on l\u00e4bi ja n\u00fchime kollektiivselt j\u00e4lle koolipinke, kuid mida tegi 134B sellel vaheajal?<\/p>\n<p>Kui k\u00fcsida meie klassis, mis on huvitavaim asi, mis nad see suvi tegid, siis vastused v\u00f5ivad olla j\u00e4rgmised:<\/p>\n<ul>\n<li>Laulsin Saksamaal Paavo J\u00e4rvi k\u00e4e all \u00a0:O<\/li>\n<li>K\u00e4isin Inglismaal s\u00f5brannal k\u00fclas<\/li>\n<li>sain p\u00f5lva affidelt molli<\/li>\n<li>Sain voodist p\u00fcsti \u00fcks kord enne kella 12<\/li>\n<li>Sain langevarjuga Musta mere kohal 100m k\u00f5rgusel lennata, lugesin l\u00e4bi raamatu, tegin rohkem asju s\u00f5pradega kui eelmine suvi ning k\u00f5ige t\u00e4htsamalt &#8211; arenesin inimesena.<\/li>\n<li>K\u00e4isin laulupeol<\/li>\n<li>K\u00e4isin Positivusel<\/li>\n<\/ul>\n<p>ja nii edasi ja nii edasi \ud83d\ude42<\/p>\n<p>&nbsp;<\/p>\n<p>Kuid mida iganes sa teed, \u00e4ra k\u00fcsi vaestelt \u00fcheteistk\u00fcmnendikelt, kuidas neil uurimist\u00f6\u00f6ga l\u00e4heb.<\/p>\n<p><img loading=\"lazy\" decoding=\"async\" class=\"aligncenter wp-image-58 \" src=\"http:\/\/www.real.edu.ee\/ajaveeb\/134b\/files\/2017\/09\/lol.png\" alt=\"\" width=\"650\" height=\"298\" srcset=\"https:\/\/www.real.edu.ee\/ajaveeb\/134b\/files\/2017\/09\/lol.png 713w, https:\/\/www.real.edu.ee\/ajaveeb\/134b\/files\/2017\/09\/lol-300x138.png 300w\" sizes=\"auto, (max-width: 650px) 100vw, 650px\" \/><\/p>\n<p>Suvi oli produktiivne, aga ainult sellest meeldivamast vaatevinklist<\/p>\n","protected":false},"excerpt":{"rendered":"<p>Kolm kuud kohutavat suusailma on l\u00e4bi ja n\u00fchime kollektiivselt j\u00e4lle koolipinke, kuid mida tegi 134B sellel vaheajal? Kui k\u00fcsida meie klassis, mis on huvitavaim asi, mis nad see suvi tegid, siis vastused v\u00f5ivad olla j\u00e4rgmised: Laulsin Saksamaal Paavo J\u00e4rvi k\u00e4e all \u00a0:O K\u00e4isin Inglismaal s\u00f5brannal k\u00fclas sain p\u00f5lva affidelt molli Sain voodist p\u00fcsti \u00fcks kord [&hellip;]<\/p>\n","protected":false},"author":131,"featured_media":0,"comment_status":"closed","ping_status":"open","sticky":false,"template":"","format":"standard","meta":{"footnotes":""},"categories":[1],"tags":[],"class_list":["post-56","post","type-post","status-publish","format-standard","hentry","category-maaratlemata"],"_links":{"self":[{"href":"https:\/\/www.real.edu.ee\/ajaveeb\/134b\/wp-json\/wp\/v2\/posts\/56","targetHints":{"allow":["GET"]}}],"collection":[{"href":"https:\/\/www.real.edu.ee\/ajaveeb\/134b\/wp-json\/wp\/v2\/posts"}],"about":[{"href":"https:\/\/www.real.edu.ee\/ajaveeb\/134b\/wp-json\/wp\/v2\/types\/post"}],"author":[{"embeddable":true,"href":"https:\/\/www.real.edu.ee\/ajaveeb\/134b\/wp-json\/wp\/v2\/users\/131"}],"replies":[{"embeddable":true,"href":"https:\/\/www.real.edu.ee\/ajaveeb\/134b\/wp-json\/wp\/v2\/comments?post=56"}],"version-history":[{"count":6,"href":"https:\/\/www.real.edu.ee\/ajaveeb\/134b\/wp-json\/wp\/v2\/posts\/56\/revisions"}],"predecessor-version":[{"id":64,"href":"https:\/\/www.real.edu.ee\/ajaveeb\/134b\/wp-json\/wp\/v2\/posts\/56\/revisions\/64"}],"wp:attachment":[{"href":"https:\/\/www.real.edu.ee\/ajaveeb\/134b\/wp-json\/wp\/v2\/media?parent=56"}],"wp:term":[{"taxonomy":"category","embeddable":true,"href":"https:\/\/www.real.edu.ee\/ajaveeb\/134b\/wp-json\/wp\/v2\/categories?post=56"},{"taxonomy":"post_tag","embeddable":true,"href":"https:\/\/www.real.edu.ee\/ajaveeb\/134b\/wp-json\/wp\/v2\/tags?post=56"}],"curies":[{"name":"wp","href":"https:\/\/api.w.org\/{rel}","templated":true}]}}