{"id":7,"date":"2016-06-14T12:26:18","date_gmt":"2016-06-14T09:26:18","guid":{"rendered":"http:\/\/www.real.edu.ee\/ajaveeb\/133b\/?p=7"},"modified":"2016-06-14T12:26:18","modified_gmt":"2016-06-14T09:26:18","slug":"energeetika-kursuse-valjasoit-26-05","status":"publish","type":"post","link":"https:\/\/www.real.edu.ee\/ajaveeb\/133b\/2016\/06\/14\/energeetika-kursuse-valjasoit-26-05\/","title":{"rendered":"Energeetika kursuse v\u00e4ljas\u00f5it 26.05"},"content":{"rendered":"<p>Me alustasime oma maagilist retke Harjumaa erinevatesse elektrimajakestesse 26. mail kell 9.00. Miks nii hilja, tahab \u00e4kki keegi teada saada? Vat seet\u00f5ttu, et \u00fchele reaalkooli j\u00f5mpsile omaselt on 45 minutit f\u00fc\u00fcsikat hulga olulisem kui samav\u00e4\u00e4rt rahulik uni. F\u00fc\u00fcsika selja taga, h\u00fcppasime bussi ja pajehali. Lugupeetud \u00f5ppealajuhataja Martin Saar n\u00e4itas ka korraks bussis meile oma n\u00e4gu ja soovis toredat seiklust. Samuti palus Martin Saar meie juhendajatelt TT\u00dcst, et nood ikka enamus meist tagasi tooks. Ausalt \u00f6eldes oli see v\u00e4he hirmutav. \u00d5nneks j\u00f5udsime k\u00f5ik veatult tagasi. Umbkaudselt 30 minutit s\u00f5itsime me kooli juurest esimesse jaama. Sealt vaatasid vastu liinid ja trafod. Esmalt peeti loomulikult ohutusest pikk monoloog. J\u00e4lle hirmutati, aga seekord v\u00e4he leebemalt. N\u00fc\u00fcd valitses oht n\u00e4ppudest ilma j\u00e4\u00e4da. Kiivrid peas ja vestid seljas asusime Harku elektrijaama uudistama. K\u00f5ikjal ahvatlesid erinevad nupud, kuid vajutada \u00fchtki neist ei tohtinud. Muidu \u00e4hvardas n\u00e4ppudest ilma j\u00e4\u00e4mine. \u00dcldiselt valitses kogu ringk\u00e4igu ajal p\u00f5rin, mille t\u00f5en\u00e4oliselt p\u00f5hjustasid trafod. Kiivrid ja vestid kastis ning \u00f5pilased bussis, liiklesime me ettevaatlikult edasi. Aeg m\u00f6\u00f6dus niiv\u00f5rd k\u00e4hku, et alles j\u00f5udsime maha istuda, kui juba kamandati j\u00e4lle p\u00fcsti. V\u00e4ljusime bussist, seekord ilma olulise ohutusmonoloogita, ja \u00fcllatuseks vaatas vastu j\u00f5gi &#8211; j\u00f5udsime Keila-Joale. Tegemist oli kenasti restaureeritud h\u00fcdrolelektrijaamaga. Tutvusime sees taastuvate energiaallikate esitlusega ja t\u00f5ttasime edasi. Bussis olles selgus peatselt, et meid on bussis eelnevaga v\u00f5rreldes tibake rohkem, aga see ei h\u00e4irinud eriti kedagi. Oma pool tundi hiljem maabusime Paldiskis, tuugenite keskel. Tuugenid olid k\u00f5vasti k\u00f5rgemad, kui piltidelt esmapilgul n\u00e4is. Ilm oli p\u00f6\u00f6ranud tuuliseks ning \u00f5ues ei k\u00f5lanud isegi bussi mootorit (asi v\u00f5is olla ka selles, et bussijuht s\u00e4\u00e4stis raha). Kusjuures sellele \u00f5ppek\u00e4igule m\u00e4\u00e4rati meile senistest k\u00f5ige kihvtim bussijuht. Tema ei tahtnud kedagi esiaknast v\u00e4lja lennutada v\u00f5i v\u00e4himal m\u00e4\u00e4ral kellelgi luid murda erinevalt eelnevatest. J\u00e4tkan siis p\u00e4eval\u00f5pu kirjeldamisega. \u00dches\u00f5naga einestasime natuke Paldiski pankrannikul ja suundusime kooli juurde tagasi.<\/p>\n<p>PS V\u00e4ga l\u00f5bus ja arendav \u00f5ppek\u00e4ik sai korraldatud. Lugupidamine TT\u00dc suhtes.<\/p>\n<p style=\"text-align: left\"><a href=\"http:\/\/www.real.edu.ee\/ajaveeb\/133b\/files\/2016\/06\/20160526_113730.jpg\"><img loading=\"lazy\" decoding=\"async\" class=\"alignnone size-medium wp-image-9\" src=\"http:\/\/www.real.edu.ee\/ajaveeb\/133b\/files\/2016\/06\/20160526_113730-300x169.jpg\" alt=\"20160526_113730\" width=\"300\" height=\"169\" srcset=\"https:\/\/www.real.edu.ee\/ajaveeb\/133b\/files\/2016\/06\/20160526_113730-300x169.jpg 300w, https:\/\/www.real.edu.ee\/ajaveeb\/133b\/files\/2016\/06\/20160526_113730-768x432.jpg 768w, https:\/\/www.real.edu.ee\/ajaveeb\/133b\/files\/2016\/06\/20160526_113730-1024x576.jpg 1024w\" sizes=\"auto, (max-width: 300px) 100vw, 300px\" \/><\/a><\/p>\n","protected":false},"excerpt":{"rendered":"<p>Me alustasime oma maagilist retke Harjumaa erinevatesse elektrimajakestesse 26. mail kell 9.00. Miks nii hilja, tahab \u00e4kki keegi teada saada? Vat seet\u00f5ttu, et \u00fchele reaalkooli j\u00f5mpsile omaselt on 45 minutit f\u00fc\u00fcsikat hulga olulisem kui samav\u00e4\u00e4rt rahulik uni. F\u00fc\u00fcsika selja taga, h\u00fcppasime bussi ja pajehali. Lugupeetud \u00f5ppealajuhataja Martin Saar n\u00e4itas ka korraks bussis meile oma n\u00e4gu [&hellip;]<\/p>\n","protected":false},"author":105,"featured_media":0,"comment_status":"closed","ping_status":"open","sticky":false,"template":"","format":"standard","meta":{"footnotes":""},"categories":[2],"tags":[],"class_list":["post-7","post","type-post","status-publish","format-standard","hentry","category-10kl"],"_links":{"self":[{"href":"https:\/\/www.real.edu.ee\/ajaveeb\/133b\/wp-json\/wp\/v2\/posts\/7","targetHints":{"allow":["GET"]}}],"collection":[{"href":"https:\/\/www.real.edu.ee\/ajaveeb\/133b\/wp-json\/wp\/v2\/posts"}],"about":[{"href":"https:\/\/www.real.edu.ee\/ajaveeb\/133b\/wp-json\/wp\/v2\/types\/post"}],"author":[{"embeddable":true,"href":"https:\/\/www.real.edu.ee\/ajaveeb\/133b\/wp-json\/wp\/v2\/users\/105"}],"replies":[{"embeddable":true,"href":"https:\/\/www.real.edu.ee\/ajaveeb\/133b\/wp-json\/wp\/v2\/comments?post=7"}],"version-history":[{"count":1,"href":"https:\/\/www.real.edu.ee\/ajaveeb\/133b\/wp-json\/wp\/v2\/posts\/7\/revisions"}],"predecessor-version":[{"id":13,"href":"https:\/\/www.real.edu.ee\/ajaveeb\/133b\/wp-json\/wp\/v2\/posts\/7\/revisions\/13"}],"wp:attachment":[{"href":"https:\/\/www.real.edu.ee\/ajaveeb\/133b\/wp-json\/wp\/v2\/media?parent=7"}],"wp:term":[{"taxonomy":"category","embeddable":true,"href":"https:\/\/www.real.edu.ee\/ajaveeb\/133b\/wp-json\/wp\/v2\/categories?post=7"},{"taxonomy":"post_tag","embeddable":true,"href":"https:\/\/www.real.edu.ee\/ajaveeb\/133b\/wp-json\/wp\/v2\/tags?post=7"}],"curies":[{"name":"wp","href":"https:\/\/api.w.org\/{rel}","templated":true}]}}