{"id":518,"date":"2018-02-01T21:12:33","date_gmt":"2018-02-01T19:12:33","guid":{"rendered":"http:\/\/www.real.edu.ee\/ajaveeb\/133b\/?p=518"},"modified":"2018-02-07T17:41:35","modified_gmt":"2018-02-07T15:41:35","slug":"vilistlaspaev-piletilaua-vaatenurgast-ehk-mitte-midagi-ei-juhtunud","status":"publish","type":"post","link":"https:\/\/www.real.edu.ee\/ajaveeb\/133b\/2018\/02\/01\/vilistlaspaev-piletilaua-vaatenurgast-ehk-mitte-midagi-ei-juhtunud\/","title":{"rendered":"Vilistlasp\u00e4ev piletilaua vaatenurgast ehk mitte midagi ei juhtunud"},"content":{"rendered":"<p>27. jaanuaril toimus Tallinna Reaalkoolis vilistlasp\u00e4ev, mille korraldamist aitas sunnivii&#8230; vabandust, vabatahlikult l\u00e4bi viia 133. lend. Meie klassi \u00fclesandeks oli tegeleda transpordi ning piletite m\u00fc\u00fcgiga. Kumbki t\u00f6\u00f6 ei sujunud nii h\u00e4sti kui plaanitud. Transpordimehed olid meil keskmisest pisut aeglasema reaktsiooniga ning piletim\u00fc\u00fcjad \u00fcrituse alguses veel veidi segaduses sellest, mis koolimajas \u00fcldse toimub ning mida nad m\u00fc\u00fcma peavad.<\/p>\n<p>Kui esimene ehmatus \u00fcle l\u00e4inud, hakkasid inimesed vaikselt koolimajja voolama. Alguses saabusid kohale vanemate lendude vilistlased, kelle meenutusi oli v\u00e4ga p\u00f5nev kuulata. Paari tunni p\u00e4rast j\u00f5udsid nooremad, kellest nii m\u00f5nigi vahepeal Mauruse pubisse lipsas (vist s\u00f5nast &#8220;tere&#8221; oli \u00f5htu jooksul enamkasutatud s\u00f5nakombinatsioon &#8220;ma j\u00e4tan Teie n\u00e4od meelde&#8221;&#8230; &#8211; nii m\u00f5nigi kartis, et teda enam p\u00e4rast koolimajast lahkumist sisse ei lasta).<\/p>\n<p>K\u00f5ige l\u00f5busam t\u00f6\u00f6 oli olla see, kes luges jooksvalt, kui palju roosasid ning siniseid pileteid m\u00fc\u00fcdi: nagu L\u00e4ti Hendrik, kes keset lahingut kivil istub ja s\u00f5nu ritta seab. Tegelikult oli kogu \u00f5htu kaootiline, sest mingil p\u00f5hjusel tekitas meie eeskujulik &#8220;hinnakiri&#8221; &#8211; tavapilet 5EUR; \u00f5pilased ja pension\u00e4rid 2EUR &#8211; inimestes tahtmatut tungi nalja visata, mist\u00f5ttu tekkis pea iga teise piletiga segadus, kas tegemist on siis ikkagi \u00f5pilasega\/pension\u00e4riga v\u00f5i mitte. Poleks elu sees arvanud, et piletite ostmisel saab nii palju erinevaid &#8220;kilde visata&#8221;. Tundub, et pisut kaootiline oli \u00f5htu ka koorilauljate jaoks, sest kui aktus pidi algama kell 18.00, siis tegelikult marssisisd osa lauljaid kooli alles 18.20 ning meie p\u00e4rimiste peale ei teadnud nemadki \u00f6elda, mis ajal aktus hakkab.<\/p>\n<p>Tundub, et selleaastane vilistlasp\u00e4ev oli \u00fcldjoontes \u00f5nnestunud. Meie k\u00fcll koolimaja fuajeest tol p\u00e4eval edasi ei j\u00f5udnud, kuid inimeste r\u00f5\u00f5msatest n\u00e4gudest (ja olekust) v\u00f5ime j\u00e4reldada, et tegemist oli meeldej\u00e4\u00e4va \u00fcritusega. Loodame j\u00e4rgnevatel aastatel isegi vilistlastena sellest osa v\u00f5tta ja 12ndike oma lollide naljadega piinata:).<\/p>\n<p><a href=\"http:\/\/www.real.edu.ee\/ajaveeb\/133b\/files\/2018\/01\/IMG_1257.jpg\"><img loading=\"lazy\" decoding=\"async\" class=\"alignnone size-medium wp-image-519\" src=\"http:\/\/www.real.edu.ee\/ajaveeb\/133b\/files\/2018\/01\/IMG_1257-300x225.jpg\" alt=\"\" width=\"300\" height=\"225\" srcset=\"https:\/\/www.real.edu.ee\/ajaveeb\/133b\/files\/2018\/01\/IMG_1257-300x225.jpg 300w, https:\/\/www.real.edu.ee\/ajaveeb\/133b\/files\/2018\/01\/IMG_1257-768x576.jpg 768w, https:\/\/www.real.edu.ee\/ajaveeb\/133b\/files\/2018\/01\/IMG_1257-1024x768.jpg 1024w\" sizes=\"auto, (max-width: 300px) 100vw, 300px\" \/><\/a><\/p>\n<p>Johannale anti lihtne, kuid oluline t\u00f6\u00f6 &#8211; kirjutada nn &#8220;hinnakiri&#8221;. Saate vist isegi aru, et ta sellega esimesel korral hakkama k\u00fcll ei saanud&#8230;<\/p>\n","protected":false},"excerpt":{"rendered":"<p>27. jaanuaril toimus Tallinna Reaalkoolis vilistlasp\u00e4ev, mille korraldamist aitas sunnivii&#8230; vabandust, vabatahlikult l\u00e4bi viia 133. lend. Meie klassi \u00fclesandeks oli tegeleda transpordi ning piletite m\u00fc\u00fcgiga. Kumbki t\u00f6\u00f6 ei sujunud nii h\u00e4sti kui plaanitud. Transpordimehed olid meil keskmisest pisut aeglasema reaktsiooniga ning piletim\u00fc\u00fcjad \u00fcrituse alguses veel veidi segaduses sellest, mis koolimajas \u00fcldse toimub ning mida nad [&hellip;]<\/p>\n","protected":false},"author":105,"featured_media":0,"comment_status":"closed","ping_status":"open","sticky":false,"template":"","format":"standard","meta":{"footnotes":""},"categories":[4],"tags":[],"class_list":["post-518","post","type-post","status-publish","format-standard","hentry","category-12kl"],"_links":{"self":[{"href":"https:\/\/www.real.edu.ee\/ajaveeb\/133b\/wp-json\/wp\/v2\/posts\/518","targetHints":{"allow":["GET"]}}],"collection":[{"href":"https:\/\/www.real.edu.ee\/ajaveeb\/133b\/wp-json\/wp\/v2\/posts"}],"about":[{"href":"https:\/\/www.real.edu.ee\/ajaveeb\/133b\/wp-json\/wp\/v2\/types\/post"}],"author":[{"embeddable":true,"href":"https:\/\/www.real.edu.ee\/ajaveeb\/133b\/wp-json\/wp\/v2\/users\/105"}],"replies":[{"embeddable":true,"href":"https:\/\/www.real.edu.ee\/ajaveeb\/133b\/wp-json\/wp\/v2\/comments?post=518"}],"version-history":[{"count":5,"href":"https:\/\/www.real.edu.ee\/ajaveeb\/133b\/wp-json\/wp\/v2\/posts\/518\/revisions"}],"predecessor-version":[{"id":524,"href":"https:\/\/www.real.edu.ee\/ajaveeb\/133b\/wp-json\/wp\/v2\/posts\/518\/revisions\/524"}],"wp:attachment":[{"href":"https:\/\/www.real.edu.ee\/ajaveeb\/133b\/wp-json\/wp\/v2\/media?parent=518"}],"wp:term":[{"taxonomy":"category","embeddable":true,"href":"https:\/\/www.real.edu.ee\/ajaveeb\/133b\/wp-json\/wp\/v2\/categories?post=518"},{"taxonomy":"post_tag","embeddable":true,"href":"https:\/\/www.real.edu.ee\/ajaveeb\/133b\/wp-json\/wp\/v2\/tags?post=518"}],"curies":[{"name":"wp","href":"https:\/\/api.w.org\/{rel}","templated":true}]}}